{"id":37558,"date":"2025-05-20T00:03:23","date_gmt":"2025-05-20T00:03:23","guid":{"rendered":"https:\/\/portalpraties.com.br\/site\/?p=37558"},"modified":"2025-05-20T00:03:23","modified_gmt":"2025-05-20T00:03:23","slug":"vacina-da-gripe-2025-saiba-tudo-sobre-campanha-deste-ano","status":"publish","type":"post","link":"https:\/\/portalpraties.com.br\/site\/2025\/05\/20\/vacina-da-gripe-2025-saiba-tudo-sobre-campanha-deste-ano\/","title":{"rendered":"Vacina da gripe 2025: saiba tudo sobre campanha deste ano"},"content":{"rendered":"\n<p>Confira quem faz parte do grupo priorit\u00e1rio e pode receber o imunizante, al\u00e9m das novidades e diferen\u00e7as na vacina\u00e7\u00e3o<\/p>\n\n\n\n<p>A\u00a0<strong>vacina da gripe<\/strong>\u00a0<strong>deve ser tomada anualmente<\/strong>\u00a0devido \u00e0 constante muta\u00e7\u00e3o do v\u00edrus. A\u00a0<strong>campanha de vacina\u00e7\u00e3o de 2025 teve in\u00edcio em 7 de abril<\/strong>.<\/p>\n\n\n\n<p>Segundo estudo realizado pelo Centro de Controle e Preven\u00e7\u00e3o de Doen\u00e7as dos EUA, a vacina da gripe reduz em 35% o risco de hospitaliza\u00e7\u00e3o associada ao v\u00edrus entre grupos de alto risco. A redu\u00e7\u00e3o foi de 58,7% para pessoas com comorbidades, de 39% para crian\u00e7as pequenas e de 31,2% para idosos.<\/p>\n\n\n\n<p>Pela primeira vez na campanha deste ano, a vacina contra o v\u00edrus influenza passa a ficar dispon\u00edvel em unidades b\u00e1sicas de sa\u00fade de forma permanente, al\u00e9m das campanhas sazonais. Isso quer dizer que as&nbsp;<strong>pessoas que fazem parte do grupo priorit\u00e1rio poder\u00e3o tomar a vacina a qualquer momento do ano.&nbsp;<\/strong><\/p>\n\n\n\n<p>Em 2024, a cobertura vacinal do p\u00fablico priorit\u00e1rio foi 48,89% na regi\u00e3o Norte e 55,19% nas demais regi\u00f5es.<\/p>\n\n\n\n<p>Todos os anos, o Minist\u00e9rio da Sa\u00fade realiza a\u00a0<strong>Campanha Nacional de Vacina\u00e7\u00e3o<\/strong>\u00a0contra a gripe, com a disponibiliza\u00e7\u00e3o do imunizante pelo Sistema \u00danico de Sa\u00fade (SUS). O objetivo do Minist\u00e9rio da Sa\u00fade \u00e9 proteger a popula\u00e7\u00e3o antes do\u00a0aumento da circula\u00e7\u00e3o do v\u00edrus\u00a0Influenza, que costuma ocorrer no outono e no inverno na maior parte do pa\u00eds.<\/p>\n\n\n\n<h2 class=\"wp-block-heading\">Saiba tudo sobre a campanha nacional de vacina\u00e7\u00e3o contra a gripe 2025<\/h2>\n\n\n\n<h3 class=\"wp-block-heading\">Qual o per\u00edodo da campanha?<\/h3>\n\n\n\n<p>A campanha ser\u00e1 realizada em dois momentos distintos:<\/p>\n\n\n\n<ul class=\"wp-block-list\">\n<li><strong>1\u00ba semestre (mar\u00e7o\/abril)<\/strong>: nas regi\u00f5es Nordeste, Centro-Oeste, Sudeste e Sul;<\/li>\n\n\n\n<li><strong>2\u00ba semestre (setembro)<\/strong>: na regi\u00e3o Norte.<\/li>\n<\/ul>\n\n\n\n<p>A escolha de per\u00edodos diferentes ocorre pois no Sul, Sudeste, Centro-Oeste e Nordeste, o pico de casos ocorre no outono e inverno (de abril a junho), enquanto na Regi\u00e3o Norte, a maior circula\u00e7\u00e3o do v\u00edrus acontece no segundo semestre (entre setembro e novembro), per\u00edodo conhecido como \u201cinverno amaz\u00f4nico\u201d.<\/p>\n\n\n\n<p>A partir deste ano, a vacina tamb\u00e9m passa a ficar&nbsp;<strong>dispon\u00edvel em unidades b\u00e1sicas de sa\u00fade de forma permanente, ao longo do ano todo.<\/strong><\/p>\n\n\n\n<h3 class=\"wp-block-heading\">Qual vacina ser\u00e1 aplicada?<\/h3>\n\n\n\n<p>Neste ano, a vacina contra a gripe aplicada no SUS (Sistema \u00danico de Sa\u00fade) durante a campanha de vacina\u00e7\u00e3o \u00e9\u00a0<strong>trivalente<\/strong>. Ela protege contra tr\u00eas cepas diferentes do v\u00edrus, respons\u00e1veis pela maioria dos casos atualmente: a\u00a0<strong>Influenza A\u00a0(H1N1), Influenza A (H3N2)\u00a0<\/strong>e<strong>\u00a0Influenza B<\/strong>.<\/p>\n\n\n\n<p>J\u00e1 na&nbsp;<strong>rede privada<\/strong>, \u00e9 poss\u00edvel encontrar a&nbsp;<strong>vers\u00e3o quadrivalente do imunizante<\/strong>, ou seja, que protege contra quatro cepas: al\u00e9m das tr\u00eas citadas acima, protege tamb\u00e9m contra outra cepa de Influenza B.<\/p>\n\n\n\n<h3 class=\"wp-block-heading\">Quem pode tomar a vacina contra a gripe?<\/h3>\n\n\n\n<p>Os grupos priorit\u00e1rios para a vacina\u00e7\u00e3o contra a gripe pelo SUS s\u00e3o:<\/p>\n\n\n\n<ul class=\"wp-block-list\">\n<li>Crian\u00e7as de 6 meses a menores de 6 anos;<\/li>\n\n\n\n<li>Crian\u00e7as ind\u00edgenas de 6 meses a menores de 9 anos;<\/li>\n\n\n\n<li>Trabalhadores da Sa\u00fade;<\/li>\n\n\n\n<li>Gestantes;<\/li>\n\n\n\n<li>Pu\u00e9rperas;<\/li>\n\n\n\n<li>Professores dos ensinos b\u00e1sico e superior;<\/li>\n\n\n\n<li>Povos ind\u00edgenas;<\/li>\n\n\n\n<li>Idosos com 60 anos ou mais;<\/li>\n\n\n\n<li>Pessoas em situa\u00e7\u00e3o de rua;<\/li>\n\n\n\n<li>Profissionais das for\u00e7as de seguran\u00e7a e de salvamento;<\/li>\n\n\n\n<li>Profissionais das For\u00e7as Armadas;<\/li>\n\n\n\n<li>Pessoas com doen\u00e7as cr\u00f4nicas n\u00e3o transmiss\u00edveis e outras condi\u00e7\u00f5es cl\u00ednicas especiais (independentemente da idade);<\/li>\n\n\n\n<li>Pessoas com defici\u00eancia permanente;<\/li>\n\n\n\n<li>Caminhoneiros;<\/li>\n\n\n\n<li>Trabalhadores do transporte rodovi\u00e1rio coletivo (urbano e de longo curso);<\/li>\n\n\n\n<li>Trabalhadores portu\u00e1rios;<\/li>\n\n\n\n<li>Funcion\u00e1rios do sistema de priva\u00e7\u00e3o de liberdade;<\/li>\n\n\n\n<li>Popula\u00e7\u00e3o privada de liberdade, al\u00e9m de adolescentes e jovens sob medidas socioeducativas (entre 12 e 21 anos).<\/li>\n<\/ul>\n\n\n\n<p>Pessoas que n\u00e3o fazem parte do grupo priorit\u00e1rio podem se vacinar pela rede privada.<\/p>\n\n\n\n<p>O imunizante \u00e9 contraindicado para crian\u00e7as menores de 6 meses e pessoas com hist\u00f3rico de anafilaxia grave ap\u00f3s doses anteriores.<\/p>\n\n\n\n<h3 class=\"wp-block-heading\">Como \u00e9 o esquema de vacina\u00e7\u00e3o?<\/h3>\n\n\n\n<p>O esquema de vacina\u00e7\u00e3o contra a gripe \u00e9 feito da seguinte forma:<\/p>\n\n\n\n<ul class=\"wp-block-list\">\n<li>Para\u00a0<strong>crian\u00e7as entre 6 meses e 8 anos de idade<\/strong>: duas doses na primeira vez em que forem vacinadas (primovacina\u00e7\u00e3o), com intervalo de um m\u00eas e dose \u00fanica nos anos seguintes;<\/li>\n\n\n\n<li>Pessoas\u00a0<strong>a partir de 9 anos<\/strong>: dose \u00fanica anual;<\/li>\n\n\n\n<li>Em situa\u00e7\u00e3o epidemiol\u00f3gica de risco, como surtos ou aumento da circula\u00e7\u00e3o do v\u00edrus influenza fora da temporada da gripe (outono e inverno), pode ser considerada uma segunda dose no mesmo ano para idosos, imunodeprimidos e pacientes com doen\u00e7as cr\u00f4nicas que prejudicam a resposta \u00e0 vacina e aumentam as chances de quadros graves (diab\u00e9ticos, pneumopatas, cardiopatas, entre outros). O intervalo em rela\u00e7\u00e3o \u00e0 dose anual \u00e9 de tr\u00eas meses.<\/li>\n<\/ul>\n\n\n\n<h3 class=\"wp-block-heading\">Tomei a vacina no ano passado, devo me vacinar novamente?<\/h3>\n\n\n\n<p>Sim. As vacinas contra a gripe s\u00e3o atualizadas anualmente e, por isso, mesmo quem j\u00e1 tomou o imunizante em 2024 ou nos anos anteriores&nbsp;<strong>deve se vacinar novamente neste ano<\/strong>. Essa \u00e9 a determina\u00e7\u00e3o da OMS (Organiza\u00e7\u00e3o Mundial da Sa\u00fade).<\/p>\n\n\n\n<h3 class=\"wp-block-heading\">Posso tomar a vacina da gripe com outras vacinas?<\/h3>\n\n\n\n<p>Sim, a\u00a0<strong>vacina da gripe pode ser administrada junto de outras vacinas<\/strong>\u00a0do calend\u00e1rio de imuniza\u00e7\u00e3o nacional,\u00a0como a da Covid-19\u00a0e\u00a0dengue, sem necessidade de intervalo entre elas.<\/p>\n\n\n\n<h3 class=\"wp-block-heading\">A vacina da gripe d\u00e1 rea\u00e7\u00e3o?<\/h3>\n\n\n\n<p>A rea\u00e7\u00e3o pela vacina da gripe \u00e9 pouco comum e, quando ocorre, s\u00e3o sintomas leves e que desaparecem de forma r\u00e1pida. \u00c9 o caso de dor no local da aplica\u00e7\u00e3o, febre baixa, dor muscular e mal-estar. Normalmente, desaparecem ap\u00f3s 48 horas da aplica\u00e7\u00e3o.<\/p>\n\n\n\n<h3 class=\"wp-block-heading\">Pode tomar a vacina estando com gripe ou Covid-19?<\/h3>\n\n\n\n<p>\u00c9 recomendado aguardar 30 dias ap\u00f3s o in\u00edcio dos sintomas de gripe. No caso da\u00a0Covid-19, a recomenda\u00e7\u00e3o \u00e9 aguardar 48 horas do fim dos sintomas iniciais ou da febre.<\/p>\n\n\n\n<p><em><strong>Fonte: cnnbrasil.com.br<\/strong><\/em><\/p>\n","protected":false},"excerpt":{"rendered":"<p>Confira quem faz parte do grupo priorit\u00e1rio e pode receber o imunizante, al\u00e9m das novidades e diferen\u00e7as na vacina\u00e7\u00e3o A\u00a0vacina da gripe\u00a0deve ser tomada anualmente\u00a0devido \u00e0 constante muta\u00e7\u00e3o do v\u00edrus. A\u00a0campanha de vacina\u00e7\u00e3o de 2025 teve in\u00edcio em 7 de abril. Segundo estudo realizado pelo Centro de Controle e Preven\u00e7\u00e3o de Doen\u00e7as dos EUA, a vacina da gripe reduz em [&hellip;]<\/p>\n","protected":false},"author":1,"featured_media":37559,"comment_status":"closed","ping_status":"","sticky":false,"template":"","format":"standard","meta":{"footnotes":""},"categories":[3],"tags":[],"class_list":["post-37558","post","type-post","status-publish","format-standard","has-post-thumbnail","hentry","category-noticias"],"_links":{"self":[{"href":"https:\/\/portalpraties.com.br\/site\/wp-json\/wp\/v2\/posts\/37558","targetHints":{"allow":["GET"]}}],"collection":[{"href":"https:\/\/portalpraties.com.br\/site\/wp-json\/wp\/v2\/posts"}],"about":[{"href":"https:\/\/portalpraties.com.br\/site\/wp-json\/wp\/v2\/types\/post"}],"author":[{"embeddable":true,"href":"https:\/\/portalpraties.com.br\/site\/wp-json\/wp\/v2\/users\/1"}],"replies":[{"embeddable":true,"href":"https:\/\/portalpraties.com.br\/site\/wp-json\/wp\/v2\/comments?post=37558"}],"version-history":[{"count":1,"href":"https:\/\/portalpraties.com.br\/site\/wp-json\/wp\/v2\/posts\/37558\/revisions"}],"predecessor-version":[{"id":37560,"href":"https:\/\/portalpraties.com.br\/site\/wp-json\/wp\/v2\/posts\/37558\/revisions\/37560"}],"wp:featuredmedia":[{"embeddable":true,"href":"https:\/\/portalpraties.com.br\/site\/wp-json\/wp\/v2\/media\/37559"}],"wp:attachment":[{"href":"https:\/\/portalpraties.com.br\/site\/wp-json\/wp\/v2\/media?parent=37558"}],"wp:term":[{"taxonomy":"category","embeddable":true,"href":"https:\/\/portalpraties.com.br\/site\/wp-json\/wp\/v2\/categories?post=37558"},{"taxonomy":"post_tag","embeddable":true,"href":"https:\/\/portalpraties.com.br\/site\/wp-json\/wp\/v2\/tags?post=37558"}],"curies":[{"name":"wp","href":"https:\/\/api.w.org\/{rel}","templated":true}]}}