{"id":37900,"date":"2025-06-17T01:17:43","date_gmt":"2025-06-17T01:17:43","guid":{"rendered":"https:\/\/portalpraties.com.br\/site\/?p=37900"},"modified":"2025-06-17T01:25:56","modified_gmt":"2025-06-17T01:25:56","slug":"junho-vermelho-mes-de-conscientizacao-sobre-a-importancia-da-doacao-de-sangue","status":"publish","type":"post","link":"https:\/\/portalpraties.com.br\/site\/2025\/06\/17\/junho-vermelho-mes-de-conscientizacao-sobre-a-importancia-da-doacao-de-sangue\/","title":{"rendered":"JUNHO VERMELHO &#8211; M\u00eas de Conscientiza\u00e7\u00e3o sobre a Import\u00e2ncia da Doa\u00e7\u00e3o de Sangue"},"content":{"rendered":"\n<p>O \u201cJunho\u00a0Vermelho\u201d \u00e9 uma iniciativa que objetiva conscientizar a popula\u00e7\u00e3o sobre a import\u00e2ncia das doa\u00e7\u00f5es de sangue. Esse m\u00eas foi escolhido por ser um per\u00edodo comumente com baixo \u00edndice de doa\u00e7\u00f5es.\u00a0Isso porque, com a chegada do inverno, muitas pessoas se tornam inaptas para doar devido\u00a0\u00e0 maior incid\u00eancia de infec\u00e7\u00f5es respirat\u00f3rias, al\u00e9m de esse m\u00eas coincidir com o per\u00edodo de f\u00e9rias escolares e, consequentemente, de viagem familiares.\u00a0<\/p>\n\n\n\n<p><strong>Qual a import\u00e2ncia de sermos doadores?&nbsp;<\/strong><\/p>\n\n\n\n<p>A doa\u00e7\u00e3o de&nbsp;sangue, para al\u00e9m de ser um ato solid\u00e1rio, \u00e9 tamb\u00e9m uma a\u00e7\u00e3o essencial que permite ajudar pessoas que necessitam e, assim, salvar vidas. No ambiente hospitalar, existem diversas situa\u00e7\u00f5es em que o estoque de sangue se faz necess\u00e1rio, como por exemplo:&nbsp;<\/p>\n\n\n\n<ul class=\"wp-block-list\">\n<li>Procedimentos cir\u00fargicos;\u00a0<\/li>\n<\/ul>\n\n\n\n<ul class=\"wp-block-list\">\n<li>Transfus\u00f5es em pacientes com doen\u00e7as cr\u00f4nicas;\u00a0<\/li>\n\n\n\n<li>Ap\u00f3s acidentes;\u00a0<\/li>\n<\/ul>\n\n\n\n<p>N\u00e3o apenas nessas situa\u00e7\u00f5es, mas tamb\u00e9m em outras, ter bolsas de sangue dispon\u00edveis \u00e9 importante para garantir um atendimento adequado e suficiente para tentar reverter, solucionar ou amenizar o quadro de um paciente.&nbsp;<\/p>\n","protected":false},"excerpt":{"rendered":"<p>O \u201cJunho\u00a0Vermelho\u201d \u00e9 uma iniciativa que objetiva conscientizar a popula\u00e7\u00e3o sobre a import\u00e2ncia das doa\u00e7\u00f5es de sangue. Esse m\u00eas foi escolhido por ser um per\u00edodo comumente com baixo \u00edndice de doa\u00e7\u00f5es.\u00a0Isso porque, com a chegada do inverno, muitas pessoas se tornam inaptas para doar devido\u00a0\u00e0 maior incid\u00eancia de infec\u00e7\u00f5es respirat\u00f3rias, al\u00e9m de esse m\u00eas coincidir com o per\u00edodo de f\u00e9rias [&hellip;]<\/p>\n","protected":false},"author":1,"featured_media":37901,"comment_status":"closed","ping_status":"","sticky":false,"template":"","format":"standard","meta":{"footnotes":""},"categories":[3],"tags":[],"class_list":["post-37900","post","type-post","status-publish","format-standard","has-post-thumbnail","hentry","category-noticias"],"_links":{"self":[{"href":"https:\/\/portalpraties.com.br\/site\/wp-json\/wp\/v2\/posts\/37900","targetHints":{"allow":["GET"]}}],"collection":[{"href":"https:\/\/portalpraties.com.br\/site\/wp-json\/wp\/v2\/posts"}],"about":[{"href":"https:\/\/portalpraties.com.br\/site\/wp-json\/wp\/v2\/types\/post"}],"author":[{"embeddable":true,"href":"https:\/\/portalpraties.com.br\/site\/wp-json\/wp\/v2\/users\/1"}],"replies":[{"embeddable":true,"href":"https:\/\/portalpraties.com.br\/site\/wp-json\/wp\/v2\/comments?post=37900"}],"version-history":[{"count":2,"href":"https:\/\/portalpraties.com.br\/site\/wp-json\/wp\/v2\/posts\/37900\/revisions"}],"predecessor-version":[{"id":37906,"href":"https:\/\/portalpraties.com.br\/site\/wp-json\/wp\/v2\/posts\/37900\/revisions\/37906"}],"wp:featuredmedia":[{"embeddable":true,"href":"https:\/\/portalpraties.com.br\/site\/wp-json\/wp\/v2\/media\/37901"}],"wp:attachment":[{"href":"https:\/\/portalpraties.com.br\/site\/wp-json\/wp\/v2\/media?parent=37900"}],"wp:term":[{"taxonomy":"category","embeddable":true,"href":"https:\/\/portalpraties.com.br\/site\/wp-json\/wp\/v2\/categories?post=37900"},{"taxonomy":"post_tag","embeddable":true,"href":"https:\/\/portalpraties.com.br\/site\/wp-json\/wp\/v2\/tags?post=37900"}],"curies":[{"name":"wp","href":"https:\/\/api.w.org\/{rel}","templated":true}]}}