{"id":39462,"date":"2025-08-07T01:06:58","date_gmt":"2025-08-07T01:06:58","guid":{"rendered":"https:\/\/portalpraties.com.br\/site\/?p=39462"},"modified":"2025-08-07T01:06:58","modified_gmt":"2025-08-07T01:06:58","slug":"festa-de-aniversario-de-sao-domingos-do-prata-135-anos","status":"publish","type":"post","link":"https:\/\/portalpraties.com.br\/site\/2025\/08\/07\/festa-de-aniversario-de-sao-domingos-do-prata-135-anos\/","title":{"rendered":"Festa de Anivers\u00e1rio de S\u00e3o Domingos do Prata: 135 anos"},"content":{"rendered":"\n<p>A tradicional Festa de Anivers\u00e1rio de S\u00e3o Domingos do Prata aconteceu  do dia 31 de julho a 04 de agosto, a cidade comemorou seus 135 anos na 257\u00aa Festa de S\u00e3o Domingos de Gusm\u00e3o, na Pra\u00e7a da Matriz.<\/p>\n\n\n\n<p>Este evento foi uma grande celebra\u00e7\u00e3o, repleta de f\u00e9, cultura e alegria. Os moradores e visitantes poder\u00e3o participaram de diversas atividades que v\u00e3o animou os cinco dias de festa, incluindo shows, apresenta\u00e7\u00f5es culturais e a tradicional Corrida R\u00fastica.<a href=\"https:\/\/www.facebook.com\/sharer.php?u=https%3A%2F%2Fjornalpanoramaminas.com.br%2Ffesta-de-aniversario-de-sao-domingos-do-prata-135-anos-de-celebracao%2F\" target=\"_blank\" rel=\"noreferrer noopener\"><\/a><\/p>\n","protected":false},"excerpt":{"rendered":"<p>A tradicional Festa de Anivers\u00e1rio de S\u00e3o Domingos do Prata aconteceu do dia 31 de julho a 04 de agosto, a cidade comemorou seus 135 anos na 257\u00aa Festa de S\u00e3o Domingos de Gusm\u00e3o, na Pra\u00e7a da Matriz. Este evento foi uma grande celebra\u00e7\u00e3o, repleta de f\u00e9, cultura e alegria. Os moradores e visitantes poder\u00e3o participaram de diversas atividades que [&hellip;]<\/p>\n","protected":false},"author":1,"featured_media":39187,"comment_status":"closed","ping_status":"","sticky":false,"template":"","format":"standard","meta":{"footnotes":""},"categories":[3],"tags":[],"class_list":["post-39462","post","type-post","status-publish","format-standard","has-post-thumbnail","hentry","category-noticias"],"_links":{"self":[{"href":"https:\/\/portalpraties.com.br\/site\/wp-json\/wp\/v2\/posts\/39462","targetHints":{"allow":["GET"]}}],"collection":[{"href":"https:\/\/portalpraties.com.br\/site\/wp-json\/wp\/v2\/posts"}],"about":[{"href":"https:\/\/portalpraties.com.br\/site\/wp-json\/wp\/v2\/types\/post"}],"author":[{"embeddable":true,"href":"https:\/\/portalpraties.com.br\/site\/wp-json\/wp\/v2\/users\/1"}],"replies":[{"embeddable":true,"href":"https:\/\/portalpraties.com.br\/site\/wp-json\/wp\/v2\/comments?post=39462"}],"version-history":[{"count":1,"href":"https:\/\/portalpraties.com.br\/site\/wp-json\/wp\/v2\/posts\/39462\/revisions"}],"predecessor-version":[{"id":39463,"href":"https:\/\/portalpraties.com.br\/site\/wp-json\/wp\/v2\/posts\/39462\/revisions\/39463"}],"wp:featuredmedia":[{"embeddable":true,"href":"https:\/\/portalpraties.com.br\/site\/wp-json\/wp\/v2\/media\/39187"}],"wp:attachment":[{"href":"https:\/\/portalpraties.com.br\/site\/wp-json\/wp\/v2\/media?parent=39462"}],"wp:term":[{"taxonomy":"category","embeddable":true,"href":"https:\/\/portalpraties.com.br\/site\/wp-json\/wp\/v2\/categories?post=39462"},{"taxonomy":"post_tag","embeddable":true,"href":"https:\/\/portalpraties.com.br\/site\/wp-json\/wp\/v2\/tags?post=39462"}],"curies":[{"name":"wp","href":"https:\/\/api.w.org\/{rel}","templated":true}]}}