{"id":3989,"date":"2021-07-25T00:19:36","date_gmt":"2021-07-25T00:19:36","guid":{"rendered":"http:\/\/portalpraties.com.br\/site\/?p=3989"},"modified":"2021-07-25T00:19:36","modified_gmt":"2021-07-25T00:19:36","slug":"afinal-qual-e-a-diferenca-entre-grafite-e-pichacao","status":"publish","type":"post","link":"https:\/\/portalpraties.com.br\/site\/2021\/07\/25\/afinal-qual-e-a-diferenca-entre-grafite-e-pichacao\/","title":{"rendered":"Afinal, qual \u00e9 a diferen\u00e7a entre grafite e picha\u00e7\u00e3o?"},"content":{"rendered":"\n<p>Fonte: vestibular.uol.com.br<\/p>\n\n\n\n<p>Os muros da avenida 23 de Maio, na cidade de S\u00e3o Paulo, j\u00e1 foram considerados a maior obra de grafite da Am\u00e9rica Latina. Em 2015, o local tinha mais de cinco quil\u00f4metros de paredes grafitadas. <\/p>\n\n\n\n<p>No in\u00edcio deste ano, as paredes da 23 de Maio ficaram mais cinzas. O prefeito Jo\u00e3o Doria decidiu apagar os grafites, em uma a\u00e7\u00e3o que faz parte do programa Cidade Linda, que visa combater a polui\u00e7\u00e3o visual. Apenas oito obras foram mantidas na avenida. As obras remanescentes foram escolhidas pelo seu estado de conserva\u00e7\u00e3o, definindo que seriam apagados grafites que tivessem picha\u00e7\u00f5es por cima. <\/p>\n\n\n\n<p>A a\u00e7\u00e3o causou muita pol\u00eamica. Ativista consideraram a retirada dos grafites um ato arbitr\u00e1rio da Prefeitura de S\u00e3o Paulo, que n\u00e3o teria o entendimento do valor da arte de rua. Com o pretexto de embelezar a cidade, muitas obras de arte foram apagadas e taxadas como picha\u00e7\u00e3o. Como rea\u00e7\u00e3o, pichadores deixaram recados ao prefeito em v\u00e1rios pontos da cidade. O mural do grafiteiro e muralista Eduardo Kobra, na avenida 23 de Maio, foi pichado em protesto contra o apagamento de outras ilustra\u00e7\u00f5es. <\/p>\n\n\n\n<p>Ap\u00f3s a pol\u00eamica, o prefeito voltou atr\u00e1s em algumas decis\u00f5es e anunciou um projeto para permitir a pintura de murais de grafite na cidade, como um \u201cmuseu de arte de rua a c\u00e9u aberto\u201d. Na proposta, um grupo de grafiteiros receber\u00e1 recursos da prefeitura para fazer interven\u00e7\u00f5es em pontos previamente escolhidos da cidade.<\/p>\n\n\n\n<p>&#8220;N\u00f3s n\u00e3o vamos admitir a presen\u00e7a de pichadores. Respeitaremos os muralistas e grafiteiros. Se eles pensam que com ataques, com picha\u00e7\u00f5es v\u00e3o inibir a a\u00e7\u00e3o do prefeito, ao contr\u00e1rio, a perseveran\u00e7a s\u00f3 aumenta para defender a cidade&#8221;, disse Doria. Em fevereiro, Doria sancionou uma lei antipicha\u00e7\u00e3o. Quem pichar im\u00f3veis p\u00fablicos ou privados na cidade pagar\u00e1 multa de R$ 5.000 a R$ 10 mil. No in\u00edcio do ano, dezenas de pichadores foram detidos pela pol\u00edcia. A prefeitura tamb\u00e9m passou a considerar o grafite como manifesta\u00e7\u00e3o art\u00edstica, mas s\u00f3 vai permitir aqueles feitos com autoriza\u00e7\u00e3o do propriet\u00e1rio do bem privado ou com autoriza\u00e7\u00e3o de \u00f3rg\u00e3o competente, no caso de bem p\u00fablico.<\/p>\n\n\n\n<h2 class=\"wp-block-heading\">A confus\u00e3o entre grafite e picha\u00e7\u00e3o <\/h2>\n\n\n\n<p>Qual \u00e9 a diferen\u00e7a entre grafite e picha\u00e7\u00e3o? Ambas s\u00e3o pinturas feitas com tintas spray ou de latas. Ambas s\u00e3o manifesta\u00e7\u00f5es que nasceram no s\u00e9culo XX, dentro de uma produ\u00e7\u00e3o cultural urbana. No entanto, uma \u00e9 mais aceito que a outra. A palavra &#8220;Grafite&#8221; deriva do italiano grafitto, usualmente \u00e9 conceituado como &#8220;inscri\u00e7\u00e3o ou desenho de \u00e9pocas antigas, toscamente riscado \u00e0 ponta ou a carv\u00e3o, em rochas, paredes, vasos etc.&#8221;. Um grafismo seria um desenho ou imagem. <\/p>\n\n\n\n<p>No dicion\u00e1rio Aur\u00e9lio, picha\u00e7\u00e3o possui &#8220;car\u00e1ter pol\u00edtico, escrito em muro de via p\u00fablica&#8221;. \u00c9 associado \u00e0 palavra, mas na pr\u00e1tica, nem toda picha\u00e7\u00e3o busca transmitir uma mensagem pol\u00edtica.<\/p>\n\n\n\n<p>A principal diferen\u00e7a \u00e9 que a picha\u00e7\u00e3o adv\u00e9m da escrita, enquanto o grafite est\u00e1 diretamente relacionado \u00e0 imagem. A distin\u00e7\u00e3o entre as pr\u00e1ticas do grafite e da picha\u00e7\u00e3o \u00e9 algo que acontece especificamente no Brasil. Em pa\u00edses como os Estados Unidos e Col\u00f4mbia, as duas pr\u00e1ticas possuem a mesma nomenclatura: grafite, relacionado a qualquer transcri\u00e7\u00e3o feita na arquitetura urbana. <\/p>\n\n\n\n<p>Em S\u00e3o Paulo, a picha\u00e7\u00e3o \u00e9 conhecida por seus praticantes como &#8220;pixo&#8221;, sem o uso da norma culta. Em geral, o &#8220;pixo&#8221; s\u00e3o assinaturas do apelido do grafiteiro, o nome de um grupo ou um alfabeto (tipografia). Elas foram adotadas por uma parcela de jovens da periferia.<\/p>\n\n\n\n<p> Essa linguagem sempre despertou muita pol\u00eamica. A picha\u00e7\u00e3o \u00e9 arte? Uma grande parcela da popula\u00e7\u00e3o n\u00e3o considera esta manifesta\u00e7\u00e3o est\u00e9tica como algo belo. Essa forma de express\u00e3o \u00e9 comumente associada ao vandalismo, delinqu\u00eancia e polui\u00e7\u00e3o visual. <\/p>\n\n\n\n<p>J\u00e1 o grafite tamb\u00e9m nasceu nas ruas e sempre transitou por esferas de marginalidade da transgress\u00e3o. Cada vez mais, o grafite ganha legitimidade, \u00e9 reconhecido como arte pela sociedade. \u00c9 associado a uma pr\u00e1tica art\u00edstica urbana, que tem como principal aspecto a cidade como dispositivo ou &#8220;tela&#8221;. <\/p>\n\n\n\n<p>Para defensores do &#8220;pixo&#8221;, uma obra n\u00e3o precisa ser necessariamente bela ou autorizada para ser considerada arte. Outros acreditam que o &#8220;pixo&#8221; seria um tipo de interven\u00e7\u00e3o e performance, , r\u00e1pida e transgressora.<\/p>\n\n\n\n<h2 class=\"wp-block-heading\">Uma arte marginal em sua raiz <\/h2>\n\n\n\n<p>O primeiro grafite foi registrado no movimento de contracultura parisiense de 1968. Seus adeptos inscreveram em diversos muros daquela cidade mensagens de cunho pol\u00edtico. Mas naquele contexto, os muros eram pichados para transmitir mensagens pol\u00edticas e de contesta\u00e7\u00e3o. O ato de grafitar se popularizou nos Estados Unidos durante a d\u00e9cada de 1970, especialmente na cidade de Nova York, considerada o ber\u00e7o dessa express\u00e3o art\u00edstica, eu trazia novas caracter\u00edsticas.\u00a0 Ele surgiu dentro de grupos de jovens que viviam nos guetos e periferias e se organizavam em grupos chamados crews.<\/p>\n\n\n\n<p>Eles buscavam deixar a \u201cmarca\u201d ou o nome do grupo na cidade, pichando muros,trens, pr\u00e9dios, ch\u00e3os e monumentos.\u00a0 Circular pela cidade era uma forma de express\u00e3o pessoal, mas tamb\u00e9m de conquista de respeito no grupo.\u00a0 Quanto mais arriscada ou maior a visibilidade do grafite, maior era o prest\u00edgio de seu autor. <\/p>\n\n\n\n<h2 class=\"wp-block-heading\">Grafite e a lei <\/h2>\n\n\n\n<p>A Lei brasileira considera que o Estado deve proibir comportamentos nocivos ao meio ambiente e no espa\u00e7o urbano.\u00a0 Neste sentido, a picha\u00e7\u00e3o pode ser enquadrada como dano ao patrim\u00f4nio ou crime ambiental. Apesar disso, a Constitui\u00e7\u00e3o Federal diz constituir ao patrim\u00f4nio cultural brasileiro as cria\u00e7\u00f5es art\u00edsticas merecendo especial prote\u00e7\u00e3o do Poder P\u00fablico. <\/p>\n\n\n\n<p>Em 2011 entrou em vigor a Lei Federal que passou a considerar o grafite como uma conduta legalizada (diferente da picha\u00e7\u00e3o), desde que exista o consentimento do propriet\u00e1rio, tendo como defini\u00e7\u00e3o \u201cgrafite \u00e9 a pr\u00e1tica que tem como objetivo valorizar o patrim\u00f4nio p\u00fablico e privado mediante a manifesta\u00e7\u00e3o art\u00edstica sob o consentimento de seus propriet\u00e1rios\u201d.<\/p>\n\n\n\n<p>Os pichadores sempre sofreram uma abordagem policial ostensiva. Eles s\u00e3o considerados transgressores e a ilegalidade sempre foi uma quest\u00e3o central na realiza\u00e7\u00e3o dessa atividade. Apesar do grafite j\u00e1 ser reconhecido pela lei, muitos grafiteiros ainda enfrentam problemas com a pol\u00edcia e s\u00e3o enquadrados sob a acusa\u00e7\u00e3o de \u201cpolui\u00e7\u00e3o visual\u201d, resultando em boletim de ocorr\u00eancia.<\/p>\n","protected":false},"excerpt":{"rendered":"<p>Fonte: vestibular.uol.com.br Os muros da avenida 23 de Maio, na cidade de S\u00e3o Paulo, j\u00e1 foram considerados a maior obra de grafite da Am\u00e9rica Latina. Em 2015, o local tinha mais de cinco quil\u00f4metros de paredes grafitadas. No in\u00edcio deste ano, as paredes da 23 de Maio ficaram mais cinzas. O prefeito Jo\u00e3o Doria decidiu apagar os grafites, em uma [&hellip;]<\/p>\n","protected":false},"author":1,"featured_media":3990,"comment_status":"closed","ping_status":"","sticky":false,"template":"","format":"standard","meta":{"footnotes":""},"categories":[3],"tags":[],"class_list":["post-3989","post","type-post","status-publish","format-standard","has-post-thumbnail","hentry","category-noticias"],"_links":{"self":[{"href":"https:\/\/portalpraties.com.br\/site\/wp-json\/wp\/v2\/posts\/3989","targetHints":{"allow":["GET"]}}],"collection":[{"href":"https:\/\/portalpraties.com.br\/site\/wp-json\/wp\/v2\/posts"}],"about":[{"href":"https:\/\/portalpraties.com.br\/site\/wp-json\/wp\/v2\/types\/post"}],"author":[{"embeddable":true,"href":"https:\/\/portalpraties.com.br\/site\/wp-json\/wp\/v2\/users\/1"}],"replies":[{"embeddable":true,"href":"https:\/\/portalpraties.com.br\/site\/wp-json\/wp\/v2\/comments?post=3989"}],"version-history":[{"count":1,"href":"https:\/\/portalpraties.com.br\/site\/wp-json\/wp\/v2\/posts\/3989\/revisions"}],"predecessor-version":[{"id":3991,"href":"https:\/\/portalpraties.com.br\/site\/wp-json\/wp\/v2\/posts\/3989\/revisions\/3991"}],"wp:featuredmedia":[{"embeddable":true,"href":"https:\/\/portalpraties.com.br\/site\/wp-json\/wp\/v2\/media\/3990"}],"wp:attachment":[{"href":"https:\/\/portalpraties.com.br\/site\/wp-json\/wp\/v2\/media?parent=3989"}],"wp:term":[{"taxonomy":"category","embeddable":true,"href":"https:\/\/portalpraties.com.br\/site\/wp-json\/wp\/v2\/categories?post=3989"},{"taxonomy":"post_tag","embeddable":true,"href":"https:\/\/portalpraties.com.br\/site\/wp-json\/wp\/v2\/tags?post=3989"}],"curies":[{"name":"wp","href":"https:\/\/api.w.org\/{rel}","templated":true}]}}