{"id":3992,"date":"2021-07-25T00:28:00","date_gmt":"2021-07-25T00:28:00","guid":{"rendered":"http:\/\/portalpraties.com.br\/site\/?p=3992"},"modified":"2021-07-25T00:28:00","modified_gmt":"2021-07-25T00:28:00","slug":"feiras-organicas-agroecologicas-e-de-produtores-locais-do-campo-a-mesa","status":"publish","type":"post","link":"https:\/\/portalpraties.com.br\/site\/2021\/07\/25\/feiras-organicas-agroecologicas-e-de-produtores-locais-do-campo-a-mesa\/","title":{"rendered":"FEIRAS ORG\u00c2NICAS, AGROECOL\u00d3GICAS E DE PRODUTORES LOCAIS &#8211; DO CAMPO \u00c0 MESA"},"content":{"rendered":"\n<p>Fonte: vivoleve.com.br<\/p>\n\n\n\n<p>Nelas voc\u00ea ir\u00e1 encontrar alimentos fresquinhos, nutritivos e saud\u00e1veis, produzidos com dedica\u00e7\u00e3o e carinho pelos pr\u00f3prios feirantes e suas fam\u00edlias. \u00c9 uma excelente oportunidade para conhecer a hist\u00f3ria de vida dos produtores e saber de onde vem o seu alimento.<\/p>\n\n\n\n<p>Meu objetivo aqui \u00e9 incentivar a ado\u00e7\u00e3o de h\u00e1bitos mais saud\u00e1veis e sustent\u00e1veis, apoiar a agricultura familiar, o pequeno produtor local e estimular a reconex\u00e3o do campo com a cidade, ao buscar uma aproxima\u00e7\u00e3o entre quem produz e quem consome os alimentos.<\/p>\n\n\n\n<p>Afinal, como nos ensina Michael Pollan,&nbsp;<strong>\u201caperte a m\u00e3o que o alimenta\u201d<\/strong>!<\/p>\n\n\n\n<p>A boa not\u00edcia \u00e9 que cada vez mais feiras de produtores locais est\u00e3o surgindo em na regi\u00e3o! \u00c9 um \u00f3timo indicativo de que as pessoas est\u00e3o mais atentas \u00e0 sa\u00fade, \u00e0 proced\u00eancia daquilo que consomem e ao meio ambiente.<\/p>\n\n\n\n<p>Isso \u00e9 motivo de alegria para todos n\u00f3s: os produtores ter\u00e3o mais lugares para expor seus produtos e n\u00f3s teremos mais escolhas ou possibilidades de levar alimentos com qualidade e com melhor custo-benef\u00edcio para casa.<\/p>\n\n\n\n<p>Se voc\u00ea n\u00e3o sabe onde encontrar essas feiras na capital mineira, venha que eu vou te mostrar!<\/p>\n\n\n\n<p>Andei bastante pela cidade para conhecer algumas delas pessoalmente. Conversei com os feirantes, fiz amizades, fui recebida com carinho por v\u00e1rios deles e cheguei a visitar duas produ\u00e7\u00f5es de alimentos org\u00e2nicos:&nbsp;<strong>Projeto Vista Alegre&nbsp;<\/strong>(veja em CSA) e<strong>&nbsp;Cogumelos Do Caminhante<\/strong>.<\/p>\n\n\n\n<h2 class=\"wp-block-heading\"><strong>1. FEIRAS ORG\u00c2NICAS<\/strong><\/h2>\n\n\n\n<p>Todos possuem certificado de Produ\u00e7\u00e3o Org\u00e2nica. Se n\u00e3o estiver afixado em local vis\u00edvel na barraca, pe\u00e7a aos feirantes. Eles ter\u00e3o o maior prazer em mostrar! Esse certificado garante ao consumidor a aquisi\u00e7\u00e3o de um produto mais seguro, de qualidade, livre de adubos qu\u00edmicos e agrot\u00f3xicos e cultivado com consci\u00eancia sustent\u00e1vel e ecol\u00f3gica.<\/p>\n","protected":false},"excerpt":{"rendered":"<p>Fonte: vivoleve.com.br Nelas voc\u00ea ir\u00e1 encontrar alimentos fresquinhos, nutritivos e saud\u00e1veis, produzidos com dedica\u00e7\u00e3o e carinho pelos pr\u00f3prios feirantes e suas fam\u00edlias. \u00c9 uma excelente oportunidade para conhecer a hist\u00f3ria de vida dos produtores e saber de onde vem o seu alimento. Meu objetivo aqui \u00e9 incentivar a ado\u00e7\u00e3o de h\u00e1bitos mais saud\u00e1veis e sustent\u00e1veis, apoiar a agricultura familiar, o [&hellip;]<\/p>\n","protected":false},"author":1,"featured_media":3993,"comment_status":"closed","ping_status":"","sticky":false,"template":"","format":"standard","meta":{"footnotes":""},"categories":[3],"tags":[],"class_list":["post-3992","post","type-post","status-publish","format-standard","has-post-thumbnail","hentry","category-noticias"],"_links":{"self":[{"href":"https:\/\/portalpraties.com.br\/site\/wp-json\/wp\/v2\/posts\/3992","targetHints":{"allow":["GET"]}}],"collection":[{"href":"https:\/\/portalpraties.com.br\/site\/wp-json\/wp\/v2\/posts"}],"about":[{"href":"https:\/\/portalpraties.com.br\/site\/wp-json\/wp\/v2\/types\/post"}],"author":[{"embeddable":true,"href":"https:\/\/portalpraties.com.br\/site\/wp-json\/wp\/v2\/users\/1"}],"replies":[{"embeddable":true,"href":"https:\/\/portalpraties.com.br\/site\/wp-json\/wp\/v2\/comments?post=3992"}],"version-history":[{"count":1,"href":"https:\/\/portalpraties.com.br\/site\/wp-json\/wp\/v2\/posts\/3992\/revisions"}],"predecessor-version":[{"id":3994,"href":"https:\/\/portalpraties.com.br\/site\/wp-json\/wp\/v2\/posts\/3992\/revisions\/3994"}],"wp:featuredmedia":[{"embeddable":true,"href":"https:\/\/portalpraties.com.br\/site\/wp-json\/wp\/v2\/media\/3993"}],"wp:attachment":[{"href":"https:\/\/portalpraties.com.br\/site\/wp-json\/wp\/v2\/media?parent=3992"}],"wp:term":[{"taxonomy":"category","embeddable":true,"href":"https:\/\/portalpraties.com.br\/site\/wp-json\/wp\/v2\/categories?post=3992"},{"taxonomy":"post_tag","embeddable":true,"href":"https:\/\/portalpraties.com.br\/site\/wp-json\/wp\/v2\/tags?post=3992"}],"curies":[{"name":"wp","href":"https:\/\/api.w.org\/{rel}","templated":true}]}}