{"id":4010,"date":"2021-07-25T01:57:26","date_gmt":"2021-07-25T01:57:26","guid":{"rendered":"http:\/\/portalpraties.com.br\/site\/?p=4010"},"modified":"2021-07-25T01:57:26","modified_gmt":"2021-07-25T01:57:26","slug":"poluicao-2","status":"publish","type":"post","link":"https:\/\/portalpraties.com.br\/site\/2021\/07\/25\/poluicao-2\/","title":{"rendered":"Polui\u00e7\u00e3o"},"content":{"rendered":"\n<h2 class=\"wp-block-heading\">No espa\u00e7o geogr\u00e1fico existem diferentes tipos de polui\u00e7\u00e3o que geram problemas tanto nos ambientes ocupados pelas sociedades quanto nas \u00e1reas naturais.<\/h2>\n\n\n\n<p>Fonte: brasilescola.uol.com.br<\/p>\n\n\n\n<p><\/p>\n\n\n\n<p>Um dos mais graves problemas ambientais gerados pela interven\u00e7\u00e3o do homem sobre o meio natural \u00e9 a polui\u00e7\u00e3o, pois prejudica o meio ambiente, inviabiliza o cultivo e o consumo de recursos naturais, provoca desequil\u00edbrios ecol\u00f3gicos e pode amea\u00e7ar a sa\u00fade humana. Por esse motivo, \u00e9 muito importante elucidar essa quest\u00e3o a fim de se desenvolver formas para combater tal ocorr\u00eancia.<\/p>\n\n\n\n<p>Para fins did\u00e1ticos, h\u00e1 uma gen\u00e9rica classifica\u00e7\u00e3o da polui\u00e7\u00e3o que busca segmentar as suas principais a\u00e7\u00f5es, bem como os seus agentes causadores, de forma a melhor compreender o problema. Os tipos de polui\u00e7\u00e3o que podem ser citados s\u00e3o: polui\u00e7\u00e3o atmosf\u00e9rica, polui\u00e7\u00e3o das \u00e1guas, polui\u00e7\u00e3o dos solos, polui\u00e7\u00e3o sonora e polui\u00e7\u00e3o visual.<\/p>\n\n\n\n<p><strong>Polui\u00e7\u00e3o atmosf\u00e9rica<\/strong>:\u00a0envolve a polui\u00e7\u00e3o do ar em geral, causada principalmente pela emiss\u00e3o de poluentes t\u00f3xicos pelas chamin\u00e9s das f\u00e1bricas e tamb\u00e9m pelo escapamento dos ve\u00edculos. A queima de combust\u00edveis f\u00f3sseis, tais como o petr\u00f3leo e seus derivados, al\u00e9m do carv\u00e3o mineral, \u00e9 o principal causador desse tipo de polui\u00e7\u00e3o.<\/p>\n\n\n\n<p><img decoding=\"async\" alt=\"Polui\u00e7\u00e3o atmosf\u00e9rica gerada pela atividade industrial\" src=\"https:\/\/s3.static.brasilescola.uol.com.br\/img\/2015\/01\/poluicao-atmosferica.jpg\"><br>Polui\u00e7\u00e3o atmosf\u00e9rica gerada pela atividade industrial<\/p>\n\n\n\n<p>Os efeitos da polui\u00e7\u00e3o atmosf\u00e9rica s\u00e3o diversos e atuam em escala global e tamb\u00e9m local. Segundo dados de muitos analistas e tamb\u00e9m do Painel de Mudan\u00e7as Clim\u00e1ticas da ONU (IPCC), as atividades humanas t\u00eam gerado uma maior concentra\u00e7\u00e3o de gases causadores do efeito estufa, intensificando o problema do Aquecimento Global. Em escala local, merecem destaque os problemas ambientais gerados nas cidades, como as Ilhas de Calor e a Invers\u00e3o T\u00e9rmica.<\/p>\n\n\n\n<p><strong>Polui\u00e7\u00e3o das \u00e1guas<\/strong>: caracteriza-se pela degrada\u00e7\u00e3o dos recursos h\u00eddricos, resultando na polui\u00e7\u00e3o de lagos, rios, c\u00f3rregos e tamb\u00e9m dos mares e oceanos. \u00c9 causada principalmente pelo derramamento indevido de esgotos, mas tamb\u00e9m pela polui\u00e7\u00e3o das bacias hidrogr\u00e1ficas, pois, durante as chuvas, o lixo \u00e9 conduzidos at\u00e9 o leito dos cursos d&#8217;\u00e1gua. Nos oceanos e mares, uma causa frequente \u00e9 o derramamento de petr\u00f3leo.<\/p>\n\n\n\n<p><img decoding=\"async\" alt=\"A polui\u00e7\u00e3o dos cursos d'\u00e1gua acarreta problemas ambientais\" src=\"https:\/\/s4.static.brasilescola.uol.com.br\/img\/2015\/01\/poluicao-das-aguas.jpg\"><br>A polui\u00e7\u00e3o dos cursos d&#8217;\u00e1gua acarreta problemas ambientais<\/p>\n\n\n\n<p>A polui\u00e7\u00e3o das \u00e1guas dos rios resulta na perda de recursos naturais, principalmente a \u00e1gua pot\u00e1vel, ocasionando tamb\u00e9m o aumento da mortandade de peixes. Por isso, \u00e9 importante conservar os cursos d&#8217;\u00e1gua tanto em \u00e1reas urbanas quanto em ambientes afastados das \u00e1reas de ocupa\u00e7\u00e3o humana. Nos oceanos, a polui\u00e7\u00e3o tamb\u00e9m gera a perda de esp\u00e9cies, afetando em grande medida o ambiente dentro e fora dos mares.<\/p>\n\n\n\n<p><strong>Polui\u00e7\u00e3o dos solos<\/strong>: ocorre atrav\u00e9s da contamina\u00e7\u00e3o ou polui\u00e7\u00e3o generalizada dos solos, afetando as atividades econ\u00f4micas e tamb\u00e9m o ambiente ao seu redor. As principais ocorr\u00eancias s\u00e3o os lixos armazenados em aterros sanit\u00e1rios, onde h\u00e1 a produ\u00e7\u00e3o de um l\u00edquido t\u00f3xico chamado de\u00a0<em>chorume<\/em>, que penetra no subsolo e pode alcan\u00e7ar at\u00e9 o len\u00e7ol fre\u00e1tico. Nos cemit\u00e9rios, a ocorr\u00eancia \u00e9 semelhante.<\/p>\n\n\n\n<p><img decoding=\"async\" alt=\"O excessivo uso de agrot\u00f3xicos prejudica o solo\" src=\"https:\/\/s1.static.brasilescola.uol.com.br\/img\/2015\/01\/poluicao-do-solo.jpg\"><br>O excessivo uso de agrot\u00f3xicos prejudica o solo<\/p>\n\n\n\n<p>Na agricultura, o emprego exagerado de agrot\u00f3xicos para combater a emerg\u00eancia de pragas nas lavouras tamb\u00e9m pode gerar a polui\u00e7\u00e3o dos solos. Com o excesso de res\u00edduos t\u00f3xicos acumulados, o local afetado pode tornar-se inf\u00e9rtil, atrapalhando a agricultura e agravando os problemas ambientais locais. Por isso, o uso com cautela de produtos qu\u00edmicos, al\u00e9m da prefer\u00eancia por adubos org\u00e2nicos, s\u00e3o medidas mais do que necess\u00e1rias para diminuir os preju\u00edzos causados.<\/p>\n\n\n\n<p><strong>Polui\u00e7\u00e3o sonora<\/strong>: s\u00e3o comuns os ambientes urbanos ou com grande aglomera\u00e7\u00e3o de pessoas que geram um excessivo barulho, principalmente no tr\u00e2nsito, equipamentos de constru\u00e7\u00e3o e outros. Os principais danos s\u00e3o \u00e0 sa\u00fade humana, pois o volume m\u00e1ximo de sons que devemos ouvir, segundo a Organiza\u00e7\u00e3o Mundial da Sa\u00fade (OMS), \u00e9 de 65 decib\u00e9is, e, frequentemente, o ambiente das cidades produz sons maiores do que esse.<\/p>\n\n\n\n<p><img decoding=\"async\" alt=\"Obras e constru\u00e7\u00f5es, al\u00e9m do tr\u00e2nsito, aumentam a polui\u00e7\u00e3o sonora nas cidades\" src=\"https:\/\/s5.static.brasilescola.uol.com.br\/img\/2015\/01\/poluicao-sonora.jpg\"><br>Obras e constru\u00e7\u00f5es, al\u00e9m do tr\u00e2nsito, aumentam a polui\u00e7\u00e3o sonora nas cidades<\/p>\n\n\n\n<p><strong>Polui\u00e7\u00e3o visual<\/strong>: \u00e9 causada pelo excesso de publicidades em cartazes,\u00a0<em>outdoors<\/em>, placas e outros espalhados nos ambientes urbanos, caracterizando a grande concentra\u00e7\u00e3o de est\u00edmulos visuais. Apesar de ser aparentemente n\u00e3o agressiva, a polui\u00e7\u00e3o visual pode intensificar ou gerar o estresse, al\u00e9m de tornar o ambiente menos confort\u00e1vel para a ocupa\u00e7\u00e3o humana. Em per\u00edodo eleitoral, esse problema estende-se ao m\u00e1ximo, embora leis recentes tenham sido elaboradas para atenuar esses efeitos.<\/p>\n\n\n\n<p><img decoding=\"async\" alt=\"A polui\u00e7\u00e3o visual gera problemas no espa\u00e7o urbano\" src=\"https:\/\/s4.static.brasilescola.uol.com.br\/img\/2015\/01\/poluicao-visual.jpg\"><br>A polui\u00e7\u00e3o visual gera problemas no espa\u00e7o urbano<\/p>\n","protected":false},"excerpt":{"rendered":"<p>No espa\u00e7o geogr\u00e1fico existem diferentes tipos de polui\u00e7\u00e3o que geram problemas tanto nos ambientes ocupados pelas sociedades quanto nas \u00e1reas naturais. Fonte: brasilescola.uol.com.br Um dos mais graves problemas ambientais gerados pela interven\u00e7\u00e3o do homem sobre o meio natural \u00e9 a polui\u00e7\u00e3o, pois prejudica o meio ambiente, inviabiliza o cultivo e o consumo de recursos naturais, provoca desequil\u00edbrios ecol\u00f3gicos e pode [&hellip;]<\/p>\n","protected":false},"author":1,"featured_media":4011,"comment_status":"closed","ping_status":"","sticky":false,"template":"","format":"standard","meta":{"footnotes":""},"categories":[3],"tags":[],"class_list":["post-4010","post","type-post","status-publish","format-standard","has-post-thumbnail","hentry","category-noticias"],"_links":{"self":[{"href":"https:\/\/portalpraties.com.br\/site\/wp-json\/wp\/v2\/posts\/4010","targetHints":{"allow":["GET"]}}],"collection":[{"href":"https:\/\/portalpraties.com.br\/site\/wp-json\/wp\/v2\/posts"}],"about":[{"href":"https:\/\/portalpraties.com.br\/site\/wp-json\/wp\/v2\/types\/post"}],"author":[{"embeddable":true,"href":"https:\/\/portalpraties.com.br\/site\/wp-json\/wp\/v2\/users\/1"}],"replies":[{"embeddable":true,"href":"https:\/\/portalpraties.com.br\/site\/wp-json\/wp\/v2\/comments?post=4010"}],"version-history":[{"count":1,"href":"https:\/\/portalpraties.com.br\/site\/wp-json\/wp\/v2\/posts\/4010\/revisions"}],"predecessor-version":[{"id":4012,"href":"https:\/\/portalpraties.com.br\/site\/wp-json\/wp\/v2\/posts\/4010\/revisions\/4012"}],"wp:featuredmedia":[{"embeddable":true,"href":"https:\/\/portalpraties.com.br\/site\/wp-json\/wp\/v2\/media\/4011"}],"wp:attachment":[{"href":"https:\/\/portalpraties.com.br\/site\/wp-json\/wp\/v2\/media?parent=4010"}],"wp:term":[{"taxonomy":"category","embeddable":true,"href":"https:\/\/portalpraties.com.br\/site\/wp-json\/wp\/v2\/categories?post=4010"},{"taxonomy":"post_tag","embeddable":true,"href":"https:\/\/portalpraties.com.br\/site\/wp-json\/wp\/v2\/tags?post=4010"}],"curies":[{"name":"wp","href":"https:\/\/api.w.org\/{rel}","templated":true}]}}