{"id":40180,"date":"2025-08-26T00:39:29","date_gmt":"2025-08-26T00:39:29","guid":{"rendered":"https:\/\/portalpraties.com.br\/site\/?p=40180"},"modified":"2025-08-26T00:39:29","modified_gmt":"2025-08-26T00:39:29","slug":"ipe-amarelo-a-arvore-exuberante-que-e-simbolo-do-brasil","status":"publish","type":"post","link":"https:\/\/portalpraties.com.br\/site\/2025\/08\/26\/ipe-amarelo-a-arvore-exuberante-que-e-simbolo-do-brasil\/","title":{"rendered":"Ip\u00ea-amarelo: a \u00e1rvore exuberante que \u00e9 s\u00edmbolo do Brasil\u00a0"},"content":{"rendered":"\n<p>O ip\u00ea-amarelo \u00e9 uma das \u00e1rvores mais admiradas do Brasil, reconhecida por sua flora\u00e7\u00e3o exuberante e amarela intensa que marca o fim da esta\u00e7\u00e3o seca e o in\u00edcio das chuvas em v\u00e1rias regi\u00f5es do pa\u00eds.\u00a0Mas o fasc\u00ednio pelo ip\u00ea-amarelo vai al\u00e9m da est\u00e9tica. Essa \u00e1rvore, que pode ser vista em parques, avenidas e jardins, tamb\u00e9m tem papel fundamental no equil\u00edbrio ambiental: atrai polinizadores, melhora a qualidade do ar e contribui com projetos de reflorestamento e arboriza\u00e7\u00e3o urbana.<\/p>\n\n\n\n<h2 class=\"wp-block-heading\">Ip\u00ea-amarelo flor: origem e significado<\/h2>\n\n\n\n<p>A palavra \u201cip\u00ea\u201d vem do tupi e significa \u201c\u00e1rvore de casca grossa\u201d. Pertencente aos g\u00eaneros&nbsp;<em>Tabebuia<\/em>&nbsp;e&nbsp;<em>Handroanthus<\/em>, na cultura brasileira, o&nbsp;<strong>ip\u00ea-amarelo \u00e9 associado \u00e0 vitalidade, resist\u00eancia e esperan\u00e7a<\/strong>. N\u00e3o por acaso, foi declarado como a Flor Nacional do Brasil durante o governo de J\u00e2nio Quadros, tamanha sua representatividade e beleza.<\/p>\n\n\n\n<h2 class=\"wp-block-heading\">Qual \u00e9 a \u00e9poca de flora\u00e7\u00e3o do ip\u00ea-amarelo?<\/h2>\n\n\n\n<p>A flora\u00e7\u00e3o do ip\u00ea-amarelo costuma ocorrer entre julho e setembro. Durante este per\u00edodo, a \u00e1rvore n\u00e3o s\u00f3 exibe suas flores em tom amarelo vibrante, mas tamb\u00e9m perde suas folhas, sendo uma das poucas esp\u00e9cies nativas dec\u00edduas do Brasil. Este fen\u00f4meno ocorre devido ao chamado estresse h\u00eddrico necess\u00e1rio para a flora\u00e7\u00e3o.<\/p>\n","protected":false},"excerpt":{"rendered":"<p>O ip\u00ea-amarelo \u00e9 uma das \u00e1rvores mais admiradas do Brasil, reconhecida por sua flora\u00e7\u00e3o exuberante e amarela intensa que marca o fim da esta\u00e7\u00e3o seca e o in\u00edcio das chuvas em v\u00e1rias regi\u00f5es do pa\u00eds.\u00a0Mas o fasc\u00ednio pelo ip\u00ea-amarelo vai al\u00e9m da est\u00e9tica. Essa \u00e1rvore, que pode ser vista em parques, avenidas e jardins, tamb\u00e9m tem papel fundamental no equil\u00edbrio [&hellip;]<\/p>\n","protected":false},"author":1,"featured_media":40181,"comment_status":"closed","ping_status":"","sticky":false,"template":"","format":"standard","meta":{"footnotes":""},"categories":[3],"tags":[],"class_list":["post-40180","post","type-post","status-publish","format-standard","has-post-thumbnail","hentry","category-noticias"],"_links":{"self":[{"href":"https:\/\/portalpraties.com.br\/site\/wp-json\/wp\/v2\/posts\/40180","targetHints":{"allow":["GET"]}}],"collection":[{"href":"https:\/\/portalpraties.com.br\/site\/wp-json\/wp\/v2\/posts"}],"about":[{"href":"https:\/\/portalpraties.com.br\/site\/wp-json\/wp\/v2\/types\/post"}],"author":[{"embeddable":true,"href":"https:\/\/portalpraties.com.br\/site\/wp-json\/wp\/v2\/users\/1"}],"replies":[{"embeddable":true,"href":"https:\/\/portalpraties.com.br\/site\/wp-json\/wp\/v2\/comments?post=40180"}],"version-history":[{"count":1,"href":"https:\/\/portalpraties.com.br\/site\/wp-json\/wp\/v2\/posts\/40180\/revisions"}],"predecessor-version":[{"id":40182,"href":"https:\/\/portalpraties.com.br\/site\/wp-json\/wp\/v2\/posts\/40180\/revisions\/40182"}],"wp:featuredmedia":[{"embeddable":true,"href":"https:\/\/portalpraties.com.br\/site\/wp-json\/wp\/v2\/media\/40181"}],"wp:attachment":[{"href":"https:\/\/portalpraties.com.br\/site\/wp-json\/wp\/v2\/media?parent=40180"}],"wp:term":[{"taxonomy":"category","embeddable":true,"href":"https:\/\/portalpraties.com.br\/site\/wp-json\/wp\/v2\/categories?post=40180"},{"taxonomy":"post_tag","embeddable":true,"href":"https:\/\/portalpraties.com.br\/site\/wp-json\/wp\/v2\/tags?post=40180"}],"curies":[{"name":"wp","href":"https:\/\/api.w.org\/{rel}","templated":true}]}}