{"id":40187,"date":"2025-09-06T21:49:30","date_gmt":"2025-09-06T21:49:30","guid":{"rendered":"https:\/\/portalpraties.com.br\/site\/?p=40187"},"modified":"2025-09-06T21:49:30","modified_gmt":"2025-09-06T21:49:30","slug":"7-09-data-historica-para-ocupar-as-ruas-e-defender-a-soberania-do-brasil","status":"publish","type":"post","link":"https:\/\/portalpraties.com.br\/site\/2025\/09\/06\/7-09-data-historica-para-ocupar-as-ruas-e-defender-a-soberania-do-brasil\/","title":{"rendered":"7\/09: data hist\u00f3rica para ocupar as ruas e defender a soberania do Brasil"},"content":{"rendered":"\n<p>O dia 7 de setembro \u00e9 uma data hist\u00f3rica, quando se comemora a independ\u00eancia do Brasil. Ser\u00e1 a data certa ser\u00e1 para o povo brasileiro ocupar as ruas, avenidas e pra\u00e7as das capitais e das cidades pa\u00eds afora para defender o pa\u00eds das amea\u00e7as \u00e0 sua soberania e tamb\u00e9m fortalecer a nossa democracia.<\/p>\n\n\n\n<p>Para isso, o Partido dos Trabalhadores, as Frentes Brasil Popular e Povo Sem Medo, centrais sindicais, partidos progressistas, representa\u00e7\u00f5es religiosas e movimentos sociais que organizam a mobiliza\u00e7\u00e3o nacional \u201c<strong>Povo Independente \u00e9 Povo Soberano<\/strong>\u201d, e convocam suas milit\u00e2ncias e a sociedade civil para se engajar na defesa dos interesses nacionais de amea\u00e7as externas.<\/p>\n\n\n\n<p><strong>Confira a programa\u00e7\u00e3o atualizada da Mobiliza\u00e7\u00e3o Nacional \u2013 7 de Setembro \u2013 31\u00ba Grito dos Exclu\u00eddos \u2013 Povo Independente e Povo Soberano<\/strong><\/p>\n\n\n\n<p>AL \u2013 Macei\u00f3 | Pra\u00e7a da Faculdade, \u00e0s 08h<br>AP- Macap\u00e1 | Concentra\u00e7\u00e3o: \u2018Hospital do Amor\u2019 \u2013 R. Carlos Daniel, 456 \u2013 Infraero II, \u00e0s 7h<br>BA \u2013 Salvador | Campo Grande, \u00e0s 9h<br>BA \u2013 Souto Soares | Concentra\u00e7\u00e3o na Pra\u00e7a Raul Soares, \u00e0s 09h<br>CE \u2013 Fortaleza | Praia do Futuro, \u00e0s 8h<br>DF \u2013 Bras\u00edlia | Pra\u00e7a Zumbi dos Palmares (CONIC), \u00e0s 10h<br>ES \u2013 Esp\u00edrito Santo | concentra\u00e7\u00e3o na Pra\u00e7a Portal do Pr\u00edncipe, \u00e0s 8h30<br>GO \u2013 Goi\u00e2nia | Pra\u00e7a do Trabalhador, \u00e0s 8h30<br>MG \u2013 Belo Horizonte | Pra\u00e7a Raul Soares, \u00e0s 9h<br>MS \u2013 Campo Grande | Cruzamento da Rua 13 de maio com Dom Aquino, \u00e0s 8h<br>MT \u2013 C\u00e1ceres | Sal\u00e3o da Matriz S\u00e3o Sebasti\u00e3o, Rua Rodrigues Alves, 201, Cidade Nova, \u00e0s 07h<br>PA \u2013 Bel\u00e9m | Concentra\u00e7\u00e3o na avenida. Mal. Hermes, 3 \u2013 Campina (Escadinha do cais do Porto), \u00e0s 9h<br>PE \u2013 Recife | Parque 13 de maio, \u00e0s 9h<br>PE \u2013 Recife | Pedal Grito dos Exclu\u00eddos \u2013 sa\u00edda \u00e0s 09h do Prq. da Jaqueira, rumo ao Prq. 13 de Maio<br>PR \u2013 Curitiba | Rua Desembargador Oscar Carvalho e Silva, Vila Pantanal, \u00e0s 09h RS \u2013 Porto Alegre | Ponte de Pedra, Largo do A\u00e7orianos, 14h<br>RJ \u2013 Rio de Janeiro | Rua Uruguaiana com avenida Presidente Vargas (metr\u00f4), Centro, \u00e0s 9h<br>RN \u2013 Natal | Pra\u00e7a da Flores, Petr\u00f3polis, \u00e0s 9h<br>RR \u2013 Boa Vista | Palco Aderval da Rocha, em frente \u00e0 Pra\u00e7a Germano Sampaio, no bairro Pintol\u00e2ndia, \u00e0s 15h30<br>SC \u2013 Florian\u00f3polis | Parque da Luz, \u00e0s 08h30*<br>SE \u2013 Aracaj\u00fa | Pra\u00e7a da Catedral Metropolitana de Aracaj\u00fa, em meio ao desfile das escolas, \u00e0s 09h<br>SP \u2013 Aparecida | concentra\u00e7\u00e3o no porto e segue em caminhada at\u00e9 a bas\u00edlica, a partir das 7h \u2013 (organiza\u00e7\u00e3o: Pastoral da igreja de Aparecida)<br>SP \u2013 Mau\u00e1\/ABCDMRR | In\u00edcio com Santa Missa \u2013 Santu\u00e1rio Imaculada Concei\u00e7\u00e3o: Pra\u00e7a Mons. Alexandre V. Arminas 01, Bairro Matriz, 8h30<br>SP \u2013 Santana do Parna\u00edba | Largo da Matriz, s\/n, Centro, \u00e0s 14h<br>SP \u2013 S\u00e3o Paulo | Pra\u00e7a da S\u00e9, a partir das 7h00, com caf\u00e9 da manh\u00e3 para as pessoas em situa\u00e7\u00e3o de rua; ato \u00e0s 9h00 e 10h30 caminhada para o centro.<br>SP \u2013 S\u00e3o Paulo | Pra\u00e7a da Rep\u00fablica, \u00e0s 9h<br>SP \u2013 S\u00e3o Sebasti\u00e3o | Rua da praia \u2013 S\u00e3o Sebasti\u00e3o \u2013 9hr<\/p>\n\n\n\n<p><\/p>\n\n\n\n<p><\/p>\n\n\n\n<p>Fonte: pt.org.com<\/p>\n","protected":false},"excerpt":{"rendered":"<p>O dia 7 de setembro \u00e9 uma data hist\u00f3rica, quando se comemora a independ\u00eancia do Brasil. Ser\u00e1 a data certa ser\u00e1 para o povo brasileiro ocupar as ruas, avenidas e pra\u00e7as das capitais e das cidades pa\u00eds afora para defender o pa\u00eds das amea\u00e7as \u00e0 sua soberania e tamb\u00e9m fortalecer a nossa democracia. Para isso, o Partido dos Trabalhadores, as [&hellip;]<\/p>\n","protected":false},"author":1,"featured_media":40188,"comment_status":"closed","ping_status":"","sticky":false,"template":"","format":"standard","meta":{"footnotes":""},"categories":[3],"tags":[],"class_list":["post-40187","post","type-post","status-publish","format-standard","has-post-thumbnail","hentry","category-noticias"],"_links":{"self":[{"href":"https:\/\/portalpraties.com.br\/site\/wp-json\/wp\/v2\/posts\/40187","targetHints":{"allow":["GET"]}}],"collection":[{"href":"https:\/\/portalpraties.com.br\/site\/wp-json\/wp\/v2\/posts"}],"about":[{"href":"https:\/\/portalpraties.com.br\/site\/wp-json\/wp\/v2\/types\/post"}],"author":[{"embeddable":true,"href":"https:\/\/portalpraties.com.br\/site\/wp-json\/wp\/v2\/users\/1"}],"replies":[{"embeddable":true,"href":"https:\/\/portalpraties.com.br\/site\/wp-json\/wp\/v2\/comments?post=40187"}],"version-history":[{"count":1,"href":"https:\/\/portalpraties.com.br\/site\/wp-json\/wp\/v2\/posts\/40187\/revisions"}],"predecessor-version":[{"id":40189,"href":"https:\/\/portalpraties.com.br\/site\/wp-json\/wp\/v2\/posts\/40187\/revisions\/40189"}],"wp:featuredmedia":[{"embeddable":true,"href":"https:\/\/portalpraties.com.br\/site\/wp-json\/wp\/v2\/media\/40188"}],"wp:attachment":[{"href":"https:\/\/portalpraties.com.br\/site\/wp-json\/wp\/v2\/media?parent=40187"}],"wp:term":[{"taxonomy":"category","embeddable":true,"href":"https:\/\/portalpraties.com.br\/site\/wp-json\/wp\/v2\/categories?post=40187"},{"taxonomy":"post_tag","embeddable":true,"href":"https:\/\/portalpraties.com.br\/site\/wp-json\/wp\/v2\/tags?post=40187"}],"curies":[{"name":"wp","href":"https:\/\/api.w.org\/{rel}","templated":true}]}}