{"id":4035,"date":"2021-07-31T19:03:59","date_gmt":"2021-07-31T19:03:59","guid":{"rendered":"http:\/\/portalpraties.com.br\/site\/?p=4035"},"modified":"2021-07-31T19:03:59","modified_gmt":"2021-07-31T19:03:59","slug":"como-sera-o-protocolo-para-o-retorno-de-publico-aos-estadios-no-2o-semestre","status":"publish","type":"post","link":"https:\/\/portalpraties.com.br\/site\/2021\/07\/31\/como-sera-o-protocolo-para-o-retorno-de-publico-aos-estadios-no-2o-semestre\/","title":{"rendered":"Como ser\u00e1 o protocolo para o retorno de p\u00fablico aos est\u00e1dios no 2\u00ba semestre"},"content":{"rendered":"\n<p>Fonte: uol.com.br<\/p>\n\n\n\n<p>CBF e clubes querem criar um protocolo para o retorno gradual do p\u00fablico aos est\u00e1dios. Importante: o plano \u00e9 a m\u00e9dio prazo, n\u00e3o para o momento atual em que a segunda onda da pandemia de covid-19 tem matado em m\u00e9dia 3 mil brasileiros por dia. O assunto foi tratado no conselho t\u00e9cnico da S\u00e9rie A, na semana retrasada. Uma comiss\u00e3o deve ser formada para montar um projeto que seja considerado vi\u00e1vel, mas j\u00e1 h\u00e1 ideias em um esbo\u00e7o. <\/p>\n\n\n\n<p>A previs\u00e3o otimista dos cartolas para reabrir os port\u00f5es \u00e9 em meados de setembro, para o segundo turno do Brasileir\u00e3o portanto. Mas tudo vai depender da vacina\u00e7\u00e3o da popula\u00e7\u00e3o: se antes de setembro boa parte dos brasileiros j\u00e1 estiver imunizado, pode at\u00e9 haver uma antecipa\u00e7\u00e3o no projeto. Para isso, por\u00e9m, CBF e clubes acham importante criar o protocolo e definir se haver\u00e1 restri\u00e7\u00e3o de acesso num primeiro momento.<\/p>\n\n\n\n<p>Um documento sobre o retorno do p\u00fablico a ser divulgado nas pr\u00f3ximas semanas tem que responder importantes perguntas, na avalia\u00e7\u00e3o dos interessados: <\/p>\n\n\n\n<p>1) Num primeiro momento \u00e9 mais seguro liberar acesso aos est\u00e1dios apenas de pessoas vacinadas? \u00c9 poss\u00edvel criar uma log\u00edstica para isso? Alguns pa\u00edses, como os EUA, est\u00e3o criando aplicativos que identifiquem pessoas vacinadas para entrada em arenas esportivas. Ou \u00e9 mais vi\u00e1vel liberar o acesso &#8220;apenas&#8221; a pessoas com teste PCR para covid-19 negativo?<\/p>\n\n\n\n<p>2) Qual a capacidade de assentos a ser liberada que d\u00ea seguran\u00e7a aos torcedores, j\u00e1 que n\u00e3o se imagina que nos pr\u00f3ximos meses, mesmo que a vacina\u00e7\u00e3o ganhe velocidade, haver\u00e1 afrouxamento das regras de isolamento social?<\/p>\n\n\n\n<p> A CBF usa como modelo o Mundial de Clubes da Fifa, disputado no Qatar em fevereiro e que teve acesso de p\u00fablico. S\u00e3o torneios com caracter\u00edsticas diferentes, j\u00e1 que um \u00e9 de tiro curto, de apenas dez dias em sede \u00fanica, e o Brasileir\u00e3o dura meses em um pa\u00eds de tamanho continental como o Brasil. Mas h\u00e1 li\u00e7\u00f5es a se tirar:<\/p>\n\n\n\n<p>&#8211; a Fifa liberou 50% da capacidade dos est\u00e1dios, apenas a residentes no Qatar. Inicialmente iria liberar 30%, mas a alguns dias do torneio come\u00e7ar aumentou essa capacidade de assentos justamente porque boa parte da popula\u00e7\u00e3o recebeu a vacina.<\/p>\n\n\n\n<p> &#8211; Era exigido um teste PCR negativo feito at\u00e9 72 horas antes do jogo, mas se o torcedor j\u00e1 tivesse as duas doses de vacina havia a libera\u00e7\u00e3o para acompanhar as partidas.<\/p>\n\n\n\n<p>A CBF quer que al\u00e9m de m\u00e9dicos, participem do debate membros do Minist\u00e9rio P\u00fablico. Entidade e clubes querem ter o aval de promotores para o projeto, j\u00e1 que em alguns estados \u00e9 o MP que tem recomendado aos governos que o futebol pare por causa da pandemia. A ideia inicial \u00e9 que se libere 30% da capacidade dos est\u00e1dios e depois aumente gradualmente \u2014 ningu\u00e9m acredita que passe dos 50% em 2021. Abrir os port\u00f5es \u00e9 importante para minimizar o preju\u00edzo dos clubes, que se repetir\u00e1 em 2021. Em 2020, por exemplo, o Flamengo deixou de ganhar cerca de R$ 100 milh\u00f5es sem receber torcedores no Maracan\u00e3. O Palmeiras teve queda na receita de aproximadamente R$ 75 milh\u00f5es com os port\u00f5es do Allia.<\/p>\n","protected":false},"excerpt":{"rendered":"<p>Fonte: uol.com.br CBF e clubes querem criar um protocolo para o retorno gradual do p\u00fablico aos est\u00e1dios. Importante: o plano \u00e9 a m\u00e9dio prazo, n\u00e3o para o momento atual em que a segunda onda da pandemia de covid-19 tem matado em m\u00e9dia 3 mil brasileiros por dia. O assunto foi tratado no conselho t\u00e9cnico da S\u00e9rie A, na semana retrasada. [&hellip;]<\/p>\n","protected":false},"author":1,"featured_media":4036,"comment_status":"closed","ping_status":"","sticky":false,"template":"","format":"standard","meta":{"footnotes":""},"categories":[3],"tags":[],"class_list":["post-4035","post","type-post","status-publish","format-standard","has-post-thumbnail","hentry","category-noticias"],"_links":{"self":[{"href":"https:\/\/portalpraties.com.br\/site\/wp-json\/wp\/v2\/posts\/4035","targetHints":{"allow":["GET"]}}],"collection":[{"href":"https:\/\/portalpraties.com.br\/site\/wp-json\/wp\/v2\/posts"}],"about":[{"href":"https:\/\/portalpraties.com.br\/site\/wp-json\/wp\/v2\/types\/post"}],"author":[{"embeddable":true,"href":"https:\/\/portalpraties.com.br\/site\/wp-json\/wp\/v2\/users\/1"}],"replies":[{"embeddable":true,"href":"https:\/\/portalpraties.com.br\/site\/wp-json\/wp\/v2\/comments?post=4035"}],"version-history":[{"count":1,"href":"https:\/\/portalpraties.com.br\/site\/wp-json\/wp\/v2\/posts\/4035\/revisions"}],"predecessor-version":[{"id":4037,"href":"https:\/\/portalpraties.com.br\/site\/wp-json\/wp\/v2\/posts\/4035\/revisions\/4037"}],"wp:featuredmedia":[{"embeddable":true,"href":"https:\/\/portalpraties.com.br\/site\/wp-json\/wp\/v2\/media\/4036"}],"wp:attachment":[{"href":"https:\/\/portalpraties.com.br\/site\/wp-json\/wp\/v2\/media?parent=4035"}],"wp:term":[{"taxonomy":"category","embeddable":true,"href":"https:\/\/portalpraties.com.br\/site\/wp-json\/wp\/v2\/categories?post=4035"},{"taxonomy":"post_tag","embeddable":true,"href":"https:\/\/portalpraties.com.br\/site\/wp-json\/wp\/v2\/tags?post=4035"}],"curies":[{"name":"wp","href":"https:\/\/api.w.org\/{rel}","templated":true}]}}