{"id":4055,"date":"2021-08-09T02:27:07","date_gmt":"2021-08-09T02:27:07","guid":{"rendered":"http:\/\/portalpraties.com.br\/site\/?p=4055"},"modified":"2021-08-09T02:27:07","modified_gmt":"2021-08-09T02:27:07","slug":"ministerios-da-educacao-e-saude-estabelecem-protocolo-para-retorno-seguro-as-aulas","status":"publish","type":"post","link":"https:\/\/portalpraties.com.br\/site\/2021\/08\/09\/ministerios-da-educacao-e-saude-estabelecem-protocolo-para-retorno-seguro-as-aulas\/","title":{"rendered":"Minist\u00e9rios da Educa\u00e7\u00e3o e Sa\u00fade estabelecem protocolo para retorno seguro \u00e0s aulas"},"content":{"rendered":"\n<h2 class=\"wp-block-heading\">As recomenda\u00e7\u00f5es seguem os protocolos atendendo condi\u00e7\u00f5es necess\u00e1rias para a seguran\u00e7a de alunos e profissionais da educa\u00e7\u00e3o b\u00e1sica<\/h2>\n\n\n\n<p>Fonte: gov.br<\/p>\n\n\n\n<p>Os minist\u00e9rios da Educa\u00e7\u00e3o e Sa\u00fade assinaram portaria com diretrizes gerais para o retorno presencial das aulas, atendendo condi\u00e7\u00f5es necess\u00e1rias para a seguran\u00e7a de alunos e profissionais da educa\u00e7\u00e3o b\u00e1sica. O documento foi assinado pelos ministros da Educa\u00e7\u00e3o, Milton Ribeiro, e da Sa\u00fade, Marcelo Queiroga, nesta quarta-feira (4).\u00a0<\/p>\n\n\n\n<p>\u201cN\u00f3s sabemos que o advento da tecnologia traz a possibilidade das aulas a dist\u00e2ncia, mas uma aula a dist\u00e2ncia nunca vai suprir as aulas presenciais, sobretudo no ensino b\u00e1sico. Porque as crian\u00e7as, elas n\u00e3o t\u00eam ali somente as li\u00e7\u00f5es, elas tamb\u00e9m t\u00eam seguran\u00e7a alimentar, elas t\u00eam a rela\u00e7\u00e3o interpessoal, que s\u00e3o fundamentais para a forma\u00e7\u00e3o educacional\u201d, afirmou Marcelo Queiroga.&nbsp;<\/p>\n\n\n\n<p>As medidas previstas na portaria tamb\u00e9m poder\u00e3o ser aplicadas na educa\u00e7\u00e3o profissional e tecnol\u00f3gica de n\u00edvel m\u00e9dio. As redes estaduais e municipais de ensino continuam com autonomia para organiza\u00e7\u00e3o de seus sistemas. Os estabelecimentos de ensino contar\u00e3o com apoio t\u00e9cnico para o retorno imediato e gradual das aulas presenciais por meio do Programa Sa\u00fade na Escola (PSE) do MEC, em parceria com o Minist\u00e9rio da Sa\u00fade.<\/p>\n\n\n\n<p>As recomenda\u00e7\u00f5es contidas na portaria seguem os protocolos de biosseguran\u00e7a j\u00e1 estabelecidos pelo MEC e pelo Minist\u00e9rio da Sa\u00fade. A portaria ser\u00e1 publicada no Di\u00e1rio Oficial da Uni\u00e3o.&nbsp;<\/p>\n\n\n\n<h3 class=\"wp-block-heading\">Vacina\u00e7\u00e3o<\/h3>\n\n\n\n<p>O ministro da Educa\u00e7\u00e3o, Milton Ribeiro, destacou que para o retorno mais seguro os profissionais de educa\u00e7\u00e3o passaram a fazer parte do grupo priorit\u00e1rio de vacina\u00e7\u00e3o.&nbsp; O Minist\u00e9rio da Sa\u00fade j\u00e1 enviou doses da vacina Covid-19 para imunizar, com pelo menos a primeira dose, 100% dos trabalhadores da educa\u00e7\u00e3o do ensino b\u00e1sico e ensino superior dos estados e Distrito Federal.&nbsp;<\/p>\n\n\n\n<p>\u201cHoje j\u00e1 temos, praticamente, as vacinas necess\u00e1rias distribu\u00eddas em todos os lugares, em todos os estados\u201d, afirmou Ribeiro.&nbsp;<\/p>\n\n\n\n<p>De acordo com o Minist\u00e9rio da Sa\u00fade, mais de 3,2 milh\u00f5es de profissionais da educa\u00e7\u00e3o do ensino b\u00e1sico j\u00e1 tomaram a primeira dose e mais de 594 mil est\u00e3o com o ciclo vacinal completo ou tomaram a vacina de dose \u00fanica. Entre os profissionais do ensino superior, mais de 343,9 mil j\u00e1 tomaram a primeira dose e 35 mil a dose \u00fanica ou as duas doses da vacina.<\/p>\n\n\n\n<p>\u201cDesejo que a na\u00e7\u00e3o brasileira possa retomar as aulas para que a gente possa tentar voltar \u00e0 normalidade no \u00e2mbito da educa\u00e7\u00e3o\u201d, disse Milton Ribeiro.&nbsp;<\/p>\n\n\n\n<h3 class=\"wp-block-heading\">Retorno seguro&nbsp;<\/h3>\n\n\n\n<p>Entre as orienta\u00e7\u00f5es para um retorno seguro est\u00e3o:&nbsp;<\/p>\n\n\n\n<ul class=\"wp-block-list\"><li>Higiene das m\u00e3os.<\/li><li>Distanciamento entre mesas e cadeiras.<\/li><li>Uso de m\u00e1scaras e capacita\u00e7\u00e3o dos profissionais. A m\u00e1scara tamb\u00e9m deve ser utilizada durante atividades f\u00edsicas. Al\u00e9m disso, deve ser mantida quantidade suficiente de m\u00e1scaras para as trocas durante o per\u00edodo de perman\u00eancia na escola, considerando o per\u00edodo m\u00e1ximo de uso de 3 horas para m\u00e1scara de tecido e 4 horas para m\u00e1scara cir\u00fargica, ou trocas sempre que estiverem \u00famidas ou sujas.<\/li><li>Manuten\u00e7\u00e3o de ambientes ventilados.<\/li><li>Escalonamento no hor\u00e1rio de entrada e sa\u00edda dos estudantes e os intervalos entre as turmas<\/li><li>Medi\u00e7\u00e3o de temperatura de estudantes e profissionais ao chegarem no ambiente escolar<\/li><li>Evitar o uso de \u00e1reas comuns, como bibliotecas, parquinhos, p\u00e1tios e quadras. No caso da pr\u00e1tica de atividade f\u00edsica, optar sempre que poss\u00edvel por atividades individuais e ao ar livre.<\/li><li>Evitar ao m\u00e1ximo uso de materiais coletivos e o compartilhamento de materiais. Orientar ainda que os estudantes levem suas garrafas de \u00e1gua, evitando a utiliza\u00e7\u00e3o de bebedouros coletivos e o compartilhamento de garrafas.<\/li><li>Se for identificado um aluno com sintomas de s\u00edndrome gripal, a escola deve acionar os respons\u00e1veis e orientar o comparecimento a uma Unidade B\u00e1sica de Sa\u00fade (UBS). Os pais ou respons\u00e1veis dos estudantes e os profissionais de educa\u00e7\u00e3o tamb\u00e9m devem comunicar a escola do aparecimento de sinais, bem como se teve\/tem contato pr\u00f3ximo com caso confirmado ou suspeito de Covid-19. Em situa\u00e7\u00e3o de caso confirmado, deve-se providenciar limpeza e desinfec\u00e7\u00e3o imediata do ambiente. Os profissionais e a comunidade escolar devem ser informados, e as atividades escolares devem ser reavaliadas.<\/li><\/ul>\n\n\n\n<p><em>Com informa\u00e7\u00f5es do\u00a0Minist\u00e9rio da Sa\u00fade<\/em><\/p>\n","protected":false},"excerpt":{"rendered":"<p>As recomenda\u00e7\u00f5es seguem os protocolos atendendo condi\u00e7\u00f5es necess\u00e1rias para a seguran\u00e7a de alunos e profissionais da educa\u00e7\u00e3o b\u00e1sica Fonte: gov.br Os minist\u00e9rios da Educa\u00e7\u00e3o e Sa\u00fade assinaram portaria com diretrizes gerais para o retorno presencial das aulas, atendendo condi\u00e7\u00f5es necess\u00e1rias para a seguran\u00e7a de alunos e profissionais da educa\u00e7\u00e3o b\u00e1sica. O documento foi assinado pelos ministros da Educa\u00e7\u00e3o, Milton Ribeiro, [&hellip;]<\/p>\n","protected":false},"author":1,"featured_media":4056,"comment_status":"closed","ping_status":"","sticky":false,"template":"","format":"standard","meta":{"footnotes":""},"categories":[3],"tags":[],"class_list":["post-4055","post","type-post","status-publish","format-standard","has-post-thumbnail","hentry","category-noticias"],"_links":{"self":[{"href":"https:\/\/portalpraties.com.br\/site\/wp-json\/wp\/v2\/posts\/4055","targetHints":{"allow":["GET"]}}],"collection":[{"href":"https:\/\/portalpraties.com.br\/site\/wp-json\/wp\/v2\/posts"}],"about":[{"href":"https:\/\/portalpraties.com.br\/site\/wp-json\/wp\/v2\/types\/post"}],"author":[{"embeddable":true,"href":"https:\/\/portalpraties.com.br\/site\/wp-json\/wp\/v2\/users\/1"}],"replies":[{"embeddable":true,"href":"https:\/\/portalpraties.com.br\/site\/wp-json\/wp\/v2\/comments?post=4055"}],"version-history":[{"count":1,"href":"https:\/\/portalpraties.com.br\/site\/wp-json\/wp\/v2\/posts\/4055\/revisions"}],"predecessor-version":[{"id":4057,"href":"https:\/\/portalpraties.com.br\/site\/wp-json\/wp\/v2\/posts\/4055\/revisions\/4057"}],"wp:featuredmedia":[{"embeddable":true,"href":"https:\/\/portalpraties.com.br\/site\/wp-json\/wp\/v2\/media\/4056"}],"wp:attachment":[{"href":"https:\/\/portalpraties.com.br\/site\/wp-json\/wp\/v2\/media?parent=4055"}],"wp:term":[{"taxonomy":"category","embeddable":true,"href":"https:\/\/portalpraties.com.br\/site\/wp-json\/wp\/v2\/categories?post=4055"},{"taxonomy":"post_tag","embeddable":true,"href":"https:\/\/portalpraties.com.br\/site\/wp-json\/wp\/v2\/tags?post=4055"}],"curies":[{"name":"wp","href":"https:\/\/api.w.org\/{rel}","templated":true}]}}