{"id":4064,"date":"2021-08-09T02:50:54","date_gmt":"2021-08-09T02:50:54","guid":{"rendered":"http:\/\/portalpraties.com.br\/site\/?p=4064"},"modified":"2021-08-09T02:50:54","modified_gmt":"2021-08-09T02:50:54","slug":"escola-desempenha-papel-importante-na-rede-de-protecao-a-criancas-e-adolescentes","status":"publish","type":"post","link":"https:\/\/portalpraties.com.br\/site\/2021\/08\/09\/escola-desempenha-papel-importante-na-rede-de-protecao-a-criancas-e-adolescentes\/","title":{"rendered":"ESCOLA DESEMPENHA PAPEL IMPORTANTE NA REDE DE PROTE\u00c7\u00c3O A CRIAN\u00c7AS E ADOLESCENTES"},"content":{"rendered":"\n<p>Fonte: institutounibanco.org.br<\/p>\n\n\n\n<p>Segundo\u00a0relat\u00f3rio\u00a0da organiza\u00e7\u00e3o n\u00e3o governamental (ONG) World Vision, at\u00e9 85 milh\u00f5es de crian\u00e7as e adolescentes, entre 2 e 17 anos, poder\u00e3o se somar \u00e0s v\u00edtimas de viol\u00eancia f\u00edsica, emocional e sexual nos pr\u00f3ximos meses em todo o mundo em fun\u00e7\u00e3o do isolamento social decorrente da pandemia de Covid-19. O n\u00famero representa um aumento que pode variar de 20% a 32% da m\u00e9dia anual das estat\u00edsticas oficiais. \u201cIronicamente, embora a quarentena vise manter as crian\u00e7as protegidas, a medida pode isolar meninas e meninas em lares inseguros\u201d, destaca o documento.<\/p>\n\n\n\n<p>No Brasil, segundo dados da Ouvidoria Nacional de Direitos Humanos (ONDH), apenas em abril, foram registradas 19.663 den\u00fancias de viol\u00eancia sexual contra menores, o que representa um aumento de 47% em rela\u00e7\u00e3o ao mesmo per\u00edodo no ano passado. Em mar\u00e7o, o aumento foi de 85% em rela\u00e7\u00e3o a 2019.<\/p>\n\n\n\n<p>A ONU Mulheres tamb\u00e9m divulgou\u00a0relat\u00f3rio\u00a0chamando a aten\u00e7\u00e3o para o aumento dos casos de viol\u00eancia dom\u00e9stica contra mulheres e meninas em diversos pa\u00edses, como Argentina, Canad\u00e1, Fran\u00e7a, Alemanha, Espanha, Reino Unido e Estados Unidos, identificado pelo n\u00famero crescente de den\u00fancias e de demanda por abrigo de emerg\u00eancia. A organiza\u00e7\u00e3o lembra ainda que a conjuntura atual agrava um quadro de viola\u00e7\u00e3o de direitos j\u00e1 existente, o que levou a diretora executiva da entidade a se referir aos casos como \u201cpandemia invis\u00edvel\u201d. Nos 12 meses anteriores ao lan\u00e7amento do relat\u00f3rio (em abril), 243 milh\u00f5es de mulheres e meninas de 15 a 49 anos em todo o mundo foram submetidas \u00e0 viol\u00eancia sexual ou f\u00edsica por um parceiro \u00edntimo.<\/p>\n\n\n\n<p>Al\u00e9m da maior exposi\u00e7\u00e3o \u00e0 viol\u00eancia, organiza\u00e7\u00f5es e militantes dos direitos da inf\u00e2ncia e adolesc\u00eancia alertam ainda para os casos de automutila\u00e7\u00e3o, para o aumento da ocorr\u00eancia de trabalho infantil e da aus\u00eancia de condi\u00e7\u00f5es b\u00e1sicas de vida, como moradia e seguran\u00e7a alimentar, ocasionada pelo empobrecimento das fam\u00edlias.<\/p>\n\n\n\n<h2 class=\"wp-block-heading\"><strong>A escola na rede de prote\u00e7\u00e3o<\/strong><\/h2>\n\n\n\n<p>A escola \u00e9 uma das institui\u00e7\u00f5es que comp\u00f5em a chamada rede de prote\u00e7\u00e3o \u00e0 inf\u00e2ncia e adolesc\u00eancia. Juntamente com atores de outras \u00e1reas, como Sa\u00fade e Assist\u00eancia Social, os profissionais da educa\u00e7\u00e3o devem zelar pelos direitos da popula\u00e7\u00e3o dessa faixa et\u00e1ria, previstos no Estatuto da Crian\u00e7a e Adolescente (ECA).<\/p>\n\n\n\n<p>\u201cAs crian\u00e7as e adolescentes n\u00e3o est\u00e3o frequentando escolas, isso dificulta ainda mais para os professores, por exemplo, identificarem situa\u00e7\u00f5es de viol\u00eancia psicol\u00f3gica, f\u00edsica ou sexual. A escola \u00e9 uma importante refer\u00eancia para as crian\u00e7as e muito comumente s\u00e3o as escolas que fazem as notifica\u00e7\u00f5es de viol\u00eancia contra crian\u00e7as e adolescentes\u201d, afirmou ao G1 a professora do Programa de P\u00f3s-Gradua\u00e7\u00e3o em Psicologia da Pontif\u00edcia Universidade Cat\u00f3lica do Rio Grande do Sul (PUC-RS), Lu\u00edsa Habigzang. A professora coordenou a elabora\u00e7\u00e3o de uma&nbsp;<a href=\"https:\/\/www.ufrgs.br\/colegiodeaplicacao\/wp-content\/uploads\/2020\/05\/Cartilha-Isolamento-durante-COVID-19-e-Viol%C3%AAncia-dentro-de-Casa.pdf\" target=\"_blank\" rel=\"noreferrer noopener\">cartilha<\/a>&nbsp;para o enfrentamento da viol\u00eancia dom\u00e9stica durante a pandemia.<\/p>\n\n\n\n<p>Ainda que distantes fisicamente, \u00e9 importante que os professores sigam, dentro do poss\u00edvel, em contato com os alunos e dediquem aten\u00e7\u00e3o especial aos estudantes j\u00e1 identificados como em situa\u00e7\u00e3o de maior vulnerabilidade. Essas s\u00e3o algumas das indica\u00e7\u00f5es que constam em\u00a0Recomenda\u00e7\u00e3o Administrativa\u00a0expedida pelo Minist\u00e9rio P\u00fablico do Paran\u00e1 para que o sistema de ensino (escolas municipais, estaduais e privadas) d\u00ea continuidade \u00e0 preven\u00e7\u00e3o e prote\u00e7\u00e3o contra poss\u00edveis viol\u00eancias cometidas no \u00e2mbito dom\u00e9stico e que o \u00f3rg\u00e3o observa que t\u00eam sido subnotificadas em fun\u00e7\u00e3o do contexto atual.<\/p>\n\n\n\n<div class=\"wp-block-image\"><figure class=\"aligncenter\"><img decoding=\"async\" src=\"https:\/\/www.institutounibanco.org.br\/wp-content\/uploads\/2020\/06\/sinais-info-492x1024.png\" alt=\"\" class=\"wp-image-10390\"\/><\/figure><\/div>\n\n\n\n<h2 class=\"wp-block-heading\"><strong>Identifica\u00e7\u00e3o dos sinais<\/strong><\/h2>\n\n\n\n<p>Com o objetivo de evitar a evas\u00e3o, muitas escolas v\u00eam realizando o monitoramento dos alunos que est\u00e3o realizando as atividades remotas propostas e entrando em contato com os respons\u00e1veis para averiguar o que est\u00e1 acontecendo no caso daqueles que n\u00e3o est\u00e3o acompanhando. A identifica\u00e7\u00e3o de sinais de viol\u00eancia e a abordagem das v\u00edtimas, no entanto, n\u00e3o \u00e9 simples e exige uma s\u00e9rie de cuidados. No Uruguai, a Administraci\u00f3n Nacional de Educacion P\u00fablica (\u00f3rg\u00e3o respons\u00e1vel pela gest\u00e3o da educa\u00e7\u00e3o p\u00fablica no pa\u00eds) criou um guia voltado a gestores e professores, com orienta\u00e7\u00f5es e protocolos institucionais de resposta \u00e0 identifica\u00e7\u00e3o e\/ou den\u00fancia de casos de viol\u00eancia e maus-tratos contra estudantes ou algu\u00e9m em seu n\u00facleo familiar. O material foi preparado levando em considera\u00e7\u00e3o as especificidades do per\u00edodo de suspens\u00e3o de aulas. Entre as orienta\u00e7\u00f5es est\u00e3o formas de acolher a den\u00fancia, como escutar a v\u00edtima de forma adequada, fazendo questionamentos relevantes para compreender a situa\u00e7\u00e3o e comunicar formalmente a dire\u00e7\u00e3o escolar e os \u00f3rg\u00e3os competentes.<\/p>\n\n\n\n<p>As organiza\u00e7\u00f5es e organismos multilaterais tamb\u00e9m vem reiterando a import\u00e2ncia de toda a sociedade estar atenta \u00e0 quest\u00e3o e conhecer os canais de den\u00fancia. E exigindo do poder p\u00fablico a adequa\u00e7\u00e3o e amplia\u00e7\u00e3o dos servi\u00e7os de atendimento \u00e0s crian\u00e7as e adolescentes v\u00edtimas de viol\u00eancia em meio \u00e0 pandemia de Covid-19, assegurando, por exemplo, a atua\u00e7\u00e3o dos Conselhos Tutelares e do Sistema de Justi\u00e7a. Isso porque a subnotifica\u00e7\u00e3o \u00e9 um dos principais entraves no combate \u00e0 viol\u00eancia sexual, por exemplo.<\/p>\n\n\n\n<p>\u201cMuitos \u00f3rg\u00e3os est\u00e3o com as portas fechadas, mas est\u00e3o funcionando em regime de plant\u00e3o. \u00c9 importante a popula\u00e7\u00e3o conhecer os canais de den\u00fancia, como os disques 100 e 180, al\u00e9m de se informar a respeito dos telefones de plant\u00e3o de \u00f3rg\u00e3os como Conselho Tutelar\u201d, destacou a gerente de projetos da Plan international Brasil na Bahia, Sara Regina de Oliveira, em entrevista ao&nbsp;<a href=\"https:\/\/www.chegadetrabalhoinfantil.org.br\/noticias\/materias\/subnotificada-exploracao-sexual-exige-ainda-mais-atencao-da-rede-de-protecao-durante-a-pandemia\/\">site da Rede Peteca<\/a>, de preven\u00e7\u00e3o ao trabalho infantil.<\/p>\n\n\n\n<p>No Peru, o Minist\u00e9rio da Educa\u00e7\u00e3o disponibilizou na plataforma Aprendo en Casa orienta\u00e7\u00f5es aos estudantes para que possam reconhecer sinais e denunciar atos de viol\u00eancia sexual e bullying. Conta ainda com um site dedicado a den\u00fancias de viol\u00eancia, o Siseve, explicando o passo a passo e refor\u00e7ando a prote\u00e7\u00e3o da identidade do denunciante, al\u00e9m de disponibilizar canais de atendimento por telefone, aplicativo e whatsapp.<\/p>\n\n\n\n<p>Al\u00e9m da manuten\u00e7\u00e3o dos canais de den\u00fancia, tem sido refor\u00e7ada a import\u00e2ncia do suporte psicol\u00f3gico, em especial no caso das meninas e mulheres v\u00edtimas de viol\u00eancia sexual e dos adolescentes com quadros depressivos. Na China, o Minist\u00e9rio da Educa\u00e7\u00e3o tem ofertado assist\u00eancia psicol\u00f3gica remota aos estudantes, atrav\u00e9s da do MOE-CCNU Mental Health Service Platform. A plataforma funciona 24h por dia e o atendimento pode ser realizado por telefone ou escaneando o QR Code dispon\u00edvel no site, que direciona o estudante ao chat da plataforma. O alcance do servi\u00e7o foi expandido para que alunos chineses que estejam em outros pa\u00edses tamb\u00e9m possam ser atendidos.<\/p>\n\n\n\n<h2 class=\"wp-block-heading\"><strong>Servi\u00e7os de prote\u00e7\u00e3o \u00e0 crian\u00e7a e ao adolescente durante a pandemia de Covid-19<\/strong><\/h2>\n\n\n\n<h2 class=\"wp-block-heading\"><strong>Para quem denunciar:<\/strong><\/h2>\n\n\n\n<p><strong>Conselho Tutelar \u2013<\/strong> Para casos de viol\u00eancia f\u00edsica ou sexual, inclusive por familiares, casos de amea\u00e7a ou humilha\u00e7\u00e3o por agentes p\u00fablicos, casos de atendimento m\u00e9dico negado, \u00e9 necess\u00e1rio chamar o Conselho Tutelar. Verifique o contato do Conselho Tutelar da sua cidade, mas aten\u00e7\u00e3o: o atendimento pode ter sido alterado na pandemia.<\/p>\n\n\n\n<p><strong>Disque 100 \u2013<\/strong> V\u00edtimas ou testemunhas de viola\u00e7\u00f5es de direitos de crian\u00e7as e adolescentes, como viol\u00eancia f\u00edsica ou sexual, podem denunciar anonimamente pelo Disque 100.<\/p>\n\n\n\n<p><strong>Disque 180<\/strong> \u2013 Em casos de viol\u00eancia contra mulheres e meninas, seja viol\u00eancia psicol\u00f3gica, f\u00edsica, sexual causada por pais, irm\u00e3os, filhos ou qualquer pessoa. O servi\u00e7o \u00e9 gratuito e an\u00f4nimo.<\/p>\n\n\n\n<p><strong>Pol\u00edcias \u2013<\/strong> Quando estiver presenciando algum ato de viol\u00eancia, acione a Pol\u00edcia Militar por meio do n\u00famero 190. Tamb\u00e9m \u00e9 poss\u00edvel acionar as Delegacias Especializadas no Atendimento \u00e0 Mulher e as de Prote\u00e7\u00e3o \u00e0 Crian\u00e7a e ao Adolescente da sua cidade.<\/p>\n\n\n\n<p><strong>Safernet Brasil \u2013<\/strong> A rede recebe den\u00fancias de cyberbullying e crimes realizados em ambiente online. Para denunciar, acesse\u00a0<a href=\"https:\/\/new.safernet.org.br\/\">https:\/\/new.safernet.org.br\/<\/a><\/p>\n\n\n\n<h2 class=\"wp-block-heading\"><strong>Outros \u00f3rg\u00e3os de apoio:<\/strong><\/h2>\n\n\n\n<p><strong>Centro de Valoriza\u00e7\u00e3o da Vida \u2013<\/strong> O CVV trabalha com apoio emocional e preven\u00e7\u00e3o do suic\u00eddio, e atende qualquer pessoa que precise conversar, anonimamente. Ligue 188 ou acesse www.cvv.org.br<\/p>\n\n\n\n<p><strong>Defensoria P\u00fablica \u2013 <\/strong>A defensoria defende pessoas que n\u00e3o podem pagar por um advogado particular. Tamb\u00e9m atua quando um grupo de pessoas tem um direito violado, como falta de acesso a sa\u00fade. Procure os contatos no site da Defensoria de seu Estado.<\/p>\n\n\n\n<p><strong>Minist\u00e9rio P\u00fablico \u2013<\/strong> O Minist\u00e9rio P\u00fablico fiscaliza \u00f3rg\u00e3os e agentes p\u00fablicos. V\u00edtimas de irregularidades policiais, falta de atendimento no Conselho Tutelar ou outros \u00f3rg\u00e3os, acione o MP. Encontre os contatos no site do MP de seu Estado.<\/p>\n\n\n\n<p><strong>Ouvidorias \u2013<\/strong> Cada \u00f3rg\u00e3o tem uma ouvidoria pr\u00f3pria para receber sugest\u00f5es, elogios e reclama\u00e7\u00f5es que n\u00e3o foram resolvidas de outra forma. Caso tenha um problema com algum \u00f3rg\u00e3o, busque o contato da ouvidoria do mesmo.<\/p>\n\n\n\n<p><strong>Creas \u2013<\/strong> O Centro de Refer\u00eancia Especializada em Assist\u00eancia Social \u00e9 respons\u00e1vel por atender crian\u00e7as, adolescentes e fam\u00edlias em situa\u00e7\u00e3o de risco, seja por viol\u00eancia, trabalho infantil, cumprimento de medidas socioeducativas ou viola\u00e7\u00f5es de direito. Cada munic\u00edpio possui diversos Creas, encontre o mais perto de sua casa e entre em contato.<\/p>\n\n\n\n<p>Fonte:\u00a0Unicef<\/p>\n","protected":false},"excerpt":{"rendered":"<p>Fonte: institutounibanco.org.br Segundo\u00a0relat\u00f3rio\u00a0da organiza\u00e7\u00e3o n\u00e3o governamental (ONG) World Vision, at\u00e9 85 milh\u00f5es de crian\u00e7as e adolescentes, entre 2 e 17 anos, poder\u00e3o se somar \u00e0s v\u00edtimas de viol\u00eancia f\u00edsica, emocional e sexual nos pr\u00f3ximos meses em todo o mundo em fun\u00e7\u00e3o do isolamento social decorrente da pandemia de Covid-19. O n\u00famero representa um aumento que pode variar de 20% a [&hellip;]<\/p>\n","protected":false},"author":1,"featured_media":4065,"comment_status":"closed","ping_status":"","sticky":false,"template":"","format":"standard","meta":{"footnotes":""},"categories":[3],"tags":[],"class_list":["post-4064","post","type-post","status-publish","format-standard","has-post-thumbnail","hentry","category-noticias"],"_links":{"self":[{"href":"https:\/\/portalpraties.com.br\/site\/wp-json\/wp\/v2\/posts\/4064","targetHints":{"allow":["GET"]}}],"collection":[{"href":"https:\/\/portalpraties.com.br\/site\/wp-json\/wp\/v2\/posts"}],"about":[{"href":"https:\/\/portalpraties.com.br\/site\/wp-json\/wp\/v2\/types\/post"}],"author":[{"embeddable":true,"href":"https:\/\/portalpraties.com.br\/site\/wp-json\/wp\/v2\/users\/1"}],"replies":[{"embeddable":true,"href":"https:\/\/portalpraties.com.br\/site\/wp-json\/wp\/v2\/comments?post=4064"}],"version-history":[{"count":1,"href":"https:\/\/portalpraties.com.br\/site\/wp-json\/wp\/v2\/posts\/4064\/revisions"}],"predecessor-version":[{"id":4066,"href":"https:\/\/portalpraties.com.br\/site\/wp-json\/wp\/v2\/posts\/4064\/revisions\/4066"}],"wp:featuredmedia":[{"embeddable":true,"href":"https:\/\/portalpraties.com.br\/site\/wp-json\/wp\/v2\/media\/4065"}],"wp:attachment":[{"href":"https:\/\/portalpraties.com.br\/site\/wp-json\/wp\/v2\/media?parent=4064"}],"wp:term":[{"taxonomy":"category","embeddable":true,"href":"https:\/\/portalpraties.com.br\/site\/wp-json\/wp\/v2\/categories?post=4064"},{"taxonomy":"post_tag","embeddable":true,"href":"https:\/\/portalpraties.com.br\/site\/wp-json\/wp\/v2\/tags?post=4064"}],"curies":[{"name":"wp","href":"https:\/\/api.w.org\/{rel}","templated":true}]}}