{"id":41782,"date":"2025-11-02T20:17:55","date_gmt":"2025-11-02T20:17:55","guid":{"rendered":"https:\/\/portalpraties.com.br\/site\/?p=41782"},"modified":"2025-11-02T20:17:55","modified_gmt":"2025-11-02T20:17:55","slug":"lanus-x-atletico-mg-na-final-da-sul-americana-tudo-que-voce-precisa-saber-sobre-decisao-inedita","status":"publish","type":"post","link":"https:\/\/portalpraties.com.br\/site\/2025\/11\/02\/lanus-x-atletico-mg-na-final-da-sul-americana-tudo-que-voce-precisa-saber-sobre-decisao-inedita\/","title":{"rendered":"Lan\u00fas x Atl\u00e9tico-MG na final da Sul-Americana: TUDO que voc\u00ea precisa saber sobre decis\u00e3o in\u00e9dita"},"content":{"rendered":"\n<p>A grande final da\u00a0<strong>CONMEBOL Sul-Americana<\/strong>\u00a02025 est\u00e1 definida:\u00a0<strong>Lan\u00fas<\/strong>\u00a0e\u00a0<strong>Atl\u00e9tico-MG<\/strong>\u00a0se enfrentam no dia 22 de novembro, um s\u00e1bado, no est\u00e1dio Defensores del Chaco, em Assun\u00e7\u00e3o, no Paraguai, valendo o t\u00edtulo in\u00e9dito.<\/p>\n\n\n\n<p>A Conmebol ainda ir\u00e1 divulgar o hor\u00e1rio da decis\u00e3o, que ter\u00e1\u00a0<strong>transmiss\u00e3o ao vivo do Disney+<\/strong>.<\/p>\n\n\n\n<h2 class=\"wp-block-heading\">ESPN no Disney+<\/h2>\n\n\n\n<p>O Galo vai disputar a ta\u00e7a do torneio pela primeira vez, mas conhece muito bem o palco da partida, afinal foi l\u00e1 que o time mineiro disputou o jogo de ida da final da\u00a0<strong>CONMEBOL Libertadores<\/strong>, contra o\u00a0<strong>Olimpia<\/strong>. Na ocasi\u00e3o, perdeu por 2 a 0, mas venceu nos p\u00eanaltis em Belo Horizonte e ficou com a ta\u00e7a.<\/p>\n\n\n\n<p>O Lan\u00fas, por sua vez, vai disputar a sua terceira final de Sul-Americana. Em 2013, foi campe\u00e3o sobre a\u00a0<strong>Ponte Preta<\/strong>\u00a0com vit\u00f3ria por 3 a 1 no agregado. Sete anos depois, perdeu por 3 a 0 para o\u00a0<strong>Defensa y Justicia<\/strong>\u00a0e amargou o vice novamente.<\/p>\n\n\n\n<h2 class=\"wp-block-heading\">Quando e onde ser\u00e1 a final?<\/h2>\n\n\n\n<ul class=\"wp-block-list\">\n<li><strong>Data:\u00a0<\/strong>22 de novembro (s\u00e1bado)<\/li>\n\n\n\n<li><strong>Est\u00e1dio:<\/strong>\u00a0Defensores del Chaco, em Assun\u00e7\u00e3o, no Paraguai<\/li>\n\n\n\n<li><strong>Hor\u00e1rio<\/strong>: a ser divulgado<\/li>\n<\/ul>\n\n\n\n<h2 class=\"wp-block-heading\">Premia\u00e7\u00e3o da final<\/h2>\n\n\n\n<ul class=\"wp-block-list\">\n<li><strong>Campe\u00e3o:<\/strong>\u00a0US$ 6,5 milh\u00f5es (R$ 36,9 milh\u00f5es)<\/li>\n\n\n\n<li><strong>Vice-campe\u00e3o:\u00a0<\/strong>US$ 2 milh\u00f5es (R$ 11,3 milh\u00f5es)<\/li>\n<\/ul>\n\n\n\n<h2 class=\"wp-block-heading\">O caminho at\u00e9 a final<\/h2>\n\n\n\n<p>O Lan\u00fas avan\u00e7ou ao mata-mata em primeiro do grupo G, chave que tinha o\u00a0<strong>Vasco<\/strong>. Nas oitavas, eliminou o\u00a0<strong>Central C\u00f3rdoba<\/strong>\u00a0nos p\u00eanaltis. Depois, despachou o\u00a0<strong>Fluminense<\/strong>\u00a0com vit\u00f3ria por 2 a 1 no agregado nas quartas. Para chegar \u00e0 decis\u00e3o, bateu a\u00a0<strong>Universidad de Chile<\/strong>\u00a0com 3 a 2 no agregado.<\/p>\n\n\n\n<p>Ap\u00f3s terminar a fase de grupos em 2\u00ba, o Atl\u00e9tico venceu o\u00a0<strong>Atl\u00e9tico Bucaramanga<\/strong>\u00a0nos p\u00eanaltis nos\u00a0<em>playoffs<\/em>. Depois, passou por\u00a0<strong>Godoy Cruz<\/strong>\u00a0com vit\u00f3ria por 3 a 1 nas oitavas e eliminou o\u00a0<strong>Bol\u00edvar<\/strong>\u00a0com 3 a 2 nas quartas. Na semi, derrotou o\u00a0<strong>Independiente del Valle<\/strong>\u00a0por 4 a 2 na semi.<\/p>\n\n\n\n<h2 class=\"wp-block-heading\">Onde assistir a Lan\u00fas x Atl\u00e9tico-MG na final da Sul-Americana?<\/h2>\n\n\n\n<p>Lan\u00fas x Atl\u00e9tico-MG pela final da CONMEBOL Sul-Americana no dia 22 de novembro com\u00a0<strong>transmiss\u00e3o do Disney+<\/strong>.<\/p>\n\n\n\n<p><\/p>\n\n\n\n<p>Fonte: espn.com.br<\/p>\n","protected":false},"excerpt":{"rendered":"<p>A grande final da\u00a0CONMEBOL Sul-Americana\u00a02025 est\u00e1 definida:\u00a0Lan\u00fas\u00a0e\u00a0Atl\u00e9tico-MG\u00a0se enfrentam no dia 22 de novembro, um s\u00e1bado, no est\u00e1dio Defensores del Chaco, em Assun\u00e7\u00e3o, no Paraguai, valendo o t\u00edtulo in\u00e9dito. A Conmebol ainda ir\u00e1 divulgar o hor\u00e1rio da decis\u00e3o, que ter\u00e1\u00a0transmiss\u00e3o ao vivo do Disney+. ESPN no Disney+ O Galo vai disputar a ta\u00e7a do torneio pela primeira vez, mas conhece muito [&hellip;]<\/p>\n","protected":false},"author":1,"featured_media":41783,"comment_status":"closed","ping_status":"","sticky":false,"template":"","format":"standard","meta":{"footnotes":""},"categories":[3],"tags":[],"class_list":["post-41782","post","type-post","status-publish","format-standard","has-post-thumbnail","hentry","category-noticias"],"_links":{"self":[{"href":"https:\/\/portalpraties.com.br\/site\/wp-json\/wp\/v2\/posts\/41782","targetHints":{"allow":["GET"]}}],"collection":[{"href":"https:\/\/portalpraties.com.br\/site\/wp-json\/wp\/v2\/posts"}],"about":[{"href":"https:\/\/portalpraties.com.br\/site\/wp-json\/wp\/v2\/types\/post"}],"author":[{"embeddable":true,"href":"https:\/\/portalpraties.com.br\/site\/wp-json\/wp\/v2\/users\/1"}],"replies":[{"embeddable":true,"href":"https:\/\/portalpraties.com.br\/site\/wp-json\/wp\/v2\/comments?post=41782"}],"version-history":[{"count":1,"href":"https:\/\/portalpraties.com.br\/site\/wp-json\/wp\/v2\/posts\/41782\/revisions"}],"predecessor-version":[{"id":41784,"href":"https:\/\/portalpraties.com.br\/site\/wp-json\/wp\/v2\/posts\/41782\/revisions\/41784"}],"wp:featuredmedia":[{"embeddable":true,"href":"https:\/\/portalpraties.com.br\/site\/wp-json\/wp\/v2\/media\/41783"}],"wp:attachment":[{"href":"https:\/\/portalpraties.com.br\/site\/wp-json\/wp\/v2\/media?parent=41782"}],"wp:term":[{"taxonomy":"category","embeddable":true,"href":"https:\/\/portalpraties.com.br\/site\/wp-json\/wp\/v2\/categories?post=41782"},{"taxonomy":"post_tag","embeddable":true,"href":"https:\/\/portalpraties.com.br\/site\/wp-json\/wp\/v2\/tags?post=41782"}],"curies":[{"name":"wp","href":"https:\/\/api.w.org\/{rel}","templated":true}]}}