{"id":41807,"date":"2025-11-13T02:23:36","date_gmt":"2025-11-13T02:23:36","guid":{"rendered":"https:\/\/portalpraties.com.br\/site\/?p=41807"},"modified":"2025-11-13T02:23:36","modified_gmt":"2025-11-13T02:23:36","slug":"consciencia-negra","status":"publish","type":"post","link":"https:\/\/portalpraties.com.br\/site\/2025\/11\/13\/consciencia-negra\/","title":{"rendered":"Consci\u00eancia Negra"},"content":{"rendered":"\n<p>Consci\u00eancia Negra \u00e9 uma\u00a0data celebrada em 20 de novembro para homenagear a cultura afro-brasileira e promover a reflex\u00e3o sobre a luta contra o racismo e a desigualdade social no Brasil. A data remete \u00e0 morte de Zumbi dos Palmares, l\u00edder do Quilombo dos Palmares, que ocorreu em 1695.\u00a0<\/p>\n\n\n\n<p>Origem e import\u00e2ncia da data<\/p>\n\n\n\n<ul class=\"wp-block-list\">\n<li><strong>Homenagem a Zumbi dos Palmares:<\/strong>\u00a0A escolha do dia 20 de novembro foi feita para homenagear Zumbi, s\u00edmbolo da resist\u00eancia \u00e0 escravid\u00e3o.<\/li>\n\n\n\n<li><strong>Lei de 2011:<\/strong>\u00a0O Dia Nacional de Zumbi e da Consci\u00eancia Negra foi oficializado pela Lei n\u00ba 12.519, de 2011.<\/li>\n\n\n\n<li><strong>Feriado nacional:<\/strong>\u00a0Desde 2023, a data \u00e9 feriado nacional em todo o Brasil, com o objetivo de valorizar as lutas do povo negro e estimular o debate sobre a igualdade racial.<\/li>\n\n\n\n<li><strong>Luta antirracista:<\/strong>\u00a0A data \u00e9 um marco na luta contra o racismo e a desigualdade, denunciando a farsa da aboli\u00e7\u00e3o da escravatura, que n\u00e3o foi acompanhada de pol\u00edticas de inclus\u00e3o social para a popula\u00e7\u00e3o negra.<\/li>\n\n\n\n<li><strong>Educa\u00e7\u00e3o e cultura:<\/strong>\u00a0A data tamb\u00e9m incentiva a inclus\u00e3o do ensino de hist\u00f3ria e cultura afro-brasileira nas escolas, garantindo que a riqueza da cultura africana seja reconhecida e valorizada.\u00a0<\/li>\n<\/ul>\n\n\n\n<h2 class=\"wp-block-heading\">A luta continua<\/h2>\n\n\n\n<ul class=\"wp-block-list\">\n<li>A luta contra o racismo e a desigualdade \u00e9 um processo cont\u00ednuo que envolve a busca por direitos, como moradia, sa\u00fade e educa\u00e7\u00e3o.<\/li>\n\n\n\n<li>A educa\u00e7\u00e3o \u00e9 considerada fundamental para a constru\u00e7\u00e3o de um futuro mais igualit\u00e1rio.<\/li>\n\n\n\n<li>\u00c9 fundamental que a conscientiza\u00e7\u00e3o sobre o racismo aconte\u00e7a n\u00e3o apenas em novembro, mas diariamente.\u00a0<\/li>\n<\/ul>\n","protected":false},"excerpt":{"rendered":"<p>Consci\u00eancia Negra \u00e9 uma\u00a0data celebrada em 20 de novembro para homenagear a cultura afro-brasileira e promover a reflex\u00e3o sobre a luta contra o racismo e a desigualdade social no Brasil. A data remete \u00e0 morte de Zumbi dos Palmares, l\u00edder do Quilombo dos Palmares, que ocorreu em 1695.\u00a0 Origem e import\u00e2ncia da data A luta continua<\/p>\n","protected":false},"author":1,"featured_media":41808,"comment_status":"closed","ping_status":"","sticky":false,"template":"","format":"standard","meta":{"footnotes":""},"categories":[3],"tags":[],"class_list":["post-41807","post","type-post","status-publish","format-standard","has-post-thumbnail","hentry","category-noticias"],"_links":{"self":[{"href":"https:\/\/portalpraties.com.br\/site\/wp-json\/wp\/v2\/posts\/41807","targetHints":{"allow":["GET"]}}],"collection":[{"href":"https:\/\/portalpraties.com.br\/site\/wp-json\/wp\/v2\/posts"}],"about":[{"href":"https:\/\/portalpraties.com.br\/site\/wp-json\/wp\/v2\/types\/post"}],"author":[{"embeddable":true,"href":"https:\/\/portalpraties.com.br\/site\/wp-json\/wp\/v2\/users\/1"}],"replies":[{"embeddable":true,"href":"https:\/\/portalpraties.com.br\/site\/wp-json\/wp\/v2\/comments?post=41807"}],"version-history":[{"count":1,"href":"https:\/\/portalpraties.com.br\/site\/wp-json\/wp\/v2\/posts\/41807\/revisions"}],"predecessor-version":[{"id":41809,"href":"https:\/\/portalpraties.com.br\/site\/wp-json\/wp\/v2\/posts\/41807\/revisions\/41809"}],"wp:featuredmedia":[{"embeddable":true,"href":"https:\/\/portalpraties.com.br\/site\/wp-json\/wp\/v2\/media\/41808"}],"wp:attachment":[{"href":"https:\/\/portalpraties.com.br\/site\/wp-json\/wp\/v2\/media?parent=41807"}],"wp:term":[{"taxonomy":"category","embeddable":true,"href":"https:\/\/portalpraties.com.br\/site\/wp-json\/wp\/v2\/categories?post=41807"},{"taxonomy":"post_tag","embeddable":true,"href":"https:\/\/portalpraties.com.br\/site\/wp-json\/wp\/v2\/tags?post=41807"}],"curies":[{"name":"wp","href":"https:\/\/api.w.org\/{rel}","templated":true}]}}