{"id":41810,"date":"2025-11-15T12:14:55","date_gmt":"2025-11-15T12:14:55","guid":{"rendered":"https:\/\/portalpraties.com.br\/site\/?p=41810"},"modified":"2025-11-15T12:14:55","modified_gmt":"2025-11-15T12:14:55","slug":"15-de-novembro-dia-da-proclamacao-da-republica-2","status":"publish","type":"post","link":"https:\/\/portalpraties.com.br\/site\/2025\/11\/15\/15-de-novembro-dia-da-proclamacao-da-republica-2\/","title":{"rendered":"15 de novembro \u2013 Dia da Proclama\u00e7\u00e3o da Rep\u00fablica"},"content":{"rendered":"\n<p>A Proclama\u00e7\u00e3o da Rep\u00fablica determinou o fim do regime mon\u00e1rquico e a instaura\u00e7\u00e3o da rep\u00fablica no Brasil. Atualmente, o 15 de novembro \u00e9 feriado nacional.<\/p>\n\n\n\n<p><strong>15 de novembro<\/strong>\u00a0\u00e9 uma data importante no Brasil, pois nesse dia comemora-se a\u00a0Proclama\u00e7\u00e3o da Rep\u00fablica. Esse evento aconteceu em 1889 e foi resultado da mobiliza\u00e7\u00e3o do Ex\u00e9rcito e de republicanos civis contra a monarquia instalada no pa\u00eds desde 1822. A partir de um\u00a0<strong>golpe<\/strong>, a rep\u00fablica foi instaurada no Brasil e a fam\u00edlia real\u00a0foi expulsa.<\/p>\n\n\n\n<p>A Proclama\u00e7\u00e3o da Rep\u00fablica foi resultado de uma longa&nbsp;<strong>insatisfa\u00e7\u00e3o dos militares<\/strong>&nbsp;com o governo mon\u00e1rquico. Os historiadores tratam esse acontecimento atualmente como um golpe por ter sido uma transi\u00e7\u00e3o de regime for\u00e7ada e sem a participa\u00e7\u00e3o popular. Atualmente o 15 de novembro \u00e9 considerado feriado nacional.<\/p>\n\n\n\n<h2 class=\"wp-block-heading\"><strong>O que causou a Proclama\u00e7\u00e3o da Rep\u00fablica?<\/strong><\/h2>\n\n\n\n<p>A Proclama\u00e7\u00e3o da Rep\u00fablica \u00e9 resultado de um processo pol\u00edtico que se estendeu desde a d\u00e9cada de 1870. A insatisfa\u00e7\u00e3o com a monarquia ganhou for\u00e7a ao final da\u00a0Guerra do Paraguai, tanto nos meios militares quantos nos civis. Essa insatisfa\u00e7\u00e3o s\u00f3 foi crescendo, e o\u00a0<strong>surgimento de partidos republicanos<\/strong>\u00a0contribuiu para isso.<\/p>\n\n\n\n<p>O grande grupo insatisfeito, por\u00e9m, era o&nbsp;<strong>Ex\u00e9rcito<\/strong>&nbsp;brasileiro. As For\u00e7as Armadas consideravam-se pouco reconhecidas depois de terem conduzido todo o esfor\u00e7o da Guerra do Paraguai. Os militares estavam insatisfeitos com suas remunera\u00e7\u00f5es, queriam melhorias no sistema de promo\u00e7\u00e3o de carreira e a permiss\u00e3o para opinar suas posi\u00e7\u00f5es pol\u00edticas, algo proibido na \u00e9poca.<\/p>\n\n\n\n<p>Isso contribuiu para que o republicanismo fosse ventilado no seu interior. N\u00e3o obstante, a insatisfa\u00e7\u00e3o com a monarquia n\u00e3o era uma exclusividade dos militares, os&nbsp;<strong>cafeicultores<\/strong>&nbsp;paulistas e a&nbsp;<strong>Igreja<\/strong>&nbsp;<strong>Cat\u00f3lica<\/strong>&nbsp;tamb\u00e9m estavam insatisfeitos.<\/p>\n\n\n\n<p>Ainda, o enfraquecimento do regime mon\u00e1rquico no Brasil est\u00e1 diretamente relacionado com o avan\u00e7o da\u00a0pauta abolicionista. A rela\u00e7\u00e3o era proporcional e inversa: na mesma medida em que o abolicionismo ganhava for\u00e7a, o monarquismo perdia influ\u00eancia no pa\u00eds. Politicamente os debates foram acirrando-se ao longo da d\u00e9cada de 1880, tanto na quest\u00e3o da\u00a0aboli\u00e7\u00e3o\u00a0quanto na do republicanismo. A situa\u00e7\u00e3o do Brasil era de\u00a0<strong>crise cr\u00f4nica<\/strong>\u00a0<strong>na d\u00e9cada de 1880<\/strong>, e a polariza\u00e7\u00e3o s\u00f3 contribuiu para refor\u00e7ar esse quadro.<\/p>\n\n\n\n<p><\/p>\n\n\n\n<p><\/p>\n\n\n\n<p><\/p>\n\n\n\n<p><\/p>\n\n\n\n<p><\/p>\n\n\n\n<p>Fonte: Brasilescola.uol.com.br<\/p>\n","protected":false},"excerpt":{"rendered":"<p>A Proclama\u00e7\u00e3o da Rep\u00fablica determinou o fim do regime mon\u00e1rquico e a instaura\u00e7\u00e3o da rep\u00fablica no Brasil. Atualmente, o 15 de novembro \u00e9 feriado nacional. 15 de novembro\u00a0\u00e9 uma data importante no Brasil, pois nesse dia comemora-se a\u00a0Proclama\u00e7\u00e3o da Rep\u00fablica. Esse evento aconteceu em 1889 e foi resultado da mobiliza\u00e7\u00e3o do Ex\u00e9rcito e de republicanos civis contra a monarquia instalada [&hellip;]<\/p>\n","protected":false},"author":1,"featured_media":41811,"comment_status":"closed","ping_status":"","sticky":false,"template":"","format":"standard","meta":{"footnotes":""},"categories":[3],"tags":[],"class_list":["post-41810","post","type-post","status-publish","format-standard","has-post-thumbnail","hentry","category-noticias"],"_links":{"self":[{"href":"https:\/\/portalpraties.com.br\/site\/wp-json\/wp\/v2\/posts\/41810","targetHints":{"allow":["GET"]}}],"collection":[{"href":"https:\/\/portalpraties.com.br\/site\/wp-json\/wp\/v2\/posts"}],"about":[{"href":"https:\/\/portalpraties.com.br\/site\/wp-json\/wp\/v2\/types\/post"}],"author":[{"embeddable":true,"href":"https:\/\/portalpraties.com.br\/site\/wp-json\/wp\/v2\/users\/1"}],"replies":[{"embeddable":true,"href":"https:\/\/portalpraties.com.br\/site\/wp-json\/wp\/v2\/comments?post=41810"}],"version-history":[{"count":1,"href":"https:\/\/portalpraties.com.br\/site\/wp-json\/wp\/v2\/posts\/41810\/revisions"}],"predecessor-version":[{"id":41812,"href":"https:\/\/portalpraties.com.br\/site\/wp-json\/wp\/v2\/posts\/41810\/revisions\/41812"}],"wp:featuredmedia":[{"embeddable":true,"href":"https:\/\/portalpraties.com.br\/site\/wp-json\/wp\/v2\/media\/41811"}],"wp:attachment":[{"href":"https:\/\/portalpraties.com.br\/site\/wp-json\/wp\/v2\/media?parent=41810"}],"wp:term":[{"taxonomy":"category","embeddable":true,"href":"https:\/\/portalpraties.com.br\/site\/wp-json\/wp\/v2\/categories?post=41810"},{"taxonomy":"post_tag","embeddable":true,"href":"https:\/\/portalpraties.com.br\/site\/wp-json\/wp\/v2\/tags?post=41810"}],"curies":[{"name":"wp","href":"https:\/\/api.w.org\/{rel}","templated":true}]}}