{"id":4368,"date":"2021-08-13T23:18:58","date_gmt":"2021-08-13T23:18:58","guid":{"rendered":"http:\/\/portalpraties.com.br\/site\/?p=4368"},"modified":"2021-08-13T23:18:58","modified_gmt":"2021-08-13T23:18:58","slug":"conscientizacao-humana-pode-ajudar-a-conter-o-aquecimento-global","status":"publish","type":"post","link":"https:\/\/portalpraties.com.br\/site\/2021\/08\/13\/conscientizacao-humana-pode-ajudar-a-conter-o-aquecimento-global\/","title":{"rendered":"Conscientiza\u00e7\u00e3o humana pode ajudar a conter o aquecimento global"},"content":{"rendered":"\n<h2 class=\"wp-block-heading\">As mudan\u00e7as clim\u00e1ticas podem afetar a agropecu\u00e1ria, elevar o pre\u00e7o dos alimentos e atingir a economia do pa\u00eds<\/h2>\n\n\n\n<p>Fonte: tribunahoje.com<\/p>\n\n\n\n<p>Quando o assunto \u00e9 a temperatura do planeta Terra, ainda n\u00e3o existe um consenso para explicar os \u00faltimos fen\u00f4menos meteorol\u00f3gicos ocorridos no mundo. Mas a \u00fanica certeza \u00e9 que se trata de um processo sem volta e que a a\u00e7\u00e3o do homem j\u00e1 ultrapassou o limite do aceit\u00e1vel, como alerta relat\u00f3rio da Organiza\u00e7\u00e3o das Na\u00e7\u00f5es Unidas (ONU) divulgado nesta semana. Mesmo com alguns m\u00e9todos adotados por pa\u00edses da Europa para conter o avan\u00e7o da polui\u00e7\u00e3o por combust\u00e3o, a conscientiza\u00e7\u00e3o precisa ter apoio global para que o movimento tenha \u00eaxito e n\u00e3o afete a economia.<\/p>\n\n\n\n<p>Criado em 1988 com o objetivo de sintetizar e divulgar o conhecimento mais avan\u00e7ado sobre as mudan\u00e7as clim\u00e1ticas, o Painel Intergovernamental sobre Mudan\u00e7as Clim\u00e1ticas (IPCC) da ONU usou dados e estudos feitos em v\u00e1rias partes do mundo como base de seu relat\u00f3rio, que liga o sinal de alerta sobre o uso do carv\u00e3o e dos combust\u00edveis f\u00f3sseis antes que eles destruam o planeta Terra. Estima-se que o limiar do aquecimento global (de + 1,5\u00ba cent\u00edgrado), em compara\u00e7\u00e3o com o da era pr\u00e9-industrial, vai ser atingido em 2030, dez anos antes do que tinha sido estimado.<\/p>\n\n\n\n<p>O professor do curso de Engenharia Civil e Mecatr\u00f4nica do Centro Universit\u00e1rio Tiradentes (Unit\/AL), Givanildo Santos, explica que a grande comercializa\u00e7\u00e3o de produtos \u00e9 um dos maiores respons\u00e1veis pela polui\u00e7\u00e3o. \u201cN\u00e3o s\u00f3 os combust\u00edveis f\u00f3sseis como outros derivados do petr\u00f3leo v\u00eam afetando o meio ambiente. O descontrole no consumo estimula a produ\u00e7\u00e3o desses materiais, que consequentemente aumenta as emiss\u00f5es de gases de efeito estufa\u201d, esclarece.<\/p>\n\n\n\n<p>O homem tamb\u00e9m \u00e9 respons\u00e1vel por outras causas ambientais que contribuem para o aumento da temperatura e mudan\u00e7as clim\u00e1ticas. O desmatamento de florestas nativas e a extin\u00e7\u00e3o das \u00e1reas verdes urbanas afetam diretamente o solo e consequentemente rios e lagoas.<\/p>\n\n\n\n<p><strong>Economia<\/strong><\/p>\n\n\n\n<p>O clima \u00e9 respons\u00e1vel por 30% do desempenho da produ\u00e7\u00e3o de alimentos. As mudan\u00e7as clim\u00e1ticas s\u00e3o os principais fatores de risco para as atividades agr\u00edcolas. Per\u00edodos prolongados de seca podem prejudicar o desenvolvimento das planta\u00e7\u00f5es de milho, arroz, soja entre outros.<\/p>\n\n\n\n<p>No Brasil, a mudan\u00e7a clim\u00e1tica pode afetar a agricultura, elevar o pre\u00e7o dos alimentos e atingir a economia do pa\u00eds. \u201cNa pr\u00e1tica, assim como no tempo frio e seco, a aus\u00eancia de chuvas durante longos per\u00edodos dificulta o desenvolvimento das planta\u00e7\u00f5es, como o desenvolvimento de gr\u00e3os e amadurecimento de frutos. Al\u00e9m disso, ela tamb\u00e9m reduz a qualidade das pastagens para a alimenta\u00e7\u00e3o animal, acarretando em altos valores de comercializa\u00e7\u00e3o das carnes\u201d, assegura Givanildo Santos.<\/p>\n\n\n\n<p><strong>Solu\u00e7\u00e3o<\/strong><\/p>\n\n\n\n<p>Como forma de controlar grande parte da polui\u00e7\u00e3o, a Comiss\u00e3o Europeia decidiu que a partir de 2035, os ve\u00edculos ser\u00e3o proibidos de emitir qualquer tipo de g\u00e1s poluente. Isso significa que carros h\u00edbridos, que unem o motor a combust\u00e3o e a propuls\u00e3o el\u00e9trica, tamb\u00e9m ser\u00e3o banidos. Somente os totalmentes el\u00e9tricos, com baterias ou movidos por c\u00e9lula de hidrog\u00eanio, ser\u00e3o vendidos no continente.<\/p>\n\n\n\n<p>O professor Givanildo Santos avalia a medida como positiva, mas destaca que \u00e9 preciso uma decis\u00e3o intergovernamental para que os resultados comecem a surgir. \u201cN\u00e3o adianta um pa\u00eds agir em prol da sustentabilidade, enquanto o vizinho pensa de maneira contr\u00e1ria, continua poluindo o ar e desmatando as florestas. Quem sabe se com conscientiza\u00e7\u00e3o das pol\u00edticas p\u00fablicas e do apoio das grandes montadoras essa medida se espalhe mais r\u00e1pido pelo resto do mundo\u201d, argumenta.<\/p>\n\n\n\n<p>Enquanto os pa\u00edses discutem grandes medidas para conter o avan\u00e7o da polui\u00e7\u00e3o, a sociedade mundial pode executar o seu papel com simples mudan\u00e7as de h\u00e1bitos. Economizar \u00e1gua e energia el\u00e9trica pode e deve ser uma preocupa\u00e7\u00e3o constante no dia a dia. Reduzir o consumo contribui tanto para as finan\u00e7as quanto para o meio ambiente, j\u00e1 que diminui a demanda de recursos naturais para o fornecimento de \u00e1gua e de luz.<\/p>\n\n\n\n<p><strong>Outras fontes de energia<\/strong><\/p>\n\n\n\n<p>A energia renov\u00e1vel se d\u00e1 pelo uso de materiais da natureza que n\u00e3o se esgotam, como raios solares e a for\u00e7a do vento. Al\u00e9m disso, elas podem ser tamb\u00e9m chamadas de energia limpa, mec\u00e2nica ou el\u00e9trica sem poluir o meio ambiente. Os principais exemplos s\u00e3o energia solar e e\u00f3lica.<\/p>\n\n\n\n<p>De acordo com o relat\u00f3rio IPCC da ONU, a humanidade pode conter o aquecimento global se as fontes de energias renov\u00e1veis forem respons\u00e1veis pela gera\u00e7\u00e3o de 50% da produ\u00e7\u00e3o de energia em todo o mundo.<\/p>\n","protected":false},"excerpt":{"rendered":"<p>As mudan\u00e7as clim\u00e1ticas podem afetar a agropecu\u00e1ria, elevar o pre\u00e7o dos alimentos e atingir a economia do pa\u00eds Fonte: tribunahoje.com Quando o assunto \u00e9 a temperatura do planeta Terra, ainda n\u00e3o existe um consenso para explicar os \u00faltimos fen\u00f4menos meteorol\u00f3gicos ocorridos no mundo. Mas a \u00fanica certeza \u00e9 que se trata de um processo sem volta e que a a\u00e7\u00e3o [&hellip;]<\/p>\n","protected":false},"author":1,"featured_media":4369,"comment_status":"closed","ping_status":"","sticky":false,"template":"","format":"standard","meta":{"footnotes":""},"categories":[3],"tags":[],"class_list":["post-4368","post","type-post","status-publish","format-standard","has-post-thumbnail","hentry","category-noticias"],"_links":{"self":[{"href":"https:\/\/portalpraties.com.br\/site\/wp-json\/wp\/v2\/posts\/4368","targetHints":{"allow":["GET"]}}],"collection":[{"href":"https:\/\/portalpraties.com.br\/site\/wp-json\/wp\/v2\/posts"}],"about":[{"href":"https:\/\/portalpraties.com.br\/site\/wp-json\/wp\/v2\/types\/post"}],"author":[{"embeddable":true,"href":"https:\/\/portalpraties.com.br\/site\/wp-json\/wp\/v2\/users\/1"}],"replies":[{"embeddable":true,"href":"https:\/\/portalpraties.com.br\/site\/wp-json\/wp\/v2\/comments?post=4368"}],"version-history":[{"count":1,"href":"https:\/\/portalpraties.com.br\/site\/wp-json\/wp\/v2\/posts\/4368\/revisions"}],"predecessor-version":[{"id":4370,"href":"https:\/\/portalpraties.com.br\/site\/wp-json\/wp\/v2\/posts\/4368\/revisions\/4370"}],"wp:featuredmedia":[{"embeddable":true,"href":"https:\/\/portalpraties.com.br\/site\/wp-json\/wp\/v2\/media\/4369"}],"wp:attachment":[{"href":"https:\/\/portalpraties.com.br\/site\/wp-json\/wp\/v2\/media?parent=4368"}],"wp:term":[{"taxonomy":"category","embeddable":true,"href":"https:\/\/portalpraties.com.br\/site\/wp-json\/wp\/v2\/categories?post=4368"},{"taxonomy":"post_tag","embeddable":true,"href":"https:\/\/portalpraties.com.br\/site\/wp-json\/wp\/v2\/tags?post=4368"}],"curies":[{"name":"wp","href":"https:\/\/api.w.org\/{rel}","templated":true}]}}