{"id":4374,"date":"2021-08-13T23:44:07","date_gmt":"2021-08-13T23:44:07","guid":{"rendered":"http:\/\/portalpraties.com.br\/site\/?p=4374"},"modified":"2021-08-13T23:44:07","modified_gmt":"2021-08-13T23:44:07","slug":"maior-uso-de-lenha-reflete-retrocessos-em-politicas-publicas","status":"publish","type":"post","link":"https:\/\/portalpraties.com.br\/site\/2021\/08\/13\/maior-uso-de-lenha-reflete-retrocessos-em-politicas-publicas\/","title":{"rendered":"Maior uso de lenha reflete retrocessos em pol\u00edticas p\u00fablicas"},"content":{"rendered":"\n<h2 class=\"wp-block-heading\">Popula\u00e7\u00e3o mais pobre fica sem acesso \u00e0 compra de GLP com perda de renda e aumento de custos<\/h2>\n\n\n\n<p>Fonte: epbr.com.br<\/p>\n\n\n\n<p>Um estudo do\u00a0grupo de trabalho Agenda 2030\u00a0apresentado na C\u00e2mara dos Deputados este m\u00eas alerta para retrocessos do Brasil nos 17 objetivos de desenvolvimento sustent\u00e1vel estabelecidos pela ONU em 2015.<\/p>\n\n\n\n<p>Das 169 metas, 54,4% est\u00e3o em retrocesso, 16% estagnadas, 12,4% amea\u00e7adas e 7,7% mostram progresso insuficiente, revela o Relat\u00f3rio Luz da Sociedade Civil sobre a Agenda 2030.<\/p>\n\n\n\n<p>Dentre os retrocessos, o documento aponta o aumento do uso de lenha ou carv\u00e3o para cozinhar alimentos.<\/p>\n\n\n\n<p>\u201c\u00c9 poss\u00edvel avaliar que de progresso insuficiente a meta 7.1 passou a amea\u00e7ada em rela\u00e7\u00e3o ao tipo de combust\u00edvel usado na prepara\u00e7\u00e3o de alimentos\u201d, diz o relat\u00f3rio.<\/p>\n\n\n\n<p>A meta 7.1 da ONU \u00e9 assegurar o acesso universal, confi\u00e1vel, moderno e a pre\u00e7os acess\u00edveis a servi\u00e7os de energia at\u00e9 2030.<\/p>\n\n\n\n<p>Na C\u00e2mara dos Deputados, parlamentarem tentam tirar do papel a cria\u00e7\u00e3o de um\u00a0<strong>novo programa para o g\u00e1s de cozinha<\/strong>.<\/p>\n\n\n\n<p>Com a pandemia e as restri\u00e7\u00f5es or\u00e7ament\u00e1rias, o IBGE n\u00e3o divulga esses indicadores h\u00e1 quase dois anos.<\/p>\n\n\n\n<p>\u201cEmbora comecem a repercutir not\u00edcias na imprensa sobre o aumento do uso de lenha e carv\u00e3o para cozinhar e seus impactos nos acidentes dom\u00e9sticos e danos \u00e0 sa\u00fade nestes momento de sobrecarga do sistema de sa\u00fade, 2020 foi um ano de falta de dados o que compromete a an\u00e1lise da evolu\u00e7\u00e3o do ODS 7\u201d, criticam os pesquisadores.<\/p>\n\n\n\n<p>Os levantamentos mais recentes mostram que entre 2016 e 2019, o IBGE registrou um aumento de 18% para 21% no n\u00famero de fam\u00edlias que usam lenha ou carv\u00e3o para cozinhar.<\/p>\n\n\n\n<p>O Balan\u00e7o Energ\u00e9tico Nacional da Empresa de Pesquisa Energ\u00e9tica (EPE), por sua vez, aponta que a participa\u00e7\u00e3o da lenha na matriz energ\u00e9tica residencial subiu de 24,4% para 26,1% no mesmo per\u00edodo. O GLP recuou, de 26,5% para 24,4%.<\/p>\n\n\n\n<p>H\u00e1 dois anos, uma em cada quatro fam\u00edlias brasileiras usava lenha em algum momento para fazer seus alimentos, destaca o relat\u00f3rio da Agenda 2030.<\/p>\n\n\n\n<p>No Sudeste, onde historicamente o uso de lenha \u00e9 mais raro, o aumento foi ainda maior, mais de 60%, comparativamente.<\/p>\n\n\n\n<p>Mas vale ressaltar que os dados est\u00e3o desatualizados e n\u00e3o refletem o cen\u00e1rio atual de acelerado processo de empobrecimento da popula\u00e7\u00e3o brasileira.<\/p>\n\n\n\n<div class=\"wp-block-image\"><figure class=\"aligncenter\"><img decoding=\"async\" src=\"https:\/\/epbr.com.br\/wp-content\/uploads\/2021\/07\/GLP-sem-efeitos-lenha-grafico-4.png\" alt=\"Maior uso de lenha reflete retrocessos em pol\u00edticas p\u00fablicas\" class=\"wp-image-41008\"\/><\/figure><\/div>\n\n\n\n<h3 class=\"wp-block-heading\">Mais pobres perdem acesso \u00e0 compra de GLP<\/h3>\n\n\n\n<p>A eleva\u00e7\u00e3o dos pre\u00e7os do g\u00e1s de cozinha tem impacto relevante sobre a popula\u00e7\u00e3o de baixa renda.<\/p>\n\n\n\n<p>Desde o fim da diferen\u00e7a de pre\u00e7os do GLP, em agosto de 2020, o pre\u00e7o m\u00e9dio do botij\u00e3o subiu 24% at\u00e9 junho deste ano para o consumidor final.<\/p>\n\n\n\n<p>Com a pol\u00edtica de valoriza\u00e7\u00e3o do sal\u00e1rio m\u00ednimo e o subs\u00eddio-cruzado por meio da diferencia\u00e7\u00e3o de pre\u00e7os do GLP da Petrobras, a rela\u00e7\u00e3o entre o pre\u00e7o do botij\u00e3o de 13 kg e o sal\u00e1rio m\u00ednimo saiu de 12,1% (2003) para 5,9% (2014) nos governos do PT.<\/p>\n\n\n\n<p>O percentual voltou a subir nos governos Temer e Bolsonaro, chegando perto de 8% este ano.<\/p>\n\n\n\n<p>Com o custo do botij\u00e3o comprometendo parte significativa da renda, fam\u00edlias passaram a usar lenha para cozinhar e at\u00e9 para aquecer \u00e1gua para o banho.<\/p>\n\n\n\n<p>Dados mais recentes da EPE mostram que em 2020 o consumo residencial de lenha j\u00e1 havia subido 1,8%.<\/p>\n","protected":false},"excerpt":{"rendered":"<p>Popula\u00e7\u00e3o mais pobre fica sem acesso \u00e0 compra de GLP com perda de renda e aumento de custos Fonte: epbr.com.br Um estudo do\u00a0grupo de trabalho Agenda 2030\u00a0apresentado na C\u00e2mara dos Deputados este m\u00eas alerta para retrocessos do Brasil nos 17 objetivos de desenvolvimento sustent\u00e1vel estabelecidos pela ONU em 2015. Das 169 metas, 54,4% est\u00e3o em retrocesso, 16% estagnadas, 12,4% amea\u00e7adas [&hellip;]<\/p>\n","protected":false},"author":1,"featured_media":4375,"comment_status":"closed","ping_status":"","sticky":false,"template":"","format":"standard","meta":{"footnotes":""},"categories":[3],"tags":[],"class_list":["post-4374","post","type-post","status-publish","format-standard","has-post-thumbnail","hentry","category-noticias"],"_links":{"self":[{"href":"https:\/\/portalpraties.com.br\/site\/wp-json\/wp\/v2\/posts\/4374","targetHints":{"allow":["GET"]}}],"collection":[{"href":"https:\/\/portalpraties.com.br\/site\/wp-json\/wp\/v2\/posts"}],"about":[{"href":"https:\/\/portalpraties.com.br\/site\/wp-json\/wp\/v2\/types\/post"}],"author":[{"embeddable":true,"href":"https:\/\/portalpraties.com.br\/site\/wp-json\/wp\/v2\/users\/1"}],"replies":[{"embeddable":true,"href":"https:\/\/portalpraties.com.br\/site\/wp-json\/wp\/v2\/comments?post=4374"}],"version-history":[{"count":1,"href":"https:\/\/portalpraties.com.br\/site\/wp-json\/wp\/v2\/posts\/4374\/revisions"}],"predecessor-version":[{"id":4376,"href":"https:\/\/portalpraties.com.br\/site\/wp-json\/wp\/v2\/posts\/4374\/revisions\/4376"}],"wp:featuredmedia":[{"embeddable":true,"href":"https:\/\/portalpraties.com.br\/site\/wp-json\/wp\/v2\/media\/4375"}],"wp:attachment":[{"href":"https:\/\/portalpraties.com.br\/site\/wp-json\/wp\/v2\/media?parent=4374"}],"wp:term":[{"taxonomy":"category","embeddable":true,"href":"https:\/\/portalpraties.com.br\/site\/wp-json\/wp\/v2\/categories?post=4374"},{"taxonomy":"post_tag","embeddable":true,"href":"https:\/\/portalpraties.com.br\/site\/wp-json\/wp\/v2\/tags?post=4374"}],"curies":[{"name":"wp","href":"https:\/\/api.w.org\/{rel}","templated":true}]}}