{"id":43836,"date":"2026-03-09T19:19:37","date_gmt":"2026-03-09T19:19:37","guid":{"rendered":"https:\/\/portalpraties.com.br\/site\/?p=43836"},"modified":"2026-03-09T19:19:37","modified_gmt":"2026-03-09T19:19:37","slug":"cruzeiro-vence-o-atletico-mg-e-campeao-do-mineiro-apos-sete-anos-e-classico-termina-em-pancadaria","status":"publish","type":"post","link":"https:\/\/portalpraties.com.br\/site\/2026\/03\/09\/cruzeiro-vence-o-atletico-mg-e-campeao-do-mineiro-apos-sete-anos-e-classico-termina-em-pancadaria\/","title":{"rendered":"Cruzeiro vence o Atl\u00e9tico-MG, \u00e9 campe\u00e3o do Mineiro ap\u00f3s sete anos e cl\u00e1ssico termina em pancadaria"},"content":{"rendered":"\n<p>O\u00a0<strong>Cruzeiro<\/strong>\u00a0venceu o\u00a0<strong>Atl\u00e9tico-MG<\/strong>, neste domigo (8), no Mineir\u00e3o, por\u00a0<strong>1 a 0<\/strong>, e se consagrou campe\u00e3o do\u00a0<strong>Campeonato Mineiro<\/strong>\u00a0de 2026.<\/p>\n\n\n\n<p>Kaio Jorge foi o autor do gol que garantiu o primeiro t\u00edtulo estadual da Raposa em sete anos. A \u00faltima vez que o clube havia levantado o trof\u00e9u do Mineiro havia sido em 2019.<\/p>\n\n\n\n<p>A vit\u00f3ria cruzeirense encerra a sequ\u00eancia de seis t\u00edtulos estaduais consecutivos do seu rival. O cl\u00e1ssico terminou com pancadaria em campo.<\/p>\n\n\n\n<h2 class=\"wp-block-heading\">Primeiro tempo com &#8216;cara de cl\u00e1ssico&#8217;<\/h2>\n\n\n\n<p>O primeiro tempo do cl\u00e1ssico sucedeu como muitos esperavam, com um jogo truncado (61% a 39% em posse de bola), cheio de \u2018faltinhas\u2019 (9 a 6 em faltas) e poucas chances claras. Foram quatro finaliza\u00e7\u00f5es no total, sendo tr\u00eas do Cruzeiro &#8211; um ano gol &#8211; e outra do Atl\u00e9tico.<\/p>\n\n\n\n<p>Aos 12 minutos,\u00a0<strong>Mamady Ciss\u00e9<\/strong>\u00a0levou a pior em dividida no campo de ataque e foi substitu\u00eddo. J\u00e1 aos 29,\u00a0<strong>Kaiki<\/strong>\u00a0fez falta em Natanael, ap\u00f3s lan\u00e7amento de Everton, e os atleticanos ficaram na bronca pedindo o segundo amarelo ao lateral-esquerdo.<\/p>\n\n\n\n<p>No geral, faltou calma e qualidade para os rivais no momento de defini\u00e7\u00e3o das jogadas. Nos minutos finais, por exemplo, Kaio Jorge recebeu de Gerson, ap\u00f3s r\u00e1pido contra-ataque, mas n\u00e3o conseguiu dominar.\u00a0<strong>Lucas Silva<\/strong>, em raro momento de ousadia de ambos os times, assustou em chute de fora da \u00e1rea.<\/p>\n\n\n\n<h2 class=\"wp-block-heading\">Gerson e Kaio Jorge decidem no segundo tempo<\/h2>\n\n\n\n<p>O segundo tempo no Mineir\u00e3o parecia seguir travado. Aos 14 minutos, por\u00e9m, apareceram as estrelas do Cruzeiro.\u00a0<strong>Gerson<\/strong>\u00a0tabelou com Matheus Pereira pela esquerda e cruzou na segunda trave.\u00a0<strong>Kaio Jorge<\/strong>\u00a0subiu bem e cabeceou no contrap\u00e9 de Everson para abrir o placar.<\/p>\n\n\n\n<p>O cl\u00e1ssico seguiu de maneira truncada, com a Raposa tentando controlar a posse da bola, e o Galo sendo pouco criativo para chegar ao empate.\u00a0<strong>Hulk<\/strong>\u00a0cobrou falta aos 24, mas mandou longe do gol de C\u00e1ssio. Os atleticanos pediram p\u00eanalti aos 37, em Preciado, mas o \u00e1rbitro mandou o jogo seguir.<\/p>\n\n\n\n<p>Hulk seguiu arriscando em chutes de longa dist\u00e2ncia, mas sem pontaria. Renan Lodi, j\u00e1 nos acr\u00e9scimos, foi amarelado ap\u00f3s empurr\u00e3o em Matheus Pereira, que provocou o lateral atleticano.<\/p>\n\n\n\n<h2 class=\"wp-block-heading\">Confus\u00e3o no fim do jogo!<\/h2>\n\n\n\n<p>O cl\u00e1ssico terminou em pancadaria generalizada. A confus\u00e3o come\u00e7ou ap\u00f3s Everson defender um chute de Matheus Pereira e receber um tranco de Christian. O goleiro atleticano devolveu o empurr\u00e3o e, em seguida, levou um chute nas costas.<\/p>\n\n\n\n<p>Lyanco, C\u00e1ssio, Gerson e muitos jogadores entraram na briga. Matheus Pereira e Hulk foram uns dos mais irritados. A confus\u00e3o dentro de campo demorou mais de cino minutos para ser apaziguada.<\/p>\n\n\n\n<p><\/p>\n\n\n\n<p>Fonte: espn.com.br<\/p>\n\n\n\n<p><\/p>\n","protected":false},"excerpt":{"rendered":"<p>O\u00a0Cruzeiro\u00a0venceu o\u00a0Atl\u00e9tico-MG, neste domigo (8), no Mineir\u00e3o, por\u00a01 a 0, e se consagrou campe\u00e3o do\u00a0Campeonato Mineiro\u00a0de 2026. Kaio Jorge foi o autor do gol que garantiu o primeiro t\u00edtulo estadual da Raposa em sete anos. A \u00faltima vez que o clube havia levantado o trof\u00e9u do Mineiro havia sido em 2019. A vit\u00f3ria cruzeirense encerra a sequ\u00eancia de seis t\u00edtulos [&hellip;]<\/p>\n","protected":false},"author":1,"featured_media":43837,"comment_status":"closed","ping_status":"","sticky":false,"template":"","format":"standard","meta":{"footnotes":""},"categories":[3],"tags":[],"class_list":["post-43836","post","type-post","status-publish","format-standard","has-post-thumbnail","hentry","category-noticias"],"_links":{"self":[{"href":"https:\/\/portalpraties.com.br\/site\/wp-json\/wp\/v2\/posts\/43836","targetHints":{"allow":["GET"]}}],"collection":[{"href":"https:\/\/portalpraties.com.br\/site\/wp-json\/wp\/v2\/posts"}],"about":[{"href":"https:\/\/portalpraties.com.br\/site\/wp-json\/wp\/v2\/types\/post"}],"author":[{"embeddable":true,"href":"https:\/\/portalpraties.com.br\/site\/wp-json\/wp\/v2\/users\/1"}],"replies":[{"embeddable":true,"href":"https:\/\/portalpraties.com.br\/site\/wp-json\/wp\/v2\/comments?post=43836"}],"version-history":[{"count":1,"href":"https:\/\/portalpraties.com.br\/site\/wp-json\/wp\/v2\/posts\/43836\/revisions"}],"predecessor-version":[{"id":43838,"href":"https:\/\/portalpraties.com.br\/site\/wp-json\/wp\/v2\/posts\/43836\/revisions\/43838"}],"wp:featuredmedia":[{"embeddable":true,"href":"https:\/\/portalpraties.com.br\/site\/wp-json\/wp\/v2\/media\/43837"}],"wp:attachment":[{"href":"https:\/\/portalpraties.com.br\/site\/wp-json\/wp\/v2\/media?parent=43836"}],"wp:term":[{"taxonomy":"category","embeddable":true,"href":"https:\/\/portalpraties.com.br\/site\/wp-json\/wp\/v2\/categories?post=43836"},{"taxonomy":"post_tag","embeddable":true,"href":"https:\/\/portalpraties.com.br\/site\/wp-json\/wp\/v2\/tags?post=43836"}],"curies":[{"name":"wp","href":"https:\/\/api.w.org\/{rel}","templated":true}]}}