{"id":43884,"date":"2026-03-25T14:30:08","date_gmt":"2026-03-25T14:30:08","guid":{"rendered":"https:\/\/portalpraties.com.br\/site\/?p=43884"},"modified":"2026-03-25T14:30:08","modified_gmt":"2026-03-25T14:30:08","slug":"adriano-alvarenga-deputado-federal","status":"publish","type":"post","link":"https:\/\/portalpraties.com.br\/site\/2026\/03\/25\/adriano-alvarenga-deputado-federal\/","title":{"rendered":"Adriano Alvarenga &#8211; Deputado Federal"},"content":{"rendered":"\n<p>Adriano Alvarenga tem mostrado, com trabalho e resultados concretos, seu compromisso com a popula\u00e7\u00e3o. Atuou na manuten\u00e7\u00e3o das estradas, garantindo melhores condi\u00e7\u00f5es de mobilidade, destinou emendas que fortaleceram munic\u00edpios e hospitais, apoiou o produtor rural e buscou avan\u00e7os reais na seguran\u00e7a p\u00fablica.<\/p>\n\n\n\n<p>Tamb\u00e9m enfrentou os servi\u00e7os de baixa qualidade das operadoras de telefonia, cobrando melhorias, e apresentou projetos importantes para combater a obesidade, ampliar o acesso \u00e0 educa\u00e7\u00e3o e defender os direitos das pessoas com autismo.<\/p>\n\n\n\n<p>Cada uma dessas conquistas \u00e9 fruto de dedica\u00e7\u00e3o, seriedade e compromisso com as pessoas. E nada disso seria poss\u00edvel sem o apoio da sua fam\u00edlia, dos amigos e de todos voc\u00eas, que acreditam e caminham juntos nessa trajet\u00f3ria.<\/p>\n\n\n\n<h2 class=\"wp-block-heading\">Mais de R$ 75 milh\u00f5es destinados a mun\u00edcipios e hospitais<\/h2>\n\n\n\n<p>Foram destinados mais de R$ 75 milh\u00f5es em emendas parlamentares para cidades e institui\u00e7\u00f5es filantr\u00f3picas.<br>81 munic\u00edpios foram beneficiados com recursos.<br>30 hospitais receberam investimentos.<br>Atua\u00e7\u00e3o legislativa inclui:<br>50 projetos de lei apresentados<br>17 PECs apresentadas<br>25 projetos relatados<br>97 reuni\u00f5es\/audi\u00eancias na comiss\u00e3o de defesa do consumidor<br>98 reuni\u00f5es\/audi\u00eancias na comiss\u00e3o de minas e energia<br>270 reuni\u00f5es ordin\u00e1rias, extraordin\u00e1rias e especiais de plen\u00e1rio<\/p>\n\n\n\n<figure class=\"wp-block-image size-full\"><img fetchpriority=\"high\" decoding=\"async\" width=\"590\" height=\"683\" src=\"https:\/\/portalpraties.com.br\/site\/wp-content\/uploads\/2026\/03\/WhatsApp-Image-2026-03-25-at-11.19.46-e1774448675429.jpeg\" alt=\"\" class=\"wp-image-43889\" srcset=\"https:\/\/portalpraties.com.br\/site\/wp-content\/uploads\/2026\/03\/WhatsApp-Image-2026-03-25-at-11.19.46-e1774448675429.jpeg 590w, https:\/\/portalpraties.com.br\/site\/wp-content\/uploads\/2026\/03\/WhatsApp-Image-2026-03-25-at-11.19.46-e1774448675429-259x300.jpeg 259w\" sizes=\"(max-width: 590px) 100vw, 590px\" \/><\/figure>\n\n\n\n<h2 class=\"wp-block-heading\">Projetos de Lei voltados \u00e1 agropecu\u00e1ria, educa\u00e7\u00e3o e combate \u00e1 obesidade<\/h2>\n\n\n\n<figure class=\"wp-block-image size-full\"><img decoding=\"async\" width=\"590\" height=\"660\" src=\"https:\/\/portalpraties.com.br\/site\/wp-content\/uploads\/2026\/03\/WhatsApp-Image-2026-03-25-at-11.19.27-e1774448618727.jpeg\" alt=\"\" class=\"wp-image-43888\" srcset=\"https:\/\/portalpraties.com.br\/site\/wp-content\/uploads\/2026\/03\/WhatsApp-Image-2026-03-25-at-11.19.27-e1774448618727.jpeg 590w, https:\/\/portalpraties.com.br\/site\/wp-content\/uploads\/2026\/03\/WhatsApp-Image-2026-03-25-at-11.19.27-e1774448618727-268x300.jpeg 268w\" sizes=\"(max-width: 590px) 100vw, 590px\" \/><\/figure>\n\n\n\n<figure class=\"wp-block-image size-full\"><img decoding=\"async\" width=\"590\" height=\"678\" src=\"https:\/\/portalpraties.com.br\/site\/wp-content\/uploads\/2026\/03\/WhatsApp-Image-2026-03-25-at-11.18.46-e1774448726121.jpeg\" alt=\"\" class=\"wp-image-43885\" srcset=\"https:\/\/portalpraties.com.br\/site\/wp-content\/uploads\/2026\/03\/WhatsApp-Image-2026-03-25-at-11.18.46-e1774448726121.jpeg 590w, https:\/\/portalpraties.com.br\/site\/wp-content\/uploads\/2026\/03\/WhatsApp-Image-2026-03-25-at-11.18.46-e1774448726121-261x300.jpeg 261w\" sizes=\"(max-width: 590px) 100vw, 590px\" \/><\/figure>\n\n\n\n<figure class=\"wp-block-image size-full\"><img loading=\"lazy\" decoding=\"async\" width=\"590\" height=\"655\" src=\"https:\/\/portalpraties.com.br\/site\/wp-content\/uploads\/2026\/03\/WhatsApp-Image-2026-03-25-at-11.19.06-e1774448691944.jpeg\" alt=\"\" class=\"wp-image-43890\" srcset=\"https:\/\/portalpraties.com.br\/site\/wp-content\/uploads\/2026\/03\/WhatsApp-Image-2026-03-25-at-11.19.06-e1774448691944.jpeg 590w, https:\/\/portalpraties.com.br\/site\/wp-content\/uploads\/2026\/03\/WhatsApp-Image-2026-03-25-at-11.19.06-e1774448691944-270x300.jpeg 270w\" sizes=\"(max-width: 590px) 100vw, 590px\" \/><\/figure>\n\n\n\n<figure class=\"wp-block-image size-full\"><img loading=\"lazy\" decoding=\"async\" width=\"590\" height=\"676\" src=\"https:\/\/portalpraties.com.br\/site\/wp-content\/uploads\/2026\/03\/WhatsApp-Image-2026-03-25-at-11.19.35-e1774448706188.jpeg\" alt=\"\" class=\"wp-image-43887\" srcset=\"https:\/\/portalpraties.com.br\/site\/wp-content\/uploads\/2026\/03\/WhatsApp-Image-2026-03-25-at-11.19.35-e1774448706188.jpeg 590w, https:\/\/portalpraties.com.br\/site\/wp-content\/uploads\/2026\/03\/WhatsApp-Image-2026-03-25-at-11.19.35-e1774448706188-262x300.jpeg 262w\" sizes=\"(max-width: 590px) 100vw, 590px\" \/><\/figure>\n\n\n\n<h2 class=\"wp-block-heading\">PEC da sa\u00fade completa um ano de conquistas <\/h2>\n\n\n\n<p>Em 2024, a \u00e1rea da sa\u00fade passou por um avan\u00e7o importante com a implementa\u00e7\u00e3o da PEC 13\/2023, conhecida como PEC da Sa\u00fade. Pela primeira vez na hist\u00f3ria, hospitais filantr\u00f3picos, Santas Casas, APAEs, asilos, vilas vicentinas e outras institui\u00e7\u00f5es puderam receber emendas parlamentares mesmo em ano eleitoral.<br>A medida representou um passo significativo para o fortalecimento dessas entidades, que desempenham papel essencial no atendimento \u00e0 popula\u00e7\u00e3o. Estima-se que essas institui\u00e7\u00f5es sejam respons\u00e1veis por mais de 80% dos atendimentos realizados pelo Sistema \u00danico de Sa\u00fade (SUS) no estado, evidenciando sua relev\u00e2ncia para a manuten\u00e7\u00e3o dos servi\u00e7os de sa\u00fade.<br>Com a libera\u00e7\u00e3o dos recursos, foi poss\u00edvel garantir a continuidade de atendimentos fundamentais, como cirurgias, interna\u00e7\u00f5es e procedimentos essenciais, evitando interrup\u00e7\u00f5es que poderiam impactar diretamente a popula\u00e7\u00e3o mais vulner\u00e1vel.<br>A iniciativa tamb\u00e9m foi reconhecida por representantes da \u00e1rea da sa\u00fade, que destacam a import\u00e2ncia da medida para assegurar o funcionamento dessas institui\u00e7\u00f5es e ampliar sua capacidade de atendimento. O primeiro ano da PEC da Sa\u00fade, portanto, marca um per\u00edodo de fortalecimento do sistema e de maior suporte \u00e0s entidades que est\u00e3o na linha de frente do cuidado com a popula\u00e7\u00e3o.<\/p>\n\n\n\n<h2 class=\"wp-block-heading\">Investimentos garantem melhorias nas estradas da nossa regi\u00e3o<\/h2>\n\n\n\n<figure class=\"wp-block-image size-full\"><img loading=\"lazy\" decoding=\"async\" width=\"1156\" height=\"1280\" src=\"https:\/\/portalpraties.com.br\/site\/wp-content\/uploads\/2026\/03\/WhatsApp-Image-2026-03-25-at-11.28.35.jpeg\" alt=\"\" class=\"wp-image-43892\" srcset=\"https:\/\/portalpraties.com.br\/site\/wp-content\/uploads\/2026\/03\/WhatsApp-Image-2026-03-25-at-11.28.35.jpeg 1156w, https:\/\/portalpraties.com.br\/site\/wp-content\/uploads\/2026\/03\/WhatsApp-Image-2026-03-25-at-11.28.35-271x300.jpeg 271w, https:\/\/portalpraties.com.br\/site\/wp-content\/uploads\/2026\/03\/WhatsApp-Image-2026-03-25-at-11.28.35-768x850.jpeg 768w\" sizes=\"(max-width: 1156px) 100vw, 1156px\" \/><\/figure>\n\n\n\n<figure class=\"wp-block-image size-full\"><img loading=\"lazy\" decoding=\"async\" width=\"1136\" height=\"1280\" src=\"https:\/\/portalpraties.com.br\/site\/wp-content\/uploads\/2026\/03\/WhatsApp-Image-2026-03-25-at-11.29.13.jpeg\" alt=\"\" class=\"wp-image-43893\" srcset=\"https:\/\/portalpraties.com.br\/site\/wp-content\/uploads\/2026\/03\/WhatsApp-Image-2026-03-25-at-11.29.13.jpeg 1136w, https:\/\/portalpraties.com.br\/site\/wp-content\/uploads\/2026\/03\/WhatsApp-Image-2026-03-25-at-11.29.13-266x300.jpeg 266w, https:\/\/portalpraties.com.br\/site\/wp-content\/uploads\/2026\/03\/WhatsApp-Image-2026-03-25-at-11.29.13-768x865.jpeg 768w\" sizes=\"(max-width: 1136px) 100vw, 1136px\" \/><\/figure>\n","protected":false},"excerpt":{"rendered":"<p>Adriano Alvarenga tem mostrado, com trabalho e resultados concretos, seu compromisso com a popula\u00e7\u00e3o. Atuou na manuten\u00e7\u00e3o das estradas, garantindo melhores condi\u00e7\u00f5es de mobilidade, destinou emendas que fortaleceram munic\u00edpios e hospitais, apoiou o produtor rural e buscou avan\u00e7os reais na seguran\u00e7a p\u00fablica. Tamb\u00e9m enfrentou os servi\u00e7os de baixa qualidade das operadoras de telefonia, cobrando melhorias, e apresentou projetos importantes para [&hellip;]<\/p>\n","protected":false},"author":1,"featured_media":43891,"comment_status":"closed","ping_status":"","sticky":false,"template":"","format":"standard","meta":{"footnotes":""},"categories":[3],"tags":[],"class_list":["post-43884","post","type-post","status-publish","format-standard","has-post-thumbnail","hentry","category-noticias"],"_links":{"self":[{"href":"https:\/\/portalpraties.com.br\/site\/wp-json\/wp\/v2\/posts\/43884","targetHints":{"allow":["GET"]}}],"collection":[{"href":"https:\/\/portalpraties.com.br\/site\/wp-json\/wp\/v2\/posts"}],"about":[{"href":"https:\/\/portalpraties.com.br\/site\/wp-json\/wp\/v2\/types\/post"}],"author":[{"embeddable":true,"href":"https:\/\/portalpraties.com.br\/site\/wp-json\/wp\/v2\/users\/1"}],"replies":[{"embeddable":true,"href":"https:\/\/portalpraties.com.br\/site\/wp-json\/wp\/v2\/comments?post=43884"}],"version-history":[{"count":1,"href":"https:\/\/portalpraties.com.br\/site\/wp-json\/wp\/v2\/posts\/43884\/revisions"}],"predecessor-version":[{"id":43894,"href":"https:\/\/portalpraties.com.br\/site\/wp-json\/wp\/v2\/posts\/43884\/revisions\/43894"}],"wp:featuredmedia":[{"embeddable":true,"href":"https:\/\/portalpraties.com.br\/site\/wp-json\/wp\/v2\/media\/43891"}],"wp:attachment":[{"href":"https:\/\/portalpraties.com.br\/site\/wp-json\/wp\/v2\/media?parent=43884"}],"wp:term":[{"taxonomy":"category","embeddable":true,"href":"https:\/\/portalpraties.com.br\/site\/wp-json\/wp\/v2\/categories?post=43884"},{"taxonomy":"post_tag","embeddable":true,"href":"https:\/\/portalpraties.com.br\/site\/wp-json\/wp\/v2\/tags?post=43884"}],"curies":[{"name":"wp","href":"https:\/\/api.w.org\/{rel}","templated":true}]}}