{"id":4400,"date":"2021-08-14T00:27:13","date_gmt":"2021-08-14T00:27:13","guid":{"rendered":"http:\/\/portalpraties.com.br\/site\/?p=4400"},"modified":"2021-08-14T00:27:58","modified_gmt":"2021-08-14T00:27:58","slug":"716-000-empresas-fecharam-as-portas-desde-o-inicio-da-pandemia-no-brasil-segundo-o-ibge","status":"publish","type":"post","link":"https:\/\/portalpraties.com.br\/site\/2021\/08\/14\/716-000-empresas-fecharam-as-portas-desde-o-inicio-da-pandemia-no-brasil-segundo-o-ibge\/","title":{"rendered":"716.000 empresas fecharam as portas desde o in\u00edcio da pandemia no Brasil, segundo o IBGE"},"content":{"rendered":"\n<h2 class=\"wp-block-heading\">Cifra representa mais da metade dos neg\u00f3cios que estavam com atividades suspensas em fun\u00e7\u00e3o do novo coronav\u00edrus. Praticamente todas s\u00e3o de pequeno porte, segmento que teve pouca ajuda do Governo<\/h2>\n\n\n\n<p>Fonte: brasil.elpais.com<\/p>\n\n\n\n<p>Desde que a\u00a0pandemia do novo coronav\u00edrus\u00a0chegou ao Brasil, 716.000 empresas fecharam as portas, de acordo com a\u00a0<em>Pesquisa Pulso Empresa: Impacto da Covid-19 nas Empresas<\/em>, realizada pelo IBGE (Instituto Brasileiro de Geografia e Estat\u00edstica) e publicada na quinta-feira (16\/07). A cifra corresponde a mais da metade de 1,3 milh\u00e3o de empresas que estavam com atividades suspensas ou encerradas definitivamente na primeira quinzena de junho, devido \u00e0 crise sanit\u00e1ria. Do total de neg\u00f3cios fechados tempor\u00e1ria ou definitivamente, quatro em cada 10 (um total de 522.000 firmas) afirmaram ao IBGE que a situa\u00e7\u00e3o deveu-se \u00e0 pandemia.<\/p>\n\n\n\n<p>O levantamento mostra que o novo\u00a0coronav\u00edrus\u00a0teve um impacto negativo em todos os setores econ\u00f4micos, mas\u00a0afetou especialmente o com\u00e9rcio\u00a0(39,4%) e servi\u00e7os (37%), principalmente no caso das pequenas empresas. 99,8% dos neg\u00f3cios que n\u00e3o voltar\u00e3o a abrir as portas depois da crise da covid-19 s\u00e3o de pequeno porte. De acordo com o Sebrae (Servi\u00e7o Brasileiro de Apoio \u00e0s Micro e Pequenas Empresas), a m\u00e9dia de empresas que fecham a cada da ano \u00e9 de 10%, o que corresponde a cerca de 600.000 neg\u00f3cios \u2014n\u00famero menor do que as mais de 700.000 empresas que fecharam at\u00e9 a metade de junho\u2014.<\/p>\n\n\n\n<p>\u201cOs dados sinalizam que a\u00a0covid-19\u00a0impactou mais fortemente segmentos que, para a realiza\u00e7\u00e3o de suas atividades, n\u00e3o podem prescindir do contato pessoal, tem baixa produtividade e s\u00e3o intensivos em trabalho, como os servi\u00e7os prestados \u00e0s fam\u00edlias, onde se incluem atividades como as de bares e restaurantes, e hospedagem; al\u00e9m do setor de constru\u00e7\u00e3o\u201d, explicou Alessandro Pinheiro, Coordenador de Pesquisas Estruturais e Especiais em Empresas do IBGE.<\/p>\n\n\n\n<p>As 2,7 milh\u00f5es de empresas que continuaram abertas tamb\u00e9m sentem as consequ\u00eancias da crise econ\u00f4mica agravada pela pandemia: 70% delas relataram diminui\u00e7\u00e3o de vendas ou servi\u00e7os desde que a covid-19 chegou ao pa\u00eds, e 948.800 firmas tiveram que demitir trabalhadores durante esse per\u00edodo. Al\u00e9m disso, apenas 12,7% das empresas tiveram acesso ao\u00a0cr\u00e9dito emergencial do Governo destinado ao pagamento de sal\u00e1rios. Somente 13,6% dos neg\u00f3cios relataram que a pandemia trouxe oportunidades e que teve um efeito positivo sobre a empresa.<\/p>\n\n\n\n<h3 class=\"wp-block-heading\">Desemprego<\/h3>\n\n\n\n<p>O\u00a0desemprego tamb\u00e9m segue em alta durante a pandemia\u00a0no Brasil. Dados divulgados pela PNAD Covid-19 (vers\u00e3o da Pesquisa Nacional por Amostra de Domic\u00edlios Cont\u00ednua realizada com apoio do Minist\u00e9rio da Sa\u00fade) mostram que a taxa de desocupa\u00e7\u00e3o chegou a 13,1% na \u00faltima semana de junho, afetando 12,4 milh\u00f5es de pessoas. Essa \u00e9 a maior taxa de desemprego registrada desde maio, informa o IBGE, e resulta da queda de 84 milh\u00f5es para 82,5 milh\u00f5es (-1,5 milh\u00e3o) de pessoas ocupadas no intervalo de uma semana.<\/p>\n\n\n\n<p>\u201cEm rela\u00e7\u00e3o \u00e0 primeira semana de maio, o movimento tamb\u00e9m \u00e9 de queda na popula\u00e7\u00e3o ocupada, aumento da desocupada e consequentemente aumento da taxa de desocupa\u00e7\u00e3o. A popula\u00e7\u00e3o desocupada e em busca de ocupa\u00e7\u00e3o aumentou 26%, em rela\u00e7\u00e3o \u00e0 primeira semana de maio\u201d, disse a coordenadora da pesquisa, Maria L\u00facia Vieira.<\/p>\n\n\n\n<p>No in\u00edcio de maio, eram 16,6 milh\u00f5es as pessoas ocupadas que estavam temporariamente afastadas do trabalho. No final de junho, esse contingente era de 10,3 milh\u00f5es. J\u00e1 a taxa de trabalhadores na informalidade (empregados do setor privado sem carteira, trabalhadores dom\u00e9sticos sem carteira e os trabalhadores por conta pr\u00f3pria que n\u00e3o contribuem para o INSS) passou de 34,5% em junho, atingindo 28,5 milh\u00f5es de pessoas. No in\u00edcio de maio, eram 29,9 milh\u00f5es, o que pode indicar o retorno ao trabalho de um grupo de pessoas com a flexibilidade da quarentena.<\/p>\n","protected":false},"excerpt":{"rendered":"<p>Cifra representa mais da metade dos neg\u00f3cios que estavam com atividades suspensas em fun\u00e7\u00e3o do novo coronav\u00edrus. Praticamente todas s\u00e3o de pequeno porte, segmento que teve pouca ajuda do Governo Fonte: brasil.elpais.com Desde que a\u00a0pandemia do novo coronav\u00edrus\u00a0chegou ao Brasil, 716.000 empresas fecharam as portas, de acordo com a\u00a0Pesquisa Pulso Empresa: Impacto da Covid-19 nas Empresas, realizada pelo IBGE (Instituto [&hellip;]<\/p>\n","protected":false},"author":1,"featured_media":4401,"comment_status":"closed","ping_status":"","sticky":false,"template":"","format":"standard","meta":{"footnotes":""},"categories":[3],"tags":[],"class_list":["post-4400","post","type-post","status-publish","format-standard","has-post-thumbnail","hentry","category-noticias"],"_links":{"self":[{"href":"https:\/\/portalpraties.com.br\/site\/wp-json\/wp\/v2\/posts\/4400","targetHints":{"allow":["GET"]}}],"collection":[{"href":"https:\/\/portalpraties.com.br\/site\/wp-json\/wp\/v2\/posts"}],"about":[{"href":"https:\/\/portalpraties.com.br\/site\/wp-json\/wp\/v2\/types\/post"}],"author":[{"embeddable":true,"href":"https:\/\/portalpraties.com.br\/site\/wp-json\/wp\/v2\/users\/1"}],"replies":[{"embeddable":true,"href":"https:\/\/portalpraties.com.br\/site\/wp-json\/wp\/v2\/comments?post=4400"}],"version-history":[{"count":3,"href":"https:\/\/portalpraties.com.br\/site\/wp-json\/wp\/v2\/posts\/4400\/revisions"}],"predecessor-version":[{"id":4404,"href":"https:\/\/portalpraties.com.br\/site\/wp-json\/wp\/v2\/posts\/4400\/revisions\/4404"}],"wp:featuredmedia":[{"embeddable":true,"href":"https:\/\/portalpraties.com.br\/site\/wp-json\/wp\/v2\/media\/4401"}],"wp:attachment":[{"href":"https:\/\/portalpraties.com.br\/site\/wp-json\/wp\/v2\/media?parent=4400"}],"wp:term":[{"taxonomy":"category","embeddable":true,"href":"https:\/\/portalpraties.com.br\/site\/wp-json\/wp\/v2\/categories?post=4400"},{"taxonomy":"post_tag","embeddable":true,"href":"https:\/\/portalpraties.com.br\/site\/wp-json\/wp\/v2\/tags?post=4400"}],"curies":[{"name":"wp","href":"https:\/\/api.w.org\/{rel}","templated":true}]}}