{"id":4603,"date":"2021-08-22T20:52:29","date_gmt":"2021-08-22T20:52:29","guid":{"rendered":"http:\/\/portalpraties.com.br\/site\/?p=4603"},"modified":"2021-08-22T20:52:29","modified_gmt":"2021-08-22T20:52:29","slug":"a-escola-novaerense-mantem-contrato-com-o-governo-federal-para-oferecer-cursos-tecnicos-pelo-pronatec","status":"publish","type":"post","link":"https:\/\/portalpraties.com.br\/site\/2021\/08\/22\/a-escola-novaerense-mantem-contrato-com-o-governo-federal-para-oferecer-cursos-tecnicos-pelo-pronatec\/","title":{"rendered":"A Escola Novaerense mant\u00e9m contrato com o Governo Federal para oferecer cursos t\u00e9cnicos pelo PRONATEC"},"content":{"rendered":"\n<p>Fonte: escolanovaerense.com.br<\/p>\n\n\n\n<figure class=\"wp-block-table\"><table><tbody><tr><td class=\"has-text-align-left\" data-align=\"left\">O Ensino T\u00e9cnico \u00e9 voltado para estudantes de ensino m\u00e9dio ou pessoas que j\u00e1 possuam este n\u00edvel de instru\u00e7\u00e3o. Seria um n\u00edvel intermedi\u00e1rio entre o ensino m\u00e9dio e o ensino superior.O mercado de trabalho acompanha as mesmas transforma\u00e7\u00f5es pelas quais o mundo passa. <br><br>Os novos processos de comunica\u00e7\u00e3o, a velocidade do avan\u00e7o tecnol\u00f3gico e a automatiza\u00e7\u00e3o dos meios de produ\u00e7\u00e3o exigem novas compet\u00eancias de profissionais de todas as \u00e1reas.<br><br>Cursos t\u00e9cnicos s\u00e3o programas de educa\u00e7\u00e3o profissional que habilitam para profiss\u00e3o. Exigem autoriza\u00e7\u00e3o para funcionamento e conferem diploma mediante comprova\u00e7\u00e3o de conclus\u00e3o do ensino m\u00e9dio.Em um contexto cuja principal caracter\u00edstica \u00e9 a mudan\u00e7a, os cursos t\u00e9cnicos s\u00e3o uma excelente op\u00e7\u00e3o para quem j\u00e1 concluiu o Ensino M\u00e9dio e ainda n\u00e3o tem uma profiss\u00e3o, pois oferecem a possibilidade de adquirir compet\u00eancias de n\u00edvel t\u00e9cnico em um curto espa\u00e7o de tempo, com o perfil profissional que o mercado requisita.<br><br>Cursos t\u00e9cnicos favorecem inclus\u00e3o no mercado de trabalho Focado na pr\u00e1tica e com o objetivo de atender a demanda das ind\u00fastrias, capacita\u00e7\u00e3o de n\u00edvel t\u00e9cnico garante ingresso r\u00e1pido do mercado de trabalho. Parte dos trabalhadores que integram as estat\u00edsticas de desemprego tem dificuldade de conseguir uma vaga devido \u00e0 falta de capacita\u00e7\u00e3o formal.\u00a0<\/td><\/tr><tr><td class=\"has-text-align-left\" data-align=\"left\">&nbsp;<\/td><\/tr><tr><td class=\"has-text-align-left\" data-align=\"left\"><strong><em>Prepare-se para novas perspectivas profissionais<\/em><\/strong><strong><em>Fa\u00e7a um Curso T\u00e9cnico na Escola Novaerense<\/em><\/strong>&nbsp;<\/td><\/tr><\/tbody><\/table><\/figure>\n\n\n\n<p><a href=\"http:\/\/www.escolanovaerense.com.br\/cursostecnicos\/\" data-type=\"URL\" data-id=\"http:\/\/www.escolanovaerense.com.br\/cursostecnicos\/\">http:\/\/www.escolanovaerense.com.br\/cursostecnicos\/<\/a><a href=\"http:\/\/www.escolanovaerense.com.br\/cursostecnicos\/principal.asp\" data-type=\"URL\" data-id=\"http:\/\/www.escolanovaerense.com.br\/cursostecnicos\/principal.asp\">principal.asp<\/a><\/p>\n","protected":false},"excerpt":{"rendered":"<p>Fonte: escolanovaerense.com.br O Ensino T\u00e9cnico \u00e9 voltado para estudantes de ensino m\u00e9dio ou pessoas que j\u00e1 possuam este n\u00edvel de instru\u00e7\u00e3o. Seria um n\u00edvel intermedi\u00e1rio entre o ensino m\u00e9dio e o ensino superior.O mercado de trabalho acompanha as mesmas transforma\u00e7\u00f5es pelas quais o mundo passa. Os novos processos de comunica\u00e7\u00e3o, a velocidade do avan\u00e7o tecnol\u00f3gico e a automatiza\u00e7\u00e3o dos meios [&hellip;]<\/p>\n","protected":false},"author":1,"featured_media":4604,"comment_status":"closed","ping_status":"","sticky":false,"template":"","format":"standard","meta":{"footnotes":""},"categories":[3],"tags":[],"class_list":["post-4603","post","type-post","status-publish","format-standard","has-post-thumbnail","hentry","category-noticias"],"_links":{"self":[{"href":"https:\/\/portalpraties.com.br\/site\/wp-json\/wp\/v2\/posts\/4603","targetHints":{"allow":["GET"]}}],"collection":[{"href":"https:\/\/portalpraties.com.br\/site\/wp-json\/wp\/v2\/posts"}],"about":[{"href":"https:\/\/portalpraties.com.br\/site\/wp-json\/wp\/v2\/types\/post"}],"author":[{"embeddable":true,"href":"https:\/\/portalpraties.com.br\/site\/wp-json\/wp\/v2\/users\/1"}],"replies":[{"embeddable":true,"href":"https:\/\/portalpraties.com.br\/site\/wp-json\/wp\/v2\/comments?post=4603"}],"version-history":[{"count":1,"href":"https:\/\/portalpraties.com.br\/site\/wp-json\/wp\/v2\/posts\/4603\/revisions"}],"predecessor-version":[{"id":4605,"href":"https:\/\/portalpraties.com.br\/site\/wp-json\/wp\/v2\/posts\/4603\/revisions\/4605"}],"wp:featuredmedia":[{"embeddable":true,"href":"https:\/\/portalpraties.com.br\/site\/wp-json\/wp\/v2\/media\/4604"}],"wp:attachment":[{"href":"https:\/\/portalpraties.com.br\/site\/wp-json\/wp\/v2\/media?parent=4603"}],"wp:term":[{"taxonomy":"category","embeddable":true,"href":"https:\/\/portalpraties.com.br\/site\/wp-json\/wp\/v2\/categories?post=4603"},{"taxonomy":"post_tag","embeddable":true,"href":"https:\/\/portalpraties.com.br\/site\/wp-json\/wp\/v2\/tags?post=4603"}],"curies":[{"name":"wp","href":"https:\/\/api.w.org\/{rel}","templated":true}]}}