{"id":4606,"date":"2021-08-22T21:12:21","date_gmt":"2021-08-22T21:12:21","guid":{"rendered":"http:\/\/portalpraties.com.br\/site\/?p=4606"},"modified":"2021-08-28T23:05:45","modified_gmt":"2021-08-28T23:05:45","slug":"corporacoes-musicais-da-regiao","status":"publish","type":"post","link":"https:\/\/portalpraties.com.br\/site\/2021\/08\/22\/corporacoes-musicais-da-regiao\/","title":{"rendered":"Corpora\u00e7\u00f5es Musicais da Regi\u00e3o"},"content":{"rendered":"\n<h2 class=\"wp-block-heading\">Corpora\u00e7\u00e3o Musical An\u00edbal Soares de Oliveira<\/h2>\n\n\n\n<p>Fonte: ufmg.br<\/p>\n\n\n\n<p><strong>Munic\u00edpio:<\/strong>&nbsp;S\u00e3o Domingos do Prata<\/p>\n\n\n\n<p>Aos 23 dias do m\u00eas de julho de 1972 deu in\u00edcio \u00e0 Corpora\u00e7\u00e3o Musical com o t\u00edtulo de Banda Feminina, que teve como fundadora Dr. Altair de Magalh\u00e3es Martins que com as demais pessoas da comunidade foi eleita a primeira diretoria tendo como presidente o Dr.Altair Magalh\u00e3es Martins, Vice-presidente Ana Rosa Ferreira Gomes, 1\u00aa Secret\u00e1ria Myriam Soares, 2\u00aa Secret\u00e1ria S\u00f4nia Maria Paula, 1\u00aa Tesoureira Elisa Pessoa Pinto e a Procuradora Maria de Assis Abade. Sendo contratado o maestro An\u00edbal Soares de Oliveira para dar in\u00edcio ao ensino musical o que com toda boa vontade e sem receber nada, iniciou a Banda Feminina da Vargem Linda. Em reuni\u00e3o extraordin\u00e1ria foi feito o estatuto para dar regras \u00e0 corpora\u00e7\u00e3o. N\u00e3o tendo condi\u00e7\u00f5es de permanecer s\u00f3 com mo\u00e7as e senhoras, foram convidados elementos do sexo masculino para preencher as vagas que haviam, ent\u00e3o a corpora\u00e7\u00e3o feminina passou a ser uma corpora\u00e7\u00e3o mista, o que dura at\u00e9 hoje. No princ\u00edpio de 1983, o maestro An\u00edbal Soares de Oliveira adoeceu com certa gravidade e pediu ao Sr. Domingos Assis de Oliveira para ajuda-lo n\u00e3o s\u00f3 como m\u00fasico como tamb\u00e9m seu vice-regente. No dia 3 de abril de 1983, o maestro sendo levado para junto de Deus. Mais ou menos um m\u00eas antes, ainda muito l\u00facido, pediu ao Sr.Domingos para n\u00e3o deixar a Banda de M\u00fasica acabar. Domingos ent\u00e3o aceitou o desafio de continuar a frente como regente, sendo que foi aceito pela diretoria representada pelo Sr.Ant\u00f4nio Paulino da Silva que, por sua vez, convocou uma reuni\u00e3o na qual por sugest\u00e3o do Sr.Domingos Assis de Oliveira, ent\u00e3o regente, prop\u00f4s mudar o nome da corpora\u00e7\u00e3o musical para Corpora\u00e7\u00e3o Musical An\u00edbal Soares de Oliveira, isto aconteceu em 25 de abril de 1983. Com muito esfor\u00e7o, n\u00e3o s\u00f3 do maestro como tamb\u00e9m de toda a diretoria e m\u00fasicos, apesar de estarmos com os instrumentos em situa\u00e7\u00e3o prec\u00e1ria continuamos em frente.<\/p>\n\n\n\n<p>Obs. Sendo feita uma assembl\u00e9ia, teve que mudar o estatuto da Corpora\u00e7\u00e3o Musical An\u00edbal Soares de Oliveira o qual foi registrado<\/p>\n\n\n\n<p><\/p>\n\n\n\n<h2 class=\"wp-block-heading\">Corpora\u00e7\u00e3o Musical Santa Cec\u00edlia<\/h2>\n\n\n\n<p>Fonte: ipatrimonio.org<\/p>\n\n\n\n<p><strong>Nome atribu\u00eddo:&nbsp;<\/strong>Corpora\u00e7\u00e3o Musical Santa Cec\u00edlia (Formas de Express\u00e3o)<br><strong>Localiza\u00e7\u00e3o:&nbsp;<\/strong>Itabirito-MG<\/p>\n\n\n\n<p><strong>&nbsp;<\/strong>A Corpora\u00e7\u00e3o Musical Santa Cec\u00edlia de Itabirito- MG, fundada em 1\u00ba de Janeiro de 1896 \u201a tem atualmente sua sede pr\u00f3pria e possui uma Banda de M\u00fasica, com 55 m\u00fasicos, um Coral com 30 participantes, inclusive conjunto de serestas, al\u00e9m de escola de m\u00fasica com ensino gratuito. Um Coral com participa\u00e7\u00e3o permanente em festividades religiosas, art\u00edsticas, serestas e festas c\u00edvicas. A Banda de M\u00fasica participa de atividades no munic\u00edpio, cidades vizinhas e mais distantes como no Rio de Janeiro, Angra dos Reis, Caldas Novas. Foi uma das participantes dos 100 anos de Belo Horizonte, mant\u00e9m conv\u00eanio com atual projeto de apoio \u00e0s bandas de m\u00fasica. Na cidade participa desde os eventos recreativos aos religiosos, como Semana Santa, Semana da P\u00e1tria, e outros eventos. Realizando audi\u00e7\u00f5es p\u00fablicas (retretas) especialmente quando se comemora o dia consagrado ao m\u00fasico (22 de novembro) em que celebra-se com Missa e Prociss\u00e3o o dia da Padroeira, Santa Cec\u00edlia.<br>Recebeu tr\u00eas grandes pr\u00eamios: em 1933, Medalha de Ouro, pelo 1\u00ba lugar no concurso para bandas de m\u00fasica na feira de amostras em Belo Horizonte; em 1970, 1\u00ba lugar no concurso para bandas de m\u00fasica em Sabar\u00e1 promo\u00e7\u00e3o dos Di\u00e1rios Associados e em 1992, 2\u00baLugar regional no concurso de bandas de m\u00fasica promovido pelo Governo do Estado de Minas Gerais na cidade de Conselheiro Lafaiete.<br>Fonte: Secretaria de Estado de Turismo de Minas Gerais.<\/p>\n\n\n\n<p><\/p>\n\n\n\n<h2 class=\"wp-block-heading\">Corpora\u00e7\u00e3o Musical Euterpe Lagoana<\/h2>\n\n\n\n<p>Fonte: novaera.mg.gov.br<\/p>\n\n\n\n<p><strong>Munic\u00edpio<\/strong>: Nova Era \u2013 MG<\/p>\n\n\n\n<p>A Corpora\u00e7\u00e3o Musical Euterpe Lagoana, foi fundada em 08 de Outubro de 1.937. A sua sede est\u00e1 localizada \u00e0 rua Padre Manoel, 158, Bairro Serra, Munic\u00edpio de Nova Era \u2013 MG.<\/p>\n\n\n\n<p>Por seu valor sociocultural e de signific\u00e2ncia cultural ap\u00f3s a conclus\u00e3o do processo de Registro do Bem, o Departamento Municipal de Cultura e Turismo, o Conselho Municipal de Patrim\u00f4nio Hist\u00f3rico e Art\u00edstico de Nova Era (COMPHANE) e a comunidade se mostrarem favor\u00e1veis ao Registro do Bem Imaterial Corpora\u00e7\u00e3o Musical Euterpe Lagoana foi Registrada no Livro de Registro das Formas de Express\u00e3o em 01\/04\/2015; pag53, n\u00b002, Decreto n\u00b01868\/20015 e sujeito a prote\u00e7\u00e3o especial de acordo com a Lei Municipal n\u00b0158\/2001. &nbsp;Por seu valor hist\u00f3rico e cultural, marcado por elementos de uma pr\u00e1tica cultural que remonta a tradi\u00e7\u00e3o, costumes e representa\u00e7\u00f5es. Por ser centro de atividade musical mais importante do munic\u00edpio, que rearticulam o legado junto \u00e0 sociedade, na manuten\u00e7\u00e3o da tradi\u00e7\u00e3o, pautada na constru\u00e7\u00e3o pessoal e coletiva dos seus membros.<\/p>\n\n\n\n<p>\u00c9 constitu\u00edda atualmente por 25 componentes, entre homens e mulheres.<\/p>\n\n\n\n<p>A faixa et\u00e1ria \u00e9 bem diferenciada.<\/p>\n\n\n\n<p>Todos os m\u00fasicos s\u00e3o volunt\u00e1rios e t\u00eam tr\u00eas ou mais ensaios por m\u00eas.Tendo uma m\u00e9dia de 60 apresenta\u00e7\u00f5es por ano na cidade e em outras regi\u00f5es.<\/p>\n\n\n\n<p>A Corpora\u00e7\u00e3o Musical Euterpe Lagoana utiliza instrumentos variados: sax tenor, trombone de vara, sax alto, bombard\u00e3o, clarinete, bombardino, trompete, trombone de pisto, bar\u00edtono, requinta, sax horns.<\/p>\n\n\n\n<p>Fazem parte do repert\u00f3rio da Banda, m\u00fasica popular brasileira, hinos, m\u00fasica internacional, regional, religiosa, dobrados e marchas. Executa tamb\u00e9m m\u00fasicas do \u201cRepert\u00f3rio de Ouro das Bandas de M\u00fasica do Brasil\u201d editado pela FUNARTE. Possui tamb\u00e9m arranjos pr\u00f3prios e composi\u00e7\u00f5es de componentes da Banda.<\/p>\n\n\n\n<p>Tendo presen\u00e7a ativa junto \u00e0 comunidade, ao longo de seus 80 anos de exist\u00eancia, tem como objetivo, disseminar a arte musical, atrav\u00e9s da execu\u00e7\u00e3o de melodias que embelezam de maneira especial os eventos culturais (datas c\u00edvicas, religiosas, populares, retretas e outros), contribuindo como enriquecedor elemento cultural.<\/p>\n\n\n\n<p>A Corpora\u00e7\u00e3o Musical Euterpe Lagoana possui alunos em forma\u00e7\u00e3o e treinamento na pr\u00f3pria sede. Alunos com uma faixa et\u00e1ria diversificada, em sua maioria estudantes.<\/p>\n\n\n\n<p><\/p>\n\n\n\n<h2 class=\"wp-block-heading\">Corpora\u00e7\u00e3o Musical Santa Cecilia <\/h2>\n\n\n\n<p>Fonte: cnpj.info<\/p>\n\n\n\n<p><strong>Localiza\u00e7\u00e3o:\u00a0<\/strong>S\u00e3o Domingos do Prata<\/p>\n\n\n\n<p>A atividade de produ\u00e7\u00e3o musical envolve a promo\u00e7\u00e3o e produ\u00e7\u00e3o de grupos, bandas, m\u00fasicos independentes, duplas e orquestras musicais, assim como concertos, sinfonias e \u00f3peras. Especificando-se um pouco mais os servi\u00e7os desta classe, teremos: composi\u00e7\u00e3o de m\u00fasica (partitura, cifras e tablaturas), arranjos e edi\u00e7\u00f5es, organiza\u00e7\u00e3o de eventos musicais, produ\u00e7\u00e3o musical e at\u00e9 mesmo a atividade de trios el\u00e9tricos (como no Carnaval de Salvador e outras festividades culturais brasileiras &#8211; micaretas, festivais de ver\u00e3o, dentre outros).<\/p>\n\n\n\n<ul class=\"wp-block-list\"><li>Produ\u00e7\u00e3o de espet\u00e1culos de dan\u00e7a<\/li><\/ul>\n\n\n\n<p>A produ\u00e7\u00e3o de espet\u00e1culos de dan\u00e7a \u00e9 uma categoria que envolve a promo\u00e7\u00e3o e a execu\u00e7\u00e3o dos espet\u00e1culos de companhias e grupos de dan\u00e7as e dan\u00e7arinos independentes. Envolve eventos culturais de dan\u00e7a, conjuntos de dan\u00e7a folcl\u00f3rica e outros espet\u00e1culos culturais de cunho regional e local (como o frevo, maracatu, boi-bumb\u00e1).<\/p>\n","protected":false},"excerpt":{"rendered":"<p>Corpora\u00e7\u00e3o Musical An\u00edbal Soares de Oliveira Fonte: ufmg.br Munic\u00edpio:&nbsp;S\u00e3o Domingos do Prata Aos 23 dias do m\u00eas de julho de 1972 deu in\u00edcio \u00e0 Corpora\u00e7\u00e3o Musical com o t\u00edtulo de Banda Feminina, que teve como fundadora Dr. Altair de Magalh\u00e3es Martins que com as demais pessoas da comunidade foi eleita a primeira diretoria tendo como presidente o Dr.Altair Magalh\u00e3es Martins, [&hellip;]<\/p>\n","protected":false},"author":1,"featured_media":4609,"comment_status":"closed","ping_status":"","sticky":false,"template":"","format":"standard","meta":{"footnotes":""},"categories":[3],"tags":[],"class_list":["post-4606","post","type-post","status-publish","format-standard","has-post-thumbnail","hentry","category-noticias"],"_links":{"self":[{"href":"https:\/\/portalpraties.com.br\/site\/wp-json\/wp\/v2\/posts\/4606","targetHints":{"allow":["GET"]}}],"collection":[{"href":"https:\/\/portalpraties.com.br\/site\/wp-json\/wp\/v2\/posts"}],"about":[{"href":"https:\/\/portalpraties.com.br\/site\/wp-json\/wp\/v2\/types\/post"}],"author":[{"embeddable":true,"href":"https:\/\/portalpraties.com.br\/site\/wp-json\/wp\/v2\/users\/1"}],"replies":[{"embeddable":true,"href":"https:\/\/portalpraties.com.br\/site\/wp-json\/wp\/v2\/comments?post=4606"}],"version-history":[{"count":3,"href":"https:\/\/portalpraties.com.br\/site\/wp-json\/wp\/v2\/posts\/4606\/revisions"}],"predecessor-version":[{"id":4765,"href":"https:\/\/portalpraties.com.br\/site\/wp-json\/wp\/v2\/posts\/4606\/revisions\/4765"}],"wp:featuredmedia":[{"embeddable":true,"href":"https:\/\/portalpraties.com.br\/site\/wp-json\/wp\/v2\/media\/4609"}],"wp:attachment":[{"href":"https:\/\/portalpraties.com.br\/site\/wp-json\/wp\/v2\/media?parent=4606"}],"wp:term":[{"taxonomy":"category","embeddable":true,"href":"https:\/\/portalpraties.com.br\/site\/wp-json\/wp\/v2\/categories?post=4606"},{"taxonomy":"post_tag","embeddable":true,"href":"https:\/\/portalpraties.com.br\/site\/wp-json\/wp\/v2\/tags?post=4606"}],"curies":[{"name":"wp","href":"https:\/\/api.w.org\/{rel}","templated":true}]}}