{"id":4752,"date":"2021-08-28T22:38:21","date_gmt":"2021-08-28T22:38:21","guid":{"rendered":"http:\/\/portalpraties.com.br\/site\/?p=4752"},"modified":"2021-08-28T22:38:44","modified_gmt":"2021-08-28T22:38:44","slug":"7-de-setembro-dia-da-independencia-do-brasil","status":"publish","type":"post","link":"https:\/\/portalpraties.com.br\/site\/2021\/08\/28\/7-de-setembro-dia-da-independencia-do-brasil\/","title":{"rendered":"7 de setembro \u2013 Dia da Independ\u00eancia do Brasil"},"content":{"rendered":"\n<h2 class=\"wp-block-heading\">O dia 7 de setembro \u00e9 uma data comemorativa que relembra a declara\u00e7\u00e3o de independ\u00eancia do Brasil, realizada nesse mesmo dia em 1822.<\/h2>\n\n\n\n<p>Fonte: brasilescola.uol.com.br<\/p>\n\n\n\n<p><\/p>\n\n\n\n<p>O 7 de setembro \u00e9 uma data comemorativa que relembra a declara\u00e7\u00e3o de independ\u00eancia do Brasil, realizada em 7 de setembro de 1822.<\/p>\n\n\n\n<p>O\u00a0<strong>7 de setembro<\/strong>\u00a0\u00e9 uma das datas comemorativas mais importantes do Brasil, justamente por abrigar um dos principais acontecimentos da nossa hist\u00f3ria: a nossa\u00a0independ\u00eancia. Foi nesse dia, em 1822, que d. Pedro deu in\u00edcio a nossa trajet\u00f3ria como na\u00e7\u00e3o independente. Atualmente, o 7 de setembro \u00e9 um\u00a0<strong>feriado nacional\u00a0<\/strong>que \u00e9 marcado por comemora\u00e7\u00f5es p\u00fablicas nas grandes cidades.<\/p>\n\n\n\n<h2 class=\"wp-block-heading\"><strong>Hist\u00f3ria<\/strong><\/h2>\n\n\n\n<p>A independ\u00eancia do Brasil aconteceu em 7 de setembro de 1822, quando, supostamente,\u00a0d. Pedro\u00a0(futuro d. Pedro I) proclamou o grito da independ\u00eancia \u00e0s margens do Rio Ipiranga, na atual cidade de S\u00e3o Paulo. Com isso, o Brasil rompeu sua liga\u00e7\u00e3o com Portugal e consolidou-se como na\u00e7\u00e3o independente.<\/p>\n\n\n\n<h2 class=\"wp-block-heading\"><strong>Quais foram as causas da independ\u00eancia?<\/strong><\/h2>\n\n\n\n<p>A independ\u00eancia foi resultado de um processo de\u00a0<strong>desgaste<\/strong>\u00a0nas rela\u00e7\u00f5es entre os colonos brasileiros, sobretudo da elite, com Portugal. Isso teve rela\u00e7\u00e3o direta com a\u00a0<strong>Revolu\u00e7\u00e3o Liberal do Porto de 1820<\/strong>, mas podemos considerar que tudo come\u00e7ou com a\u00a0transfer\u00eancia da fam\u00edlia real portuguesa para o Brasil, em 1808.<\/p>\n\n\n\n<p>A transfer\u00eancia da fam\u00edlia real foi uma consequ\u00eancia da\u00a0Era Napole\u00f4nica\u00a0e motivada pela<strong>\u00a0invas\u00e3o de Portugal pelas tropas francesas<\/strong>. A mudan\u00e7a da fam\u00edlia real portuguesa para o Rio de Janeiro foi, portanto, uma fuga. Ap\u00f3s se instalar no Rio de Janeiro, foi iniciado o que ficou conhecido como\u00a0Per\u00edodo Joanino.<\/p>\n\n\n\n<p>Esse nome faz refer\u00eancia a\u00a0<strong>d. Jo\u00e3o VI<\/strong>, regente que esteve \u00e0 frente de Portugal e s\u00f3 se tornou rei portugu\u00eas a partir de 1816. Aqui no Brasil, d. Jo\u00e3o VI realizou uma s\u00e9rie de medidas que contribuiu para a moderniza\u00e7\u00e3o do Brasil, promovendo desenvolvimento econ\u00f4mico e florescimento cultural e art\u00edstico.<\/p>\n\n\n\n<p>Duas medidas de destaque foram a&nbsp;<strong>abertura dos portos<\/strong>, em 1808, e a&nbsp;<strong>eleva\u00e7\u00e3o do Brasil \u00e0 condi\u00e7\u00e3o de reino<\/strong>, em 1815. Com essa \u00faltima medida, o Brasil deixou de ser uma col\u00f4nia e tornou-se parte do reino portugu\u00eas. Essa situa\u00e7\u00e3o, no entanto, desagradava a muitos em Portugal. Assim, em 1820, estourou a citada Revolu\u00e7\u00e3o Liberal do Porto.<\/p>\n\n\n\n<p>Essa revolu\u00e7\u00e3o mobilizou a elite de Portugal pelo desejo de reformas no pa\u00eds, que inclu\u00edam o retorno do rei para Lisboa. O ponto de partida para o processo de independ\u00eancia do Brasil foi, portanto, a inten\u00e7\u00e3o da\u00a0<strong>Corte<\/strong>\u00a0<strong>portuguesa<\/strong>\u00a0(institui\u00e7\u00e3o \u00e0 frente dessa revolu\u00e7\u00e3o em Portugal) de revogar todas as medidas tomadas por d. Jo\u00e3o VI durante o Per\u00edodo Joanino.<\/p>\n\n\n\n<h2 class=\"wp-block-heading\"><strong>Processo de independ\u00eancia do Brasil<\/strong><\/h2>\n\n\n\n<p>Foi por causa da possibilidade de recoloniza\u00e7\u00e3o do Brasil que o nosso processo de independ\u00eancia iniciou-se. A elite econ\u00f4mica do pa\u00eds \u2013 nesse caso, a elite do Sudeste \u2013 n\u00e3o aceitava essa possibilidade porque afetaria seus interesses econ\u00f4micos. Negocia\u00e7\u00f5es estenderam-se durante 1820 e 1821, mas, a partir de 1822, o sentimento separatista come\u00e7ou a ganhar for\u00e7a.<\/p>\n\n\n\n<p>Quem encabe\u00e7ou a independ\u00eancia do Brasil foi o\u00a0pr\u00edncipe regente d. Pedro. \u00c0 medida que a situa\u00e7\u00e3o foi tornando-se irreconcili\u00e1vel, o pr\u00edncipe foi convencido a liderar o processo de independ\u00eancia do Brasil. Em 7 de setembro de 1822, a situa\u00e7\u00e3o mostrou-se insustent\u00e1vel, e o regente\u00a0<strong>declarou a independ\u00eancia<\/strong>.<\/p>\n\n\n\n<p>\u00c9 importante dizer que o nosso processo de independ\u00eancia&nbsp;<strong>n\u00e3o foi pac\u00edfico<\/strong>, uma vez que houve resist\u00eancia, o que resultou em batalhas em locais como Bahia, Par\u00e1 e Cisplatina (atual Uruguai). As tropas ditas \u201cbrasileiras\u201d venceram e conseguiram subjugar os movimentos de resist\u00eancia.<\/p>\n\n\n\n<p>Portugal acabou reconhecendo nossa independ\u00eancia em 1824, depois que os ingleses mediaram um acordo entre brasileiros e portugueses. O Brasil, como na\u00e7\u00e3o independente, organizou-se como uma&nbsp;<a href=\"https:\/\/brasilescola.uol.com.br\/o-que-e\/historia\/o-que-e-monarquia.htm\">monarquia<\/a>&nbsp;e d. Pedro foi&nbsp;<strong>aclamado<\/strong>&nbsp;e&nbsp;<strong>coroado<\/strong>&nbsp;como&nbsp;<strong>imperador do Brasil.&nbsp;<\/strong>Assim, a partir de 1822, ele come\u00e7ou a ser de d. Pedro I.<\/p>\n\n\n\n<p>Caso queira saber mais sobre todo o processo de independ\u00eancia do Brasil, sugerimos a leitura dos seguintes textos:\u00a0Independ\u00eancia do Brasil\u00a0e\u00a0Guerras de Independ\u00eancia.<\/p>\n\n\n\n<h2 class=\"wp-block-heading\"><strong>Feriado<\/strong><\/h2>\n\n\n\n<p>O 7 de setembro \u00e9 um dia extremamente importante para a nossa hist\u00f3ria. A mem\u00f3ria coletiva em nosso pa\u00eds consolidou essa data como o dia em que d. Pedro realizou o grito da nossa independ\u00eancia, sendo esse acontecimento um&nbsp;<strong>marco de funda\u00e7\u00e3o<\/strong>&nbsp;de nosso pa\u00eds. Apesar disso, os&nbsp;<strong>historiadores atualmente n\u00e3o t\u00eam certeza<\/strong>&nbsp;se d. Pedro realizou, de fato, o&nbsp;<strong>Grito do Ipiranga.<\/strong><\/p>\n\n\n\n<p>Sendo considerado um dos marcos fundadores, a data \u00e9 entendida como um momento importante para a mem\u00f3ria coletiva do brasileiro e, por isso, deve ser celebrada. A import\u00e2ncia da data \u00e9 facilmente identificada pelo fato de que ela \u00e9 um\u00a0<strong>feriado nacional<\/strong>\u00a0e \u00e9 um dos tr\u00eas feriados que comemoram acontecimentos marcantes da hist\u00f3ria brasileira (os outros s\u00e3o o\u00a0Dia de Tiradentes\u00a0e o\u00a0<u>Dia da Proclama\u00e7\u00e3o da Rep\u00fablica<\/u>).<\/p>\n\n\n\n<p><strong>Acesse tamb\u00e9m<\/strong>:\u00a0Tiradentes, um dos grandes nomes da hist\u00f3ria brasileira<\/p>\n\n\n\n<p>O 7 de setembro s\u00f3 foi transformado em feriado nacional durante o\u00a0governo de Eurico Gaspar Dutra, o primeiro presidente do Brasil ap\u00f3s a\u00a0ditadura de Vargas. Essa lei decretou a exist\u00eancia de\u00a0<strong>sete feriados<\/strong>\u00a0no calend\u00e1rio brasileiro e foi refor\u00e7ada e modificada por uma lei assinada durante o\u00a0governo de Fernando Henrique Cardoso.<\/p>\n\n\n\n<p>As duas leis foram as seguintes:<\/p>\n\n\n\n<ul class=\"wp-block-list\"><li><strong>Lei n\u00ba 662<\/strong>, de 6 de abril de 1949;<\/li><li><strong>Lei n\u00ba 10.607<\/strong>, de 19 de dezembro de 2002.<\/li><\/ul>\n\n\n\n<p>As comemora\u00e7\u00f5es da independ\u00eancia no Brasil acontecem sobretudo nas grandes cidades do Brasil e s\u00e3o marcadas por\u00a0<strong>desfiles<\/strong>\u00a0realizados pelo Ex\u00e9rcito brasileiro. Na capital, Bras\u00edlia, s\u00e3o realizados desfiles de membros das\u00a0<strong>For\u00e7as<\/strong>\u00a0<strong>Armadas<\/strong>\u00a0(Marinha, Ex\u00e9rcito e Aeron\u00e1utica), assim como acontecem desfiles de bandas e at\u00e9 de veteranos da\u00a0For\u00e7a Expedicion\u00e1ria Brasileira, que lutou na\u00a0Segunda Guerra.<\/p>\n\n\n\n<figure class=\"wp-block-image\"><img decoding=\"async\" src=\"https:\/\/s3.static.brasilescola.uol.com.br\/img\/2019\/09\/desfile-independencia.jpg\" alt=\"No dia 7 de setembro, s\u00e3o realizados desfiles militares nas grandes cidades do Brasil.[1]\"\/><figcaption>No dia 7 de setembro, s\u00e3o realizados desfiles militares nas grandes cidades do Brasil.<strong>[1]<\/strong><\/figcaption><\/figure>\n\n\n\n<p>A\u00a0<strong>Esquadrilha da Fuma\u00e7a<\/strong>, destacamento da Aeron\u00e1utica famoso por realizar exibi\u00e7\u00f5es acrob\u00e1ticas com avi\u00f5es, faz exibi\u00e7\u00f5es na capital. As comemora\u00e7\u00f5es de 7 de setembro s\u00e3o t\u00e3o expressivas que, em 2018, por exemplo, cerca de 30 mil pessoas assistiram aos desfiles em S\u00e3o Paulo e Campo Grande, e 10 mil, em Florian\u00f3polis.<\/p>\n","protected":false},"excerpt":{"rendered":"<p>O dia 7 de setembro \u00e9 uma data comemorativa que relembra a declara\u00e7\u00e3o de independ\u00eancia do Brasil, realizada nesse mesmo dia em 1822. Fonte: brasilescola.uol.com.br O 7 de setembro \u00e9 uma data comemorativa que relembra a declara\u00e7\u00e3o de independ\u00eancia do Brasil, realizada em 7 de setembro de 1822. O\u00a07 de setembro\u00a0\u00e9 uma das datas comemorativas mais importantes do Brasil, justamente [&hellip;]<\/p>\n","protected":false},"author":1,"featured_media":4753,"comment_status":"closed","ping_status":"","sticky":false,"template":"","format":"standard","meta":{"footnotes":""},"categories":[3],"tags":[],"class_list":["post-4752","post","type-post","status-publish","format-standard","has-post-thumbnail","hentry","category-noticias"],"_links":{"self":[{"href":"https:\/\/portalpraties.com.br\/site\/wp-json\/wp\/v2\/posts\/4752","targetHints":{"allow":["GET"]}}],"collection":[{"href":"https:\/\/portalpraties.com.br\/site\/wp-json\/wp\/v2\/posts"}],"about":[{"href":"https:\/\/portalpraties.com.br\/site\/wp-json\/wp\/v2\/types\/post"}],"author":[{"embeddable":true,"href":"https:\/\/portalpraties.com.br\/site\/wp-json\/wp\/v2\/users\/1"}],"replies":[{"embeddable":true,"href":"https:\/\/portalpraties.com.br\/site\/wp-json\/wp\/v2\/comments?post=4752"}],"version-history":[{"count":2,"href":"https:\/\/portalpraties.com.br\/site\/wp-json\/wp\/v2\/posts\/4752\/revisions"}],"predecessor-version":[{"id":4755,"href":"https:\/\/portalpraties.com.br\/site\/wp-json\/wp\/v2\/posts\/4752\/revisions\/4755"}],"wp:featuredmedia":[{"embeddable":true,"href":"https:\/\/portalpraties.com.br\/site\/wp-json\/wp\/v2\/media\/4753"}],"wp:attachment":[{"href":"https:\/\/portalpraties.com.br\/site\/wp-json\/wp\/v2\/media?parent=4752"}],"wp:term":[{"taxonomy":"category","embeddable":true,"href":"https:\/\/portalpraties.com.br\/site\/wp-json\/wp\/v2\/categories?post=4752"},{"taxonomy":"post_tag","embeddable":true,"href":"https:\/\/portalpraties.com.br\/site\/wp-json\/wp\/v2\/tags?post=4752"}],"curies":[{"name":"wp","href":"https:\/\/api.w.org\/{rel}","templated":true}]}}