{"id":4957,"date":"2021-09-04T12:28:25","date_gmt":"2021-09-04T12:28:25","guid":{"rendered":"http:\/\/portalpraties.com.br\/site\/?p=4957"},"modified":"2021-09-04T12:28:25","modified_gmt":"2021-09-04T12:28:25","slug":"setembro-amarelo-prevencao-ao-suicidio","status":"publish","type":"post","link":"https:\/\/portalpraties.com.br\/site\/2021\/09\/04\/setembro-amarelo-prevencao-ao-suicidio\/","title":{"rendered":"Setembro Amarelo- Preven\u00e7\u00e3o ao su\u00edcidio"},"content":{"rendered":"\n<h2 class=\"wp-block-heading\">O Setembro Amarelo \u00e9 uma campanha de preven\u00e7\u00e3o ao suic\u00eddio que visa \u00e0 conscientiza\u00e7\u00e3o da popula\u00e7\u00e3o sobre esse grave problema e formas de evit\u00e1-lo<\/h2>\n\n\n\n<p>Fonte: brasilescola.uol.com.br<\/p>\n\n\n\n<p>Setembro \u00e9 o m\u00eas em que \u00e9 realizada a campanha de conscientiza\u00e7\u00e3o sobre a preven\u00e7\u00e3o do suic\u00eddio, sendo o dia 10 desse m\u00eas o\u00a0<strong>Dia Mundial de Preven\u00e7\u00e3o ao Suic\u00eddio.<\/strong>\u00a0Essa campanha, conhecida como\u00a0<strong>\u201cSetembro Amarelo\u201d,<\/strong>\u00a0foi criada no Brasil, em 2015, pelo Centro de Valoriza\u00e7\u00e3o da Vida (CVV), Conselho Federal de Medicina (CFM) e a Associa\u00e7\u00e3o Brasileira de Psiquiatria (ABP). Essa \u00e9 uma campanha de\u00a0<strong>extrema import\u00e2ncia<\/strong>, uma vez que o suic\u00eddio \u00e9 um problema grave de sa\u00fade p\u00fablica e que, muitas vezes, pode ser evitado.<\/p>\n\n\n\n<h2 class=\"wp-block-heading\"><strong>A import\u00e2ncia de se falar a respeito do suic\u00eddio<\/strong><\/h2>\n\n\n\n<p>Apesar de o assunto ser delicado, \u00e9 importante conversamos sobre o suic\u00eddio e maneiras como preveni-lo. Muitas pessoas pensam que esse ato \u00e9 uma realidade distante e que afeta poucas pessoas, mas, infelizmente, os dados da\u00a0Organiza\u00e7\u00e3o Mundial de Sa\u00fade\u00a0(OMS) mostram o contr\u00e1rio. De acordo com a OMS, a cada\u00a0<strong>40 segundos<\/strong>, uma pessoa morre por suic\u00eddio em algum lugar do nosso planeta. Isso significa que, em um ano, mais de\u00a0<strong>800 mil pessoas perdem sua vida dessa forma.<\/strong><\/p>\n\n\n\n<p>As causas do suic\u00eddio s\u00e3o variadas e, segundo o CVV, especialistas identificam transtornos mentais na maior partes das pessoas que se suicidam ou que tentam faz\u00ea-lo. Dentre os principais transtornos observados, destacam-se a<strong>\u00a0depress\u00e3o<\/strong>\u00a0na forma simples, a\u00a0depress\u00e3o na forma<strong>\u00a0bipolar,<\/strong>\u00a0a\u00a0<strong>depend\u00eancia qu\u00edmica<\/strong>\u00a0e a\u00a0<strong>esquizofrenia.<\/strong><\/p>\n\n\n\n<p>Entretanto, n\u00e3o podemos afirmar que todas as pessoas que cometem suic\u00eddio apresentam esses transtornos. N\u00e3o podemos nos esquecer de que, muitas vezes, o suic\u00eddio acontece de maneira impulsiva diante de algumas\u00a0<strong>situa\u00e7\u00f5es muito impactantes e inesperadas<\/strong>\u00a0da vida, como final de relacionamentos, perda de pessoas queridas, abusos ou mesmo crises financeiras. O suic\u00eddio tamb\u00e9m \u00e9 comum em\u00a0<strong>pessoas que sofrem discrimina\u00e7\u00e3o,<\/strong>\u00a0como refugiados, imigrantes, gays, l\u00e9sbicas,\u00a0transg\u00eaneros\u00a0e intersexuais.N\u00e3o pare agora&#8230; Tem mais depois da publicidade \ud83d\ude09<\/p>\n\n\n\n<p>Quando entendemos que o suic\u00eddio \u00e9 uma realidade e que pode afetar pessoas a nossa volta, fica mais claro que \u00e9 fundamental conversamos a respeito. Os suic\u00eddios podem ser evitados desde que tenhamos conhecimento sobre seus sintomas, suas causas e formas de evit\u00e1-lo.<\/p>\n\n\n\n<figure class=\"wp-block-table\"><table><tbody><tr><td>Voc\u00ea sabia que no Brasil existe uma institui\u00e7\u00e3o que oferece apoio emocional e atua na preven\u00e7\u00e3o do suic\u00eddio? Trata-se do Centro de Valoriza\u00e7\u00e3o da Vida (CVV), uma associa\u00e7\u00e3o sem fins lucrativos. Caso precise conversar, basta ligar para 188 ou acessar o chat no\u00a0site da CVV. O telefone e o chat funcionam 24 horas por dia, em todos os dias da semana.<\/td><\/tr><\/tbody><\/table><\/figure>\n\n\n\n<h2 class=\"wp-block-heading\"><strong>Como podemos ajudar na preven\u00e7\u00e3o do suic\u00eddio?<\/strong><\/h2>\n\n\n\n<p>Para contribuirmos na preven\u00e7\u00e3o do suic\u00eddio, devemos ser capazes de perceber os<strong>&nbsp;sinais de alerta&nbsp;<\/strong>que uma pessoa emite. Se voc\u00ea perceber que uma pessoa, por exemplo, est\u00e1 desinteressada (at\u00e9 mesmo das atividades de que gostava), n\u00e3o tem mais a mesma produtividade na escola ou no trabalho, est\u00e1 isolando-se de amigos e parentes, descuidando-se da apar\u00eancia, n\u00e3o se importa mais com suas atividades di\u00e1rias ou diz muitas frases relacionadas \u00e0 morte, isso pode ser sinais de que aquela pessoa est\u00e1 precisando de ajuda.<\/p>\n\n\n\n<p>O primeiro passo \u00e9 conversar com essa pessoa, mas aqui fica uma dica importante:&nbsp;<strong>deixe que a pessoa fale, sem emitir julgamentos ou opini\u00f5es sobre o assunto<\/strong>. Deixe bem claro que sua vontade \u00e9 apenas ajudar. O que devemos lembrar sempre \u00e9 que<strong>&nbsp;n\u00e3o devemos medir a dor dos outros pelas nossas experi\u00eancias pessoais<\/strong>&nbsp;e entender que o que n\u00e3o nos afeta n\u00e3o necessariamente n\u00e3o causa dor e sofrimento no outro.<\/p>\n\n\n\n<figure class=\"wp-block-image\"><img decoding=\"async\" src=\"https:\/\/s3.static.brasilescola.uol.com.br\/img\/2019\/09\/amigas-conversando.jpg\" alt=\"Uma conversa tranquila e sem julgamentos pode ser fundamental para ajudar uma pessoa.\"\/><figcaption>Uma conversa tranquila e sem julgamentos pode ser fundamental para ajudar uma pessoa.<\/figcaption><\/figure>\n\n\n\n<p>\u00c9 importante sempre incentivar a pessoa que est\u00e1 apresentando sinais de que pretende cometer suic\u00eddio a procurar<strong>&nbsp;ajuda especializada.<\/strong>&nbsp;Em casos visivelmente graves, \u00e9 essencial que a fam\u00edlia tenha conhecimento da situa\u00e7\u00e3o, bem como amigos pr\u00f3ximos, para que a pessoa seja acolhida e estimulada a procurar ajuda.<\/p>\n\n\n\n<p>Caso perceba que a pessoa corre risco imediato, \u00e9 fundamental<strong>\u00a0n\u00e3o deix\u00e1-la sozinha<\/strong>. Nesses casos, entre em contato com servi\u00e7os de emerg\u00eancia e com algu\u00e9m de confian\u00e7a.<\/p>\n\n\n\n<h2 class=\"wp-block-heading\"><strong>Dados sobre o suic\u00eddio<\/strong><\/h2>\n\n\n\n<p>Veja a seguir alguns dados importantes o sobre o suic\u00eddio.<\/p>\n\n\n\n<figure class=\"wp-block-table\"><table><tbody><tr><td><strong>Dados sobre suic\u00eddio no Brasil e no mundo<\/strong><\/td><\/tr><tr><td>Segundo a OMS, a cada 40 segundos, uma pessoa comete suic\u00eddio no mundo.<\/td><\/tr><tr><td>O suic\u00eddio, de acordo com a OMS, \u00e9 a segunda principal causa de morte entre as pessoas com idade entre 15 e 29 anos.<\/td><\/tr><tr><td>79% dos casos de suic\u00eddios ocorrem em pa\u00edses de baixa e m\u00e9dia renda de acordo com a OMS.<\/td><\/tr><tr><td>Segundo o Minist\u00e9rio da Sa\u00fade, as mulheres tentam mais suic\u00eddio que os homens.<\/td><\/tr><tr><td>Segundo o CVV, 32 brasileiros morrem por dia v\u00edtimas de suic\u00eddio.<\/td><\/tr><tr><td>De acordo com a OMS, 90% dos suic\u00eddios podem ser prevenidos.<\/td><\/tr><\/tbody><\/table><\/figure>\n","protected":false},"excerpt":{"rendered":"<p>O Setembro Amarelo \u00e9 uma campanha de preven\u00e7\u00e3o ao suic\u00eddio que visa \u00e0 conscientiza\u00e7\u00e3o da popula\u00e7\u00e3o sobre esse grave problema e formas de evit\u00e1-lo Fonte: brasilescola.uol.com.br Setembro \u00e9 o m\u00eas em que \u00e9 realizada a campanha de conscientiza\u00e7\u00e3o sobre a preven\u00e7\u00e3o do suic\u00eddio, sendo o dia 10 desse m\u00eas o\u00a0Dia Mundial de Preven\u00e7\u00e3o ao Suic\u00eddio.\u00a0Essa campanha, conhecida como\u00a0\u201cSetembro Amarelo\u201d,\u00a0foi criada [&hellip;]<\/p>\n","protected":false},"author":1,"featured_media":4958,"comment_status":"closed","ping_status":"","sticky":false,"template":"","format":"standard","meta":{"footnotes":""},"categories":[3],"tags":[],"class_list":["post-4957","post","type-post","status-publish","format-standard","has-post-thumbnail","hentry","category-noticias"],"_links":{"self":[{"href":"https:\/\/portalpraties.com.br\/site\/wp-json\/wp\/v2\/posts\/4957","targetHints":{"allow":["GET"]}}],"collection":[{"href":"https:\/\/portalpraties.com.br\/site\/wp-json\/wp\/v2\/posts"}],"about":[{"href":"https:\/\/portalpraties.com.br\/site\/wp-json\/wp\/v2\/types\/post"}],"author":[{"embeddable":true,"href":"https:\/\/portalpraties.com.br\/site\/wp-json\/wp\/v2\/users\/1"}],"replies":[{"embeddable":true,"href":"https:\/\/portalpraties.com.br\/site\/wp-json\/wp\/v2\/comments?post=4957"}],"version-history":[{"count":1,"href":"https:\/\/portalpraties.com.br\/site\/wp-json\/wp\/v2\/posts\/4957\/revisions"}],"predecessor-version":[{"id":4959,"href":"https:\/\/portalpraties.com.br\/site\/wp-json\/wp\/v2\/posts\/4957\/revisions\/4959"}],"wp:featuredmedia":[{"embeddable":true,"href":"https:\/\/portalpraties.com.br\/site\/wp-json\/wp\/v2\/media\/4958"}],"wp:attachment":[{"href":"https:\/\/portalpraties.com.br\/site\/wp-json\/wp\/v2\/media?parent=4957"}],"wp:term":[{"taxonomy":"category","embeddable":true,"href":"https:\/\/portalpraties.com.br\/site\/wp-json\/wp\/v2\/categories?post=4957"},{"taxonomy":"post_tag","embeddable":true,"href":"https:\/\/portalpraties.com.br\/site\/wp-json\/wp\/v2\/tags?post=4957"}],"curies":[{"name":"wp","href":"https:\/\/api.w.org\/{rel}","templated":true}]}}