{"id":4963,"date":"2021-09-04T12:41:04","date_gmt":"2021-09-04T12:41:04","guid":{"rendered":"http:\/\/portalpraties.com.br\/site\/?p=4963"},"modified":"2021-09-04T12:41:04","modified_gmt":"2021-09-04T12:41:04","slug":"quando-e-o-proximo-jogo-da-selecao-brasileira","status":"publish","type":"post","link":"https:\/\/portalpraties.com.br\/site\/2021\/09\/04\/quando-e-o-proximo-jogo-da-selecao-brasileira\/","title":{"rendered":"Quando \u00e9 o pr\u00f3ximo jogo da sele\u00e7\u00e3o brasileira?"},"content":{"rendered":"\n<p>Fonte: goal.com- Lizie Rodrigues<\/p>\n\n\n\n<p>Brasil deixa rev\u00e9s na Copa Am\u00e9rica para tr\u00e1s e volta suas aten\u00e7\u00f5es \u00e0s Eliminat\u00f3rias para a Copa do Mundo, querendo manter sua invencibilidade<\/p>\n\n\n\n<p>O Brasil deixou a derrota\u00a0na grande final da Copa Am\u00e9rica\u00a0para tr\u00e1s e voltou a reencontrar com a vit\u00f3ria. Na noite desta quinta-feira (2), a sele\u00e7\u00e3o venceu o Chile por 1 a 0, em Santiago, em duelo v\u00e1lido pela nona rodada das\u00a0Eliminat\u00f3rias Sul-Americanas para a Copa do Mundo de 2022.<\/p>\n\n\n\n<p>Com o resultado, a Canarinho mant\u00e9m o 100% de aproveitamento na competi\u00e7\u00e3o e agora continua a sua prepara\u00e7\u00e3o para mais dois jogos pela competi\u00e7\u00e3o: contra a Argentina, no dia 5 de setembro, e diante do Peru, no dia 9 de setembro.<\/p>\n\n\n\n<p>Na Eliminat\u00f3rias, a o Brasil abriu ainda mais dist\u00e2ncia na lideran\u00e7a, agora com 21 pontos. A Argentina vem atr\u00e1s, com 15, seguida por Equador (12) e Uruguai (9), fechando o grupo que se classifica diretamente \u00e0 Copa do Mundo.<\/p>\n\n\n\n<h6 class=\"wp-block-heading\"><img fetchpriority=\"high\" srcset=\"https:\/\/images.daznservices.com\/di\/library\/GOAL\/7f\/27\/100721-argentina-brasil-neymar_h9djmsev7sem1nnxjp9fbudbv.jpg?t=-1820740398&amp;quality=60&amp;w=500 500w, https:\/\/images.daznservices.com\/di\/library\/GOAL\/7f\/27\/100721-argentina-brasil-neymar_h9djmsev7sem1nnxjp9fbudbv.jpg?t=-1820740398&amp;quality=60&amp;w=600 600w, https:\/\/images.daznservices.com\/di\/library\/GOAL\/7f\/27\/100721-argentina-brasil-neymar_h9djmsev7sem1nnxjp9fbudbv.jpg?t=-1820740398&amp;quality=60&amp;w=700 700w, https:\/\/images.daznservices.com\/di\/library\/GOAL\/7f\/27\/100721-argentina-brasil-neymar_h9djmsev7sem1nnxjp9fbudbv.jpg?t=-1820740398&amp;quality=60&amp;w=800 800w, https:\/\/images.daznservices.com\/di\/library\/GOAL\/7f\/27\/100721-argentina-brasil-neymar_h9djmsev7sem1nnxjp9fbudbv.jpg?t=-1820740398&amp;quality=60&amp;w=1000 1000w, https:\/\/images.daznservices.com\/di\/library\/GOAL\/7f\/27\/100721-argentina-brasil-neymar_h9djmsev7sem1nnxjp9fbudbv.jpg?t=-1820740398&amp;quality=60&amp;w=1200 1200w, https:\/\/images.daznservices.com\/di\/library\/GOAL\/7f\/27\/100721-argentina-brasil-neymar_h9djmsev7sem1nnxjp9fbudbv.jpg?t=-1820740398&amp;quality=60&amp;w=1400 1400w\" alt=\"100721 argentina brasil neymar\" width=\"1920\" height=\"1080\">(<em>Foto: Getty)<\/em><\/h6>\n\n\n\n<p>O Brasil, ent\u00e3o, volta a entrar em campo&nbsp;ainda setembro, quando enfrenta Argentina, no dia 5,&nbsp;e o Peru, no dia 9,&nbsp;pelas Eliminat\u00f3rias.&nbsp;<\/p>\n\n\n\n<hr class=\"wp-block-separator\"\/>\n\n\n\n<h2 class=\"wp-block-heading\">Jogos do Brasil pelas Eliminat\u00f3rias da Copa do Mundo<\/h2>\n\n\n\n<hr class=\"wp-block-separator\"\/>\n\n\n\n<h6 class=\"wp-block-heading\"><img srcset=\"https:\/\/images.daznservices.com\/di\/library\/GOAL\/9a\/33\/richarlison-brasil-uruguai-eliminatorias-17-11-2020_1ei6x121tagpl16lc4rtmx989z.jpg?t=-660355843&amp;quality=60&amp;w=500 500w, https:\/\/images.daznservices.com\/di\/library\/GOAL\/9a\/33\/richarlison-brasil-uruguai-eliminatorias-17-11-2020_1ei6x121tagpl16lc4rtmx989z.jpg?t=-660355843&amp;quality=60&amp;w=600 600w, https:\/\/images.daznservices.com\/di\/library\/GOAL\/9a\/33\/richarlison-brasil-uruguai-eliminatorias-17-11-2020_1ei6x121tagpl16lc4rtmx989z.jpg?t=-660355843&amp;quality=60&amp;w=700 700w, https:\/\/images.daznservices.com\/di\/library\/GOAL\/9a\/33\/richarlison-brasil-uruguai-eliminatorias-17-11-2020_1ei6x121tagpl16lc4rtmx989z.jpg?t=-660355843&amp;quality=60&amp;w=800 800w, https:\/\/images.daznservices.com\/di\/library\/GOAL\/9a\/33\/richarlison-brasil-uruguai-eliminatorias-17-11-2020_1ei6x121tagpl16lc4rtmx989z.jpg?t=-660355843&amp;quality=60&amp;w=1000 1000w, https:\/\/images.daznservices.com\/di\/library\/GOAL\/9a\/33\/richarlison-brasil-uruguai-eliminatorias-17-11-2020_1ei6x121tagpl16lc4rtmx989z.jpg?t=-660355843&amp;quality=60&amp;w=1200 1200w, https:\/\/images.daznservices.com\/di\/library\/GOAL\/9a\/33\/richarlison-brasil-uruguai-eliminatorias-17-11-2020_1ei6x121tagpl16lc4rtmx989z.jpg?t=-660355843&amp;quality=60&amp;w=1400 1400w\" alt=\"Richarlison Brasil Uruguai Eliminat\u00f3rias 17 11 2020\" width=\"1920\" height=\"1080\">( Foto: Lucas Figueiredo\/CBF)<\/h6>\n\n\n\n<p>O Brasil j\u00e1 disputou sete&nbsp;jogos nas Eliminat\u00f3rias, conquistando sete vit\u00f3rias.<\/p>\n\n\n\n<ul class=\"wp-block-list\"><li>09\/10:&nbsp;Brasil 5 x 0 Bol\u00edvia &#8211; Neo Qu\u00edmica Arena, S\u00e3o Paulo, Brasil<\/li><li>13\/10:&nbsp;Peru 2 x 4 Brasil &#8211; Est\u00e1dio Nacional, Lima, Peru<\/li><li>13\/11: Brasil 1 x 0 Venezuela &#8211; Morumbi, S\u00e3o Paulo, Brasil<\/li><li>17\/11: Uruguai 0 x 2 Brasil &#8211; Est\u00e1dio Centen\u00e1rio, Montevid\u00e9u, Uruguai<\/li><li>04\/06: Brasil 2 x 0 Equador &#8211; Beira-Rio, Porto Alegre, Brasil<\/li><li>08\/06: Paraguai 0&nbsp;x 2&nbsp;Brasil &#8211; Defensores del Chaco, Assun\u00e7\u00e3o, Paraguai<\/li><li>02\/09: Chile 0 x 1 Brasil &#8211; Monumental de Santiago, Santiago, Chile<\/li><\/ul>\n\n\n\n<hr class=\"wp-block-separator\"\/>\n\n\n\n<h2 class=\"wp-block-heading\">Os convocados para a disputa das Eliminat\u00f3rias<\/h2>\n\n\n\n<hr class=\"wp-block-separator\"\/>\n\n\n\n<h6 class=\"wp-block-heading\"><img srcset=\"https:\/\/images.daznservices.com\/di\/library\/GOAL\/fb\/e0\/20191119tite_ame2dwosmix810hd5uvh2u3zr.jpg?t=-2108822794&amp;quality=60&amp;w=500 500w, https:\/\/images.daznservices.com\/di\/library\/GOAL\/fb\/e0\/20191119tite_ame2dwosmix810hd5uvh2u3zr.jpg?t=-2108822794&amp;quality=60&amp;w=600 600w, https:\/\/images.daznservices.com\/di\/library\/GOAL\/fb\/e0\/20191119tite_ame2dwosmix810hd5uvh2u3zr.jpg?t=-2108822794&amp;quality=60&amp;w=700 700w, https:\/\/images.daznservices.com\/di\/library\/GOAL\/fb\/e0\/20191119tite_ame2dwosmix810hd5uvh2u3zr.jpg?t=-2108822794&amp;quality=60&amp;w=800 800w, https:\/\/images.daznservices.com\/di\/library\/GOAL\/fb\/e0\/20191119tite_ame2dwosmix810hd5uvh2u3zr.jpg?t=-2108822794&amp;quality=60&amp;w=1000 1000w, https:\/\/images.daznservices.com\/di\/library\/GOAL\/fb\/e0\/20191119tite_ame2dwosmix810hd5uvh2u3zr.jpg?t=-2108822794&amp;quality=60&amp;w=1200 1200w, https:\/\/images.daznservices.com\/di\/library\/GOAL\/fb\/e0\/20191119tite_ame2dwosmix810hd5uvh2u3zr.jpg?t=-2108822794&amp;quality=60&amp;w=1400 1400w\" alt=\"2019_11_19_tite\" width=\"1920\" height=\"1080\">(<em>Foto: Getty Images)<\/em><\/h6>\n\n\n\n<p>Tite\u00a0definiu os convocados da\u00a0sele\u00e7\u00e3o brasileira para a disputa das Eliminat\u00f3rias,\u00a0mas acabou perdendo v\u00e1rias nomes pela n\u00e3o-libera\u00e7\u00e3o dos atletas que atuam em territ\u00f3rio ingl\u00eas: Alisson, Fabinho e Firmino, do Liverpool, Ederson e Gabriel Jesus, do Manchester City, Thiago Silva, do Chelsea, Fred, do Manchester United, Raphinha, do Leeds, e Richarlison, do Everton, todos foram vetados pela Liga Inglesa.<\/p>\n\n\n\n<p>Para substituir os atletas, o treinador acabou convocando nomes in\u00e9ditos, como Gerson, do Olympique de Marselha, e Eden\u00edlson, do Internacional. Matheus Nunes, um dos substitutos, tamb\u00e9m foi cortado ap\u00f3s n\u00e3o ser liberado pela Federa\u00e7\u00e3o Portuguesa de Futebol. J\u00e1 Malcom e Claudinho, do Zenit, chegaram a se apresentar, mas\u00a0tiveram de retornar ap\u00f3s exig\u00eancia do clube. <\/p>\n\n\n\n<p><strong>Goleiros<\/strong><\/p>\n\n\n\n<ul class=\"wp-block-list\"><li>Santos &#8211; Athletico-PR<\/li><li>Weverton &#8211; Palmeiras<\/li><li>Everson &#8211; Atl\u00e9tico-MG<\/li><\/ul>\n\n\n\n<p><strong>Laterais<\/strong><\/p>\n\n\n\n<ul class=\"wp-block-list\"><li>Dani Alves &#8211; S\u00e3o Paulo<\/li><li>Danilo &#8211; Juventus<\/li><li>Alex Sandro &#8211; Juventus<\/li><li>Guilherme Arana &#8211; Atl\u00e9tico-MG<\/li><\/ul>\n\n\n\n<p><strong>Zagueiros<\/strong><\/p>\n\n\n\n<ul class=\"wp-block-list\"><li>\u00c9der Milit\u00e3o &#8211; Real Madrid<\/li><li>Lucas Ver\u00edssimo &#8211; Benfica<\/li><li>Marquinhos &#8211; Paris Saint-Germain<\/li><li>Miranda &#8211; S\u00e3o Paulo<\/li><\/ul>\n\n\n\n<p><strong>Meias<\/strong><\/p>\n\n\n\n<ul class=\"wp-block-list\"><li>Bruno Guimar\u00e3es &#8211; Lyon<\/li><li>Casemiro &#8211; Real Madrid<\/li><li>Eden\u00edlson &#8211; Internacional<\/li><li>\u00c9verton Ribeiro &#8211; Flamengo<\/li><li>Gerson &#8211; Olympique de Marselha<\/li><li>Lucas Paquet\u00e1 &#8211; Lyon<\/li><\/ul>\n\n\n\n<p><strong>Atacantes<\/strong><\/p>\n\n\n\n<ul class=\"wp-block-list\"><li>Gabigol &#8211; Flamengo<\/li><li>Hulk &#8211; Atl\u00e9tico-MG<\/li><li>Matheus Cunha &#8211; Hertha Berlim<\/li><li>Neymar &#8211; Paris Saint-Germain<\/li><li>Vin\u00edcius Jr. &#8211; Real Madrid<\/li><\/ul>\n\n\n\n<hr class=\"wp-block-separator\"\/>\n\n\n\n<h2 class=\"wp-block-heading\">Pr\u00f3ximos jogos da sele\u00e7\u00e3o pelas Eliminat\u00f3rias da Copa do Mundo<\/h2>\n\n\n\n<hr class=\"wp-block-separator\"\/>\n\n\n\n<h6 class=\"wp-block-heading\"><img loading=\"lazy\" srcset=\"https:\/\/images.daznservices.com\/di\/library\/GOAL\/3f\/1c\/brasil-uruguai-eliminatorias-17-11-2020_1gdr6n9dzgb7h16029tvxcatw9.jpg?t=-660355843&amp;quality=60&amp;w=500 500w, https:\/\/images.daznservices.com\/di\/library\/GOAL\/3f\/1c\/brasil-uruguai-eliminatorias-17-11-2020_1gdr6n9dzgb7h16029tvxcatw9.jpg?t=-660355843&amp;quality=60&amp;w=600 600w, https:\/\/images.daznservices.com\/di\/library\/GOAL\/3f\/1c\/brasil-uruguai-eliminatorias-17-11-2020_1gdr6n9dzgb7h16029tvxcatw9.jpg?t=-660355843&amp;quality=60&amp;w=700 700w, https:\/\/images.daznservices.com\/di\/library\/GOAL\/3f\/1c\/brasil-uruguai-eliminatorias-17-11-2020_1gdr6n9dzgb7h16029tvxcatw9.jpg?t=-660355843&amp;quality=60&amp;w=800 800w, https:\/\/images.daznservices.com\/di\/library\/GOAL\/3f\/1c\/brasil-uruguai-eliminatorias-17-11-2020_1gdr6n9dzgb7h16029tvxcatw9.jpg?t=-660355843&amp;quality=60&amp;w=1000 1000w, https:\/\/images.daznservices.com\/di\/library\/GOAL\/3f\/1c\/brasil-uruguai-eliminatorias-17-11-2020_1gdr6n9dzgb7h16029tvxcatw9.jpg?t=-660355843&amp;quality=60&amp;w=1200 1200w, https:\/\/images.daznservices.com\/di\/library\/GOAL\/3f\/1c\/brasil-uruguai-eliminatorias-17-11-2020_1gdr6n9dzgb7h16029tvxcatw9.jpg?t=-660355843&amp;quality=60&amp;w=1400 1400w\" alt=\"Brasil Uruguai Eliminat\u00f3rias 17 11 2020\" width=\"1920\" height=\"1080\"><br>&nbsp;Foto: Lucas Figueiredo\/CBF<\/h6>\n\n\n\n<h3 class=\"wp-block-heading\">2021&nbsp;<\/h3>\n\n\n\n<ul class=\"wp-block-list\"><li>05\/09: Brasil x Argentina &#8211; NeoQu\u00edmica Arena<\/li><li>09\/09: Brasil&nbsp;x Peru &#8211; Arena Pernambuco<\/li><li>sem data: Venezuela x Brasil &#8211; Caracas<\/li><li>sem data: Col\u00f4mbia x Brasil &#8211;&nbsp;Barranquilla<\/li><li>sem data:&nbsp;Brasil x Uruguai &#8211; Maracan\u00e3<\/li><\/ul>\n\n\n\n<h3 class=\"wp-block-heading\">2022<\/h3>\n\n\n\n<ul class=\"wp-block-list\"><li>25\/01:&nbsp;Brasil x Paraguai &#8211; Arena da Amaz\u00f4nia<\/li><li>23\/03: Brasil x Chile &#8211; Mineir\u00e3o<\/li><\/ul>\n\n\n\n<p>Datas e locais de todas as partidas podem sofrer altera\u00e7\u00f5es diante de restri\u00e7\u00f5es causadas pela pandemia da Covid-19.<\/p>\n","protected":false},"excerpt":{"rendered":"<p>Fonte: goal.com- Lizie Rodrigues Brasil deixa rev\u00e9s na Copa Am\u00e9rica para tr\u00e1s e volta suas aten\u00e7\u00f5es \u00e0s Eliminat\u00f3rias para a Copa do Mundo, querendo manter sua invencibilidade O Brasil deixou a derrota\u00a0na grande final da Copa Am\u00e9rica\u00a0para tr\u00e1s e voltou a reencontrar com a vit\u00f3ria. Na noite desta quinta-feira (2), a sele\u00e7\u00e3o venceu o Chile por 1 a 0, em [&hellip;]<\/p>\n","protected":false},"author":1,"featured_media":4964,"comment_status":"closed","ping_status":"","sticky":false,"template":"","format":"standard","meta":{"footnotes":""},"categories":[3],"tags":[],"class_list":["post-4963","post","type-post","status-publish","format-standard","has-post-thumbnail","hentry","category-noticias"],"_links":{"self":[{"href":"https:\/\/portalpraties.com.br\/site\/wp-json\/wp\/v2\/posts\/4963","targetHints":{"allow":["GET"]}}],"collection":[{"href":"https:\/\/portalpraties.com.br\/site\/wp-json\/wp\/v2\/posts"}],"about":[{"href":"https:\/\/portalpraties.com.br\/site\/wp-json\/wp\/v2\/types\/post"}],"author":[{"embeddable":true,"href":"https:\/\/portalpraties.com.br\/site\/wp-json\/wp\/v2\/users\/1"}],"replies":[{"embeddable":true,"href":"https:\/\/portalpraties.com.br\/site\/wp-json\/wp\/v2\/comments?post=4963"}],"version-history":[{"count":1,"href":"https:\/\/portalpraties.com.br\/site\/wp-json\/wp\/v2\/posts\/4963\/revisions"}],"predecessor-version":[{"id":4965,"href":"https:\/\/portalpraties.com.br\/site\/wp-json\/wp\/v2\/posts\/4963\/revisions\/4965"}],"wp:featuredmedia":[{"embeddable":true,"href":"https:\/\/portalpraties.com.br\/site\/wp-json\/wp\/v2\/media\/4964"}],"wp:attachment":[{"href":"https:\/\/portalpraties.com.br\/site\/wp-json\/wp\/v2\/media?parent=4963"}],"wp:term":[{"taxonomy":"category","embeddable":true,"href":"https:\/\/portalpraties.com.br\/site\/wp-json\/wp\/v2\/categories?post=4963"},{"taxonomy":"post_tag","embeddable":true,"href":"https:\/\/portalpraties.com.br\/site\/wp-json\/wp\/v2\/tags?post=4963"}],"curies":[{"name":"wp","href":"https:\/\/api.w.org\/{rel}","templated":true}]}}