{"id":4975,"date":"2021-09-04T13:13:07","date_gmt":"2021-09-04T13:13:07","guid":{"rendered":"http:\/\/portalpraties.com.br\/site\/?p=4975"},"modified":"2021-09-04T13:13:07","modified_gmt":"2021-09-04T13:13:07","slug":"conta-de-luz-mais-cara-nova-bandeira-tarifaria","status":"publish","type":"post","link":"https:\/\/portalpraties.com.br\/site\/2021\/09\/04\/conta-de-luz-mais-cara-nova-bandeira-tarifaria\/","title":{"rendered":"Conta de Luz mais cara &#8211; Nova bandeira tarif\u00e1ria"},"content":{"rendered":"\n<p>Ag\u00eancia Nacional de Energia El\u00e9trica (Aneel) anunciou nesta ter\u00e7a-feira (31) uma nova classifica\u00e7\u00e3o de bandeira tarif\u00e1ria, &#8220;escassez h\u00eddrica&#8221; para as contas de luz consideradas excedentes de todo o pa\u00eds.\u00a0<\/p>\n\n\n\n<p>A nova classifica\u00e7\u00e3o, que adiciona R$14,20 \u00e0s faturas a cada 100 kW\/h consumidos, deve entrar em vigor nesta quarta-feira (1\u00ba) e permanecer\u00a0at\u00e9 30 de abril de 2022.\u00a0<\/p>\n\n\n\n<p> A nova bandeira representa uma alta de 49,63% em rela\u00e7\u00e3o \u00e0 bandeira de classifica\u00e7\u00e3o vermelha patamar 2, at\u00e9 ent\u00e3o a mais alta do sistema.<br>A nova bandeira \u00e9 uma consequ\u00eancia do agravamento da crise h\u00eddrica no Brasil, que faz com que setor el\u00e9trico passe por uma intensa adapta\u00e7\u00e3o para n\u00e3o deixar faltar energia nos pr\u00f3ximos dois meses, que prometem ser os mais cr\u00edticos de 2021.\u00a0<\/p>\n\n\n\n<figure class=\"wp-block-image size-full\"><img fetchpriority=\"high\" decoding=\"async\" width=\"800\" height=\"448\" src=\"https:\/\/portalpraties.com.br\/site\/wp-content\/uploads\/2021\/09\/Aumento-de-energia-5.jpg\" alt=\"\" class=\"wp-image-4976\" srcset=\"https:\/\/portalpraties.com.br\/site\/wp-content\/uploads\/2021\/09\/Aumento-de-energia-5.jpg 800w, https:\/\/portalpraties.com.br\/site\/wp-content\/uploads\/2021\/09\/Aumento-de-energia-5-300x168.jpg 300w, https:\/\/portalpraties.com.br\/site\/wp-content\/uploads\/2021\/09\/Aumento-de-energia-5-768x430.jpg 768w\" sizes=\"(max-width: 800px) 100vw, 800px\" \/><\/figure>\n","protected":false},"excerpt":{"rendered":"<p>Ag\u00eancia Nacional de Energia El\u00e9trica (Aneel) anunciou nesta ter\u00e7a-feira (31) uma nova classifica\u00e7\u00e3o de bandeira tarif\u00e1ria, &#8220;escassez h\u00eddrica&#8221; para as contas de luz consideradas excedentes de todo o pa\u00eds.\u00a0 A nova classifica\u00e7\u00e3o, que adiciona R$14,20 \u00e0s faturas a cada 100 kW\/h consumidos, deve entrar em vigor nesta quarta-feira (1\u00ba) e permanecer\u00a0at\u00e9 30 de abril de 2022.\u00a0 A nova bandeira representa [&hellip;]<\/p>\n","protected":false},"author":1,"featured_media":4977,"comment_status":"closed","ping_status":"","sticky":false,"template":"","format":"standard","meta":{"footnotes":""},"categories":[3],"tags":[],"class_list":["post-4975","post","type-post","status-publish","format-standard","has-post-thumbnail","hentry","category-noticias"],"_links":{"self":[{"href":"https:\/\/portalpraties.com.br\/site\/wp-json\/wp\/v2\/posts\/4975","targetHints":{"allow":["GET"]}}],"collection":[{"href":"https:\/\/portalpraties.com.br\/site\/wp-json\/wp\/v2\/posts"}],"about":[{"href":"https:\/\/portalpraties.com.br\/site\/wp-json\/wp\/v2\/types\/post"}],"author":[{"embeddable":true,"href":"https:\/\/portalpraties.com.br\/site\/wp-json\/wp\/v2\/users\/1"}],"replies":[{"embeddable":true,"href":"https:\/\/portalpraties.com.br\/site\/wp-json\/wp\/v2\/comments?post=4975"}],"version-history":[{"count":1,"href":"https:\/\/portalpraties.com.br\/site\/wp-json\/wp\/v2\/posts\/4975\/revisions"}],"predecessor-version":[{"id":4978,"href":"https:\/\/portalpraties.com.br\/site\/wp-json\/wp\/v2\/posts\/4975\/revisions\/4978"}],"wp:featuredmedia":[{"embeddable":true,"href":"https:\/\/portalpraties.com.br\/site\/wp-json\/wp\/v2\/media\/4977"}],"wp:attachment":[{"href":"https:\/\/portalpraties.com.br\/site\/wp-json\/wp\/v2\/media?parent=4975"}],"wp:term":[{"taxonomy":"category","embeddable":true,"href":"https:\/\/portalpraties.com.br\/site\/wp-json\/wp\/v2\/categories?post=4975"},{"taxonomy":"post_tag","embeddable":true,"href":"https:\/\/portalpraties.com.br\/site\/wp-json\/wp\/v2\/tags?post=4975"}],"curies":[{"name":"wp","href":"https:\/\/api.w.org\/{rel}","templated":true}]}}