{"id":5014,"date":"2021-09-12T12:36:52","date_gmt":"2021-09-12T12:36:52","guid":{"rendered":"http:\/\/portalpraties.com.br\/site\/?p=5014"},"modified":"2021-09-12T12:36:52","modified_gmt":"2021-09-12T12:36:52","slug":"prf-registra-27-acidentes-com-28-feridos-e-duas-mortes-no-feriadao-de-7-de-setembro","status":"publish","type":"post","link":"https:\/\/portalpraties.com.br\/site\/2021\/09\/12\/prf-registra-27-acidentes-com-28-feridos-e-duas-mortes-no-feriadao-de-7-de-setembro\/","title":{"rendered":"PRF registra 27 acidentes com 28 feridos e duas mortes no feriad\u00e3o de 7 de Setembro"},"content":{"rendered":"\n<h2 class=\"wp-block-heading\">O balan\u00e7o foi divulgado na tarde desta quarta-feira, 8, e incluiu todo o feriad\u00e3o do Dia da Independ\u00eancia. Houve redu\u00e7\u00e3o de 33% de mortes nas estradas<\/h2>\n\n\n\n<p>Duas pessoas morreram e 28 ficaram feridas durante o feriad\u00e3o do dia\u00a0<strong>7 de Setembro<\/strong>, nas estradas federais que cortam o Cear\u00e1. Segundo a Pol\u00edcia Rodovi\u00e1ria Federal (PRF), foram registrados 27 acidentes. A\u00a0<strong>Opera\u00e7\u00e3o Independ\u00eancia 2021<\/strong>\u00a0flagrou muitos condutores e passageiros contrariando as leis de tr\u00e2nsito durante o feriad\u00e3o.\u00a0Os n\u00fameros resultaram na redu\u00e7\u00e3o de 33% das mortes em rela\u00e7\u00e3o ao ano de 2020.<\/p>\n\n\n\n<p>Somente nesta opera\u00e7\u00e3o, foram 1.430 autua\u00e7\u00f5es, sendo 200 s\u00f3 de ultrapassagens proibidas e 50 de motoristas ou passageiros sem o uso do cinto de seguran\u00e7a. Autua\u00e7\u00f5es para motociclistas que estavam sem o capacete somaram um total de 101 autua\u00e7\u00f5es.&nbsp;<\/p>\n\n\n\n<p>Ainda de acordo com a PRF, durante a opera\u00e7\u00e3o, foram realizados 200 testes de alcoolemia, e 12 motoristas foram autuados por embriaguez. Para garantir seguran\u00e7a, conforto e mobilidade aos usu\u00e1rios das rodovias federais do Estado do Cear\u00e1, a PRF contou com refor\u00e7o no policiamento. Os esfor\u00e7os resultaram na fiscaliza\u00e7\u00e3o de mais de 1.600 pessoas e 1.400 ve\u00edculos.\u00a0<\/p>\n\n\n\n<p><\/p>\n\n\n\n<p>Fonte: opovo.com.br<\/p>\n","protected":false},"excerpt":{"rendered":"<p>O balan\u00e7o foi divulgado na tarde desta quarta-feira, 8, e incluiu todo o feriad\u00e3o do Dia da Independ\u00eancia. Houve redu\u00e7\u00e3o de 33% de mortes nas estradas Duas pessoas morreram e 28 ficaram feridas durante o feriad\u00e3o do dia\u00a07 de Setembro, nas estradas federais que cortam o Cear\u00e1. Segundo a Pol\u00edcia Rodovi\u00e1ria Federal (PRF), foram registrados 27 acidentes. A\u00a0Opera\u00e7\u00e3o Independ\u00eancia 2021\u00a0flagrou [&hellip;]<\/p>\n","protected":false},"author":1,"featured_media":5015,"comment_status":"closed","ping_status":"","sticky":false,"template":"","format":"standard","meta":{"footnotes":""},"categories":[3],"tags":[],"class_list":["post-5014","post","type-post","status-publish","format-standard","has-post-thumbnail","hentry","category-noticias"],"_links":{"self":[{"href":"https:\/\/portalpraties.com.br\/site\/wp-json\/wp\/v2\/posts\/5014","targetHints":{"allow":["GET"]}}],"collection":[{"href":"https:\/\/portalpraties.com.br\/site\/wp-json\/wp\/v2\/posts"}],"about":[{"href":"https:\/\/portalpraties.com.br\/site\/wp-json\/wp\/v2\/types\/post"}],"author":[{"embeddable":true,"href":"https:\/\/portalpraties.com.br\/site\/wp-json\/wp\/v2\/users\/1"}],"replies":[{"embeddable":true,"href":"https:\/\/portalpraties.com.br\/site\/wp-json\/wp\/v2\/comments?post=5014"}],"version-history":[{"count":1,"href":"https:\/\/portalpraties.com.br\/site\/wp-json\/wp\/v2\/posts\/5014\/revisions"}],"predecessor-version":[{"id":5016,"href":"https:\/\/portalpraties.com.br\/site\/wp-json\/wp\/v2\/posts\/5014\/revisions\/5016"}],"wp:featuredmedia":[{"embeddable":true,"href":"https:\/\/portalpraties.com.br\/site\/wp-json\/wp\/v2\/media\/5015"}],"wp:attachment":[{"href":"https:\/\/portalpraties.com.br\/site\/wp-json\/wp\/v2\/media?parent=5014"}],"wp:term":[{"taxonomy":"category","embeddable":true,"href":"https:\/\/portalpraties.com.br\/site\/wp-json\/wp\/v2\/categories?post=5014"},{"taxonomy":"post_tag","embeddable":true,"href":"https:\/\/portalpraties.com.br\/site\/wp-json\/wp\/v2\/tags?post=5014"}],"curies":[{"name":"wp","href":"https:\/\/api.w.org\/{rel}","templated":true}]}}