{"id":5190,"date":"2021-09-17T11:02:20","date_gmt":"2021-09-17T11:02:20","guid":{"rendered":"http:\/\/portalpraties.com.br\/site\/?p=5190"},"modified":"2021-09-17T11:03:34","modified_gmt":"2021-09-17T11:03:34","slug":"prefeitura-de-nova-era-reabre-a-fazenda-da-vargem-apos-a-reforma","status":"publish","type":"post","link":"https:\/\/portalpraties.com.br\/site\/2021\/09\/17\/prefeitura-de-nova-era-reabre-a-fazenda-da-vargem-apos-a-reforma\/","title":{"rendered":"PREFEITURA DE NOVA ERA REABRE A FAZENDA DA VARGEM AP\u00d3S A REFORMA"},"content":{"rendered":"\n<h2 class=\"wp-block-heading\">A Prefeitura de Nova Era realizou a reabertura da Fazenda da Vargem na \u00faltima quarta-feira (15). Ap\u00f3s a reforma e pintura do local, a Fazenda foi reaberta ao p\u00fablico na cerim\u00f4nia da 8\u00aa Jornada do Patrim\u00f4nio Cultural de Minas Gerais &#8220;Caminhos do Patrim\u00f4nio: Contemporaniedade e Novos Horizontes&#8221;.&nbsp;<\/h2>\n\n\n\n<h2 class=\"wp-block-heading\"><br>Na ocasi\u00e3o, aberta \u00e0 popula\u00e7\u00e3o nova-erense, tamb\u00e9m foi apresentado, pela diretora de Cultura e Turismo Sandra Coelho, o Plano Municipal de Turismo, que tem como objetivo expor as a\u00e7\u00f5es da Prefeitura de Nova Era para promover o turismo em nossa cidade.&nbsp;<\/h2>\n\n\n\n<h2 class=\"wp-block-heading\"><br>&nbsp;A Fazenda da Vargem est\u00e1 aberta \u00e0s visita\u00e7\u00f5es no per\u00edodo de 08h \u00e0s 17h, de ter\u00e7a a domingo, seguindo os protocolos de seguran\u00e7a. Use m\u00e1scara, mantenha o distanciamento social e higienize sempre as m\u00e3os.<\/h2>\n","protected":false},"excerpt":{"rendered":"<p>A Prefeitura de Nova Era realizou a reabertura da Fazenda da Vargem na \u00faltima quarta-feira (15). Ap\u00f3s a reforma e pintura do local, a Fazenda foi reaberta ao p\u00fablico na cerim\u00f4nia da 8\u00aa Jornada do Patrim\u00f4nio Cultural de Minas Gerais &#8220;Caminhos do Patrim\u00f4nio: Contemporaniedade e Novos Horizontes&#8221;.&nbsp; Na ocasi\u00e3o, aberta \u00e0 popula\u00e7\u00e3o nova-erense, tamb\u00e9m foi apresentado, pela diretora de Cultura [&hellip;]<\/p>\n","protected":false},"author":1,"featured_media":5193,"comment_status":"closed","ping_status":"","sticky":false,"template":"","format":"standard","meta":{"footnotes":""},"categories":[3],"tags":[],"class_list":["post-5190","post","type-post","status-publish","format-standard","has-post-thumbnail","hentry","category-noticias"],"_links":{"self":[{"href":"https:\/\/portalpraties.com.br\/site\/wp-json\/wp\/v2\/posts\/5190","targetHints":{"allow":["GET"]}}],"collection":[{"href":"https:\/\/portalpraties.com.br\/site\/wp-json\/wp\/v2\/posts"}],"about":[{"href":"https:\/\/portalpraties.com.br\/site\/wp-json\/wp\/v2\/types\/post"}],"author":[{"embeddable":true,"href":"https:\/\/portalpraties.com.br\/site\/wp-json\/wp\/v2\/users\/1"}],"replies":[{"embeddable":true,"href":"https:\/\/portalpraties.com.br\/site\/wp-json\/wp\/v2\/comments?post=5190"}],"version-history":[{"count":2,"href":"https:\/\/portalpraties.com.br\/site\/wp-json\/wp\/v2\/posts\/5190\/revisions"}],"predecessor-version":[{"id":5194,"href":"https:\/\/portalpraties.com.br\/site\/wp-json\/wp\/v2\/posts\/5190\/revisions\/5194"}],"wp:featuredmedia":[{"embeddable":true,"href":"https:\/\/portalpraties.com.br\/site\/wp-json\/wp\/v2\/media\/5193"}],"wp:attachment":[{"href":"https:\/\/portalpraties.com.br\/site\/wp-json\/wp\/v2\/media?parent=5190"}],"wp:term":[{"taxonomy":"category","embeddable":true,"href":"https:\/\/portalpraties.com.br\/site\/wp-json\/wp\/v2\/categories?post=5190"},{"taxonomy":"post_tag","embeddable":true,"href":"https:\/\/portalpraties.com.br\/site\/wp-json\/wp\/v2\/tags?post=5190"}],"curies":[{"name":"wp","href":"https:\/\/api.w.org\/{rel}","templated":true}]}}