{"id":5232,"date":"2021-09-25T20:43:08","date_gmt":"2021-09-25T20:43:08","guid":{"rendered":"http:\/\/portalpraties.com.br\/site\/?p=5232"},"modified":"2021-09-25T20:43:08","modified_gmt":"2021-09-25T20:43:08","slug":"reservatorios-das-maiores-hidreletricas-de-minas-operam-abaixo-de-50","status":"publish","type":"post","link":"https:\/\/portalpraties.com.br\/site\/2021\/09\/25\/reservatorios-das-maiores-hidreletricas-de-minas-operam-abaixo-de-50\/","title":{"rendered":"Reservat\u00f3rios das maiores hidrel\u00e9tricas de Minas operam abaixo de 50%"},"content":{"rendered":"\n<h2 class=\"wp-block-heading\">Volumes est\u00e3o em n\u00edveis inferiores a 20% nas hidrel\u00e9tricas de Furnas, Emborca\u00e7\u00e3o e Nova Ponte, agravando riscos<\/h2>\n\n\n\n<p>A seca pela qual o Brasil passa nas \u00faltimas semanas vai continuar apertando o bolso do consumidor, al\u00e9m de escancarar os problemas estruturais na gest\u00e3o ambiental do pa\u00eds. Em novo balan\u00e7o atualizado no domingo, o Operador Nacional do Sistema El\u00e9trico (ONS) apresentou n\u00fameros cr\u00edticos dos n\u00edveis de armazenamento de \u00e1gua dos reservat\u00f3rios das principais usinas hidrel\u00e9tricas em Minas Gerais. Entre as oito maiores usinas, todas operando com volume inferior a 50% da capacidade de armazenamento de \u00e1gua que faz girar as turbinas, tr\u00eas trabalham com acumula\u00e7\u00e3o em barragens abaixo de 20%: Emborca\u00e7\u00e3o e Nova Ponte, no Tri\u00e2ngulo Mineiro, com 11,72% e 11,95%, respectivamente; e Furnas, 17,47%. O lago de Tr\u00eas Marias tem a situa\u00e7\u00e3o menos grave, com 49,51%, de acordo com novo levantamento feito pelo ONS.<\/p>\n\n\n\n<p>Os dados foram atualizados em dia no qual era esperado, mas n\u00e3o foi anunciado, novo aumento do sistema tarif\u00e1rio aplicado \u00e0s contas de energia pela Ag\u00eancia Nacional de Energia El\u00e9trica (Aneel). Em agosto vigorou\u00a0 bandeira tarif\u00e1ria vermelha, de patamar 2, ao custo de R$ 9,49 a cada 100 quilowatt\/hora (kWh) consumidos. Agora, a expectativa \u00e9 de que o aumento s\u00f3 deva ser divulgado na semana que vem, ap\u00f3s as pol\u00eamicas manifesta\u00e7\u00f5es marcadas para o feriado de 7 de setembro.<br>Embora em estado menos grave, o armazenanento para abastecimento de \u00e1gua tamb\u00e9m preocupa, segundo especialistas ouvidos pelo Estado de Minas. A Companhia de Saneamento de Minas Gerais (Copasa) informou ontem ao EM que acompanham dia ap\u00f3s dia a situa\u00e7\u00e3o dos reservat\u00f3rios e que n\u00e3o prev\u00ea racionamento ou rod\u00edzio na Regi\u00e3o Metropolitana de Belo Horizonte. O munic\u00edpio de Bugre e a localidade de Bom Jesus dos Cardosos, em Uruc\u00e2nia, ambos no Vale do Rio Doce, j\u00e1 est\u00e3o sendo abastecidos em sistema de rod\u00edzio.<br>Entre as usinas hidrel\u00e9tricas, quatro empreendimentos da Companhia Energ\u00e9tica de Minas Gerais (Cemig) operam com n\u00edveis negativos de armazenamento de seus reservat\u00f3rios. S\u00e3o elas Bom Jesus do Galho (cidade de mesmo nome, no Vale do Rio Doce), Pissarr\u00e3o (Araguari, Tri\u00e2ngulo Mineiro), Martins (Uberl\u00e2ndia, tamb\u00e9m no Tri\u00e2ngulo) e Salto do Paraopeba (Jeceaba, Regi\u00e3o Central).<br>Anivaldo de Miranda Pinto, presidente do Comit\u00ea da Bacia Hidrogr\u00e1fica do Rio S\u00e3o Francisco (CBHSF), onde est\u00e3o alguns dos reservat\u00f3rios respons\u00e1veis pela gera\u00e7\u00e3o de energia, v\u00ea o quadro da crise energia com extrema preocupa\u00e7\u00e3o. \u201cNosso sistema el\u00e9trico \u00e9 interligado e precisamos ficar muito atentos para determinar qual \u00e9 o limite da capacidade da calha do S\u00e3o Francisco, onde est\u00e3o as usinas. N\u00e3o se pode correr o risco de transportar a crise da Bacia do Paran\u00e1 para o S\u00e3o Francisco. \u00c9 um limite muito impreciso\u201d, afirma.<br>O especialista analisa a administra\u00e7\u00e3o do governo federal como falha durante a seca. Segundo ele, a Aneel passou de um papel de reguladora para regulada, o que deu poderes de decis\u00e3o a ministros de Jair Bolsonaro (sem partido), como Bento Albuquerque (Minas e Energia) e Paulo Guedes (Economia). \u201cEsse comit\u00ea extraordin\u00e1rio de crise \u00e9 de fato quem est\u00e1 tomando as decis\u00f5es, com a ag\u00eancia reguladora significantemente neutralizada, bem como o Instituto Brasileiro do Meio Ambiente e dos Recursos Naturais Renov\u00e1veis (Ibama)\u201d, diz o presidente do CBHSF.<\/p>\n\n\n\n<h3 class=\"wp-block-heading\">&#8220;Por falta de planejamento e vontade pol\u00edtica, o Brasil n\u00e3o se preparou para este s\u00e9culo de agravamento do aquecimento global&#8221;<\/h3>\n\n\n\n<h3 class=\"wp-block-heading\">Dever de casa&nbsp;<\/h3>\n\n\n\n<p>O quadro cr\u00edtico apontado por Anivaldo Pinto atinge os principais reservat\u00f3rios de Minas Gerais. Em Nova Ponte, no Alto Parana\u00edba, a usina opera com 11,95% de volume \u00fatil. O problema tamb\u00e9m se estende a Emborca\u00e7\u00e3o (11,72%), S\u00e3o Sim\u00e3o (20,99%) e Tr\u00eas Marias (49,51%), conforme dados do Operador Nacional do Sistema El\u00e9trico (ONS). Neste \u00faltimo, a Cemig registra queda consider\u00e1vel desde julho, j\u00e1 que o n\u00edvel fechou em 54% no m\u00eas passado.<br>Ao todo, Minas tem ao menos 14 usinas abaixo da taxa de 50% de volume \u00fatil. Uma alternativa para assegurar o servi\u00e7o para a popula\u00e7\u00e3o \u00e9 a ativa\u00e7\u00e3o e compra de energia das termel\u00e9tricas. O problema dessa solu\u00e7\u00e3o gira em torno do custo, que \u00e9 mais elevado e repassado \u00e0 conta de energia. Quem paga o pre\u00e7o&nbsp; \u00e9 o consumidor. Outra limita\u00e7\u00e3o est\u00e1 ligada ao meio ambiente, j\u00e1 que a queima de combust\u00edveis f\u00f3sseis \u00e9 mais poluente.<br>\u201cQuando o paciente est\u00e1 na UTI, voc\u00ea n\u00e3o tem muitas alternativas. Infelizmente, por falta de planejamento estrat\u00e9gico e vontade pol\u00edtica, o Brasil n\u00e3o fez o dever de casa de se preparar para esse s\u00e9culo de agravamento do aquecimento global. Nossa matriz energ\u00e9tica continua aumentando a depend\u00eancia do uso de combust\u00edveis f\u00f3sseis\u201d, afirma Anivaldo. Ele defende a fonte de energia solar como resposta \u00e0 destrui\u00e7\u00e3o ambiental.<\/p>\n\n\n\n<h3 class=\"wp-block-heading\">M\u00ednimas hist\u00f3ricas<br>no Tri\u00e2ngulo Mineiro<\/h3>\n\n\n\n<p>A Cemig reconhece a \u201csitua\u00e7\u00e3o mais preocupante\u201d das usinas de Emborca\u00e7\u00e3o e Nova Ponte, \u201cpois devem registrar n\u00edveis m\u00ednimos hist\u00f3ricos neste ano\u201d, com proje\u00e7\u00f5es \u201cda ordem de 3%\u201d. \u201cConsiderando que a capacidade de gera\u00e7\u00e3o de uma usina depende tamb\u00e9m do n\u00edvel do reservat\u00f3rio, pode-se concluir que os baixos n\u00edveis de armazenamento de Nova Ponte e Emborca\u00e7\u00e3o influenciam tamb\u00e9m na perda da capacidade produtiva dessas usinas\u201d, afirma Ivan S\u00e9rgio Carneiro, gerente de Planejamento Energ\u00e9tico da concession\u00e1ria.<br>O executivo ressalta que esse d\u00e9ficit ser\u00e1 coberto por outras fontes, hidrel\u00e9tricas ou n\u00e3o. \u201cAs demais usinas operadas pela Cemig encontram-se em situa\u00e7\u00e3o normal no momento, com armazenamentos pr\u00f3ximos aos j\u00e1 verificados em outros anos\u201d, diz o gerente da companhia. Quanto \u00e0s usinas termel\u00e9tricas, a Cemig n\u00e3o opera nenhum empreendimento.<br>A respeito das usinas que operam com n\u00edveis negativos, a Cemig informou que elas \u201capresentam contribui\u00e7\u00e3o muito pequena para a gera\u00e7\u00e3o de energia do Sistema Interligado Nacional (SIN)\u201d, por se tratar de hidrel\u00e9tricas \u201ccom pequena pot\u00eancia instalada\u201d. Portanto, os \u00edndices s\u00e3o considerados normais pela companhia.<\/p>\n\n\n\n<h2 class=\"wp-block-heading\">Vale do Rio Doce tem<br>casos de rod\u00edzio de \u00e1gua<\/h2>\n\n\n\n<p>O abastecimento de \u00e1gua tamb\u00e9m preocupa as autoridades e o secret\u00e1rio do Comit\u00ea da Bacia Hidrogr\u00e1fica do Rio das Velhas, Marcus Polignano. Ontem, n\u00fameros da Companhia de Saneamento de Minas Gerais (Copasa) mostravam que o Sistema Paraopeba, que abastece a Grande Belo Horizonte, opera com 76,4% de sua capacidade. Dos tr\u00eas reservat\u00f3rios, o quadro de maior risco \u00e9 na Vargem das Flores, entre Contagem e Betim: 65,3%. Em Rio Manso, na cidade de Brumadinho, o n\u00edvel de armazenamento \u00e9 de 77%. J\u00e1 em Serra Azul, em Juatuba, de 80,2%.<br>No interior, a Copasa informou que a cidade de Bugre e a localidade de Bom Jesus dos Cardosos, em Uruc\u00e2nia, ambos no Vale do Rio Doce, entraram no sistema de rod\u00edzio no abastecimento de \u00e1gua. Para Marcus Polignano, o grande problema vai muito al\u00e9m dos n\u00fameros. Ele destaca a quest\u00e3o estrutural no Brasil decorrente da falta de gest\u00e3o ambiental eficiente capaz de permitir condi\u00e7\u00f5es naturais para que n\u00e3o falte \u00e1gua ao ser humano. \u201cA gente fica sempre tratando as coisas como se fossem pontuais e fora de contexto. N\u00e3o estamos num problema moment\u00e2neo, mas estrutural. As cidades t\u00eam hidrofobia. Elas mandam a \u00e1gua embora durante as enchentes no per\u00edodo chuvoso, pela falta de \u00e1reas perme\u00e1veis. Depois, querem \u00e1gua no per\u00edodo de seca\u201d, lamenta.<br>Para Marcus Polignano, as crises h\u00eddrica e energ\u00e9tica s\u00e3o faces de uma mesma moeda, forjada por meio da destrui\u00e7\u00e3o dos biomas naturais, como tem se registrado na Amaz\u00f4nia, no Pantanal e na mata atl\u00e2ntica, sobretudo. Tendo como refer\u00eancia este m\u00eas, dados do Instituto Nacional de Pesquisas Espaciais (Inpe) mostram crescimento gigantesco no volume de focos ativos de inc\u00eandio na floresta amaz\u00f4nica a partir de 2019, primeiro per\u00edodo da gest\u00e3o Bolsonaro. O n\u00famero saiu de 10.421 em 2018 para 30.900 em 2019, 29.307 no ano passado e 27.569 em 2021.<br>\u201cTemos visto, h\u00e1 muito tempo, os reservat\u00f3rios sendo levados \u00e0 exaust\u00e3o, retirando tudo que se tem sem garantia de recomposi\u00e7\u00e3o (no per\u00edodo chuvoso). O dia em que a matem\u00e1tica n\u00e3o compensar, n\u00e3o vir um dil\u00favio para recuperar aquele reservat\u00f3rio, voc\u00ea tem um desastre. As crises h\u00eddrica e energ\u00e9tica s\u00e3o irm\u00e3s siamesas da crise ambiental. Tamb\u00e9m estamos pagando um custo monet\u00e1rio por isso, que vai para todo mundo, desde o consumidor at\u00e9 o distribuidor\u201d, observa o ambientalista.<br>Do ponto de vista pr\u00e1tico, Marcus Polgnano entende que o Sistema Paraopeba ainda est\u00e1 num volume \u201cbom\u201d de \u00e1gua para garantir o abastecimento. Mas, em geral, \u201cestamos tirando muito mais do que o rio poderia dar\u201d. \u201c\u00c9 uma situa\u00e7\u00e3o de alerta, que requer todo o cuidado. Porque, se tiver uma baixa maior, esse problema pode se agravar. Temos procurado manter a vaz\u00e3o dentro do limite. Corremos risco\u201d, afirma.<br>Em nota, a Copasa informou que est\u00e1 monitorando diariamente os reservat\u00f3rios e as cidades do interior, com \u00eanfase naquelas onde h\u00e1 per\u00edodo de estiagem mais longo. N\u00e3o h\u00e1 previs\u00e3o de racionamento ou rod\u00edzio na Regi\u00e3o Metropolitana de Belo Horizonte: \u201cO volume atual est\u00e1 um pouco abaixo do ano de 2020 devido \u00e0s precipita\u00e7\u00f5es que ocorreram bem acima da m\u00e9dia hist\u00f3rica no in\u00edcio daquele ano. At\u00e9 o momento, n\u00e3o h\u00e1 previs\u00e3o de racionamento na Grande BH. De acordo com a s\u00e9rie hist\u00f3rica (2016\/2021), a reserva atual \u00e9 bastante superior aos per\u00edodos de seca dos outros anos anteriores\u201d, diz a nota.\u00a0<strong>(GR)<\/strong><\/p>\n\n\n\n<p>Fonte: EstadodeMinas<\/p>\n","protected":false},"excerpt":{"rendered":"<p>Volumes est\u00e3o em n\u00edveis inferiores a 20% nas hidrel\u00e9tricas de Furnas, Emborca\u00e7\u00e3o e Nova Ponte, agravando riscos A seca pela qual o Brasil passa nas \u00faltimas semanas vai continuar apertando o bolso do consumidor, al\u00e9m de escancarar os problemas estruturais na gest\u00e3o ambiental do pa\u00eds. Em novo balan\u00e7o atualizado no domingo, o Operador Nacional do Sistema El\u00e9trico (ONS) apresentou n\u00fameros [&hellip;]<\/p>\n","protected":false},"author":1,"featured_media":5233,"comment_status":"closed","ping_status":"","sticky":false,"template":"","format":"standard","meta":{"footnotes":""},"categories":[3],"tags":[],"class_list":["post-5232","post","type-post","status-publish","format-standard","has-post-thumbnail","hentry","category-noticias"],"_links":{"self":[{"href":"https:\/\/portalpraties.com.br\/site\/wp-json\/wp\/v2\/posts\/5232","targetHints":{"allow":["GET"]}}],"collection":[{"href":"https:\/\/portalpraties.com.br\/site\/wp-json\/wp\/v2\/posts"}],"about":[{"href":"https:\/\/portalpraties.com.br\/site\/wp-json\/wp\/v2\/types\/post"}],"author":[{"embeddable":true,"href":"https:\/\/portalpraties.com.br\/site\/wp-json\/wp\/v2\/users\/1"}],"replies":[{"embeddable":true,"href":"https:\/\/portalpraties.com.br\/site\/wp-json\/wp\/v2\/comments?post=5232"}],"version-history":[{"count":1,"href":"https:\/\/portalpraties.com.br\/site\/wp-json\/wp\/v2\/posts\/5232\/revisions"}],"predecessor-version":[{"id":5234,"href":"https:\/\/portalpraties.com.br\/site\/wp-json\/wp\/v2\/posts\/5232\/revisions\/5234"}],"wp:featuredmedia":[{"embeddable":true,"href":"https:\/\/portalpraties.com.br\/site\/wp-json\/wp\/v2\/media\/5233"}],"wp:attachment":[{"href":"https:\/\/portalpraties.com.br\/site\/wp-json\/wp\/v2\/media?parent=5232"}],"wp:term":[{"taxonomy":"category","embeddable":true,"href":"https:\/\/portalpraties.com.br\/site\/wp-json\/wp\/v2\/categories?post=5232"},{"taxonomy":"post_tag","embeddable":true,"href":"https:\/\/portalpraties.com.br\/site\/wp-json\/wp\/v2\/tags?post=5232"}],"curies":[{"name":"wp","href":"https:\/\/api.w.org\/{rel}","templated":true}]}}