{"id":5235,"date":"2021-09-25T20:48:04","date_gmt":"2021-09-25T20:48:04","guid":{"rendered":"http:\/\/portalpraties.com.br\/site\/?p=5235"},"modified":"2021-09-25T20:48:04","modified_gmt":"2021-09-25T20:48:04","slug":"incendios-ja-superam-poder-de-combate-dos-bombeiros","status":"publish","type":"post","link":"https:\/\/portalpraties.com.br\/site\/2021\/09\/25\/incendios-ja-superam-poder-de-combate-dos-bombeiros\/","title":{"rendered":"Inc\u00eandios j\u00e1 superam poder de combate dos bombeiros"},"content":{"rendered":"\n<h2 class=\"wp-block-heading\">Na \u00e9poca mais cr\u00edtica do ano, com quase 25% mais focos em \u00e1reas verdes, corpora\u00e7\u00e3o \u00e9 obrigada a criar escala de prioridades e comunidades sofrem com demora<\/h2>\n\n\n\n<p>O\u00a0<strong>fogo\u00a0<\/strong>que consome as matas de Minas e a fuma\u00e7a que transforma em cinza o azul do c\u00e9u, a cada dia mais recorrentes e graves, j\u00e1 superam a capacidade de combate do Corpo de Bombeiros de Minas Gerais. O alto n\u00famero de ocorr\u00eancias, somado ao\u00a0d\u00e9ficit de pessoal, sobrecarrega a tropa, torna indispens\u00e1vel a presen\u00e7a de brigadistas e volunt\u00e1rios e acaba causando lentid\u00e3o no atendimento de demandas.<\/p>\n\n\n\n<p>Para que se tenha ideia do tamanho do desafio, hoje, a corpora\u00e7\u00e3o tem cerca de 5.500 militares em todo o estado. E, apenas no m\u00eas de setembro, esses homens e mulheres tiveram de se desdobrar para atender a nada menos que 4.817 ocorr\u00eancias, considerados somente os<strong>&nbsp;inc\u00eandios florestais<\/strong>.<\/p>\n\n\n\n<p>Em um per\u00edodo extremamente cr\u00edtico para o avan\u00e7o das chamas, com aumento de quase um quarto nos inc\u00eandios florestais em territ\u00f3rio mineiro entre agosto e setembro, o&nbsp;<strong>Estado de Minas<\/strong>&nbsp;destaca, em s\u00e9rie de reportagens iniciada hoje, as dificuldades que esses guerreiros, profissionais, mas tamb\u00e9m volunt\u00e1rios, enfrentam na&nbsp;<strong>linha de fogo<\/strong>. Desafio que n\u00e3o seria t\u00e3o grande n\u00e3o fosse a m\u00e3o do pr\u00f3prio ser humano que, se estima, est\u00e1 por tr\u00e1s de 90% das queimadas.&nbsp;<\/p>\n\n\n\n<p>Enquanto s\u00e3o demandados para debelar as chamas em \u00e1reas verdes, as ocorr\u00eancias de rotina que exigem a a\u00e7\u00e3o dos bombeiros n\u00e3o param. Preven\u00e7\u00e3o, atendimento pr\u00e9-hospitalar, busca e salvamento, acidentes de tr\u00e2nsito, defesa social, combate a inc\u00eandios em im\u00f3veis&#8230; S\u00e3o cerca de 30 mil ocorr\u00eancias atendidas por m\u00eas pela corpora\u00e7\u00e3o. Os inc\u00eandios florestais representam 12% desse total.\u00a0<\/p>\n\n\n\n<p>Com a alta demanda, quem sofre \u00e9 a pr\u00f3pria popula\u00e7\u00e3o, que sucessivamente reclama da demora no atendimento. Nas \u00faltimas semanas, o&nbsp;<strong>Estado de Minas&nbsp;<\/strong>registrou a insatisfa\u00e7\u00e3o de den\u00fancias de volunt\u00e1rios e moradores vizinhos aos locais atingidos pelo fogo.<\/p>\n\n\n\n<p>Na Lapinha da Serra, na Serra da Moeda, na Serra do Cip\u00f3, em Nova Uni\u00e3o e at\u00e9 no bairro Santa Cruz, em Belo Horizonte, houve queixas da longa espera at\u00e9 a chegada dos militares. Diante da situa\u00e7\u00e3o, vizinhos se unem com mangueiras de jardim e at\u00e9 baldes de \u00e1gua para tentar diminuir as chamas.&nbsp;<\/p>\n\n\n\n<h3 class=\"wp-block-heading\">Focos simult\u00e2neos<\/h3>\n\n\n\n<p>Mas essa lentid\u00e3o na resposta n\u00e3o ocorre por falta de vontade ou desleixo da corpora\u00e7\u00e3o. Muitos fatores est\u00e3o envolvidos, entre eles a disparada de ocorr\u00eancias, que deixa todas as viaturas empenhadas, como descreve o tenente Leonan Soares Pereira, do Batalh\u00e3o de Emerg\u00eancias Ambientais e Resposta a Desastres (Bemad), que chefia o combate a v\u00e1rios focos no estado.<\/p>\n\n\n\n<p>\u201cEst\u00e1 havendo muito mais inc\u00eandio este ano\u201d, diz o bombeiro militar, comparando a situa\u00e7\u00e3o com a pandemia do novo coronav\u00edrus. \u201cTodo mundo come\u00e7ou a entender como&nbsp;<strong>\u2018achatar\u2019 a curva<\/strong>. Se todos os inc\u00eandios acontecem ao mesmo tempo, \u00e9 imposs\u00edvel colocar bombeiro para apagar tudo.\u201d<\/p>\n\n\n\n<p><strong>&#8220;\u00c9 muito covarde um palito de f\u00f3sforo causar estrago t\u00e3o grande&#8221;, diz bombeiro militar de Minas<\/strong><br>Apesar de empenhar a maior parte dos militares nas ruas e liberar f\u00e9rias de apenas 5% do efetivo nesta \u00e9poca do ano, grande parte do controle est\u00e1 na m\u00e3o da popula\u00e7\u00e3o. Segundo o militar, a baixa umidade do ar e as maiores temperaturas da hist\u00f3ria, aliadas \u00e0 falta de bom senso, fornecem o combust\u00edvel que alimenta as\u00a0<strong>queimadas<\/strong>.<\/p>\n\n\n\n<p>\u201cA condi\u00e7\u00e3o clim\u00e1tica piorou juntamente aos maus h\u00e1bitos do ser humano. Isso faz com que um inc\u00eandio que a gente apagaria em dias se estenda por semanas\u201d, afirma.<\/p>\n\n\n\n<p>Enquanto isso, os bombeiros s\u00e3o obrigados a estabelecer uma escala de prioridades nos atendimentos. Pela ordem, ela contempla enfrentamento a inc\u00eandios que amea\u00e7am resid\u00eancias, ind\u00fastrias, empresas, parques e reservas ambientais. A ideia por tr\u00e1s dessa ordem \u00e9 que, entre a vida e a mata, a vida prevalece.<\/p>\n\n\n\n<h3 class=\"wp-block-heading\"><strong>Devasta\u00e7\u00e3o abala&nbsp;<\/strong><strong>tamb\u00e9m militares<\/strong><\/h3>\n\n\n\n<p>A gigantesca quantidade de queimadas e o sentimento de impot\u00eancia diante da voracidade do fogo entristece at\u00e9 os mais treinados militares da linha de frente. \u00c9 o que admite o tenente Lucas Silva Costa, comandante do canil dos bombeiros, que tamb\u00e9m atua h\u00e1 quatro anos no Bemad. \u201cComo tenho contato com animal o tempo todo, quando vejo\u00a0<strong>animais\u00a0<\/strong>feridos nesses inc\u00eandios fico mais sentido\u201d, conta.<br>Ele cita como exemplo o resgate de um coelho-do-mato no\u00a0Parque do Itacolomi, em Ouro Preto, que teve 7% de sua \u00e1rea consumido pelo fogo no \u00faltimo fim de semana.<\/p>\n\n\n\n<p>\u201c\u00c9 triste vivenciar inc\u00eandios florestais, porque em v\u00e1rios momentos nos deparamos com animais mortos, j\u00e1&nbsp;<strong>carbonizados<\/strong>. Toda vez que fazemos um sobrevoo, \u00e9 triste ver aquela devasta\u00e7\u00e3o grande. \u00c9 pesado pra quem gosta e tem consci\u00eancia de<strong>&nbsp;preserva\u00e7\u00e3o do meio ambiente<\/strong>.\u201d<\/p>\n\n\n\n<p>H\u00e1 oito anos na corpora\u00e7\u00e3o vivenciando diversas ocorr\u00eancias, ele n\u00e3o se acostuma com a devasta\u00e7\u00e3o da natureza e se incomoda com o fato de ter que priorizar o atendimento.<\/p>\n\n\n\n<p>\u201cPor mais que a gente trabalhe exaustivamente antes desta \u00e9poca do ano com preven\u00e7\u00e3o, ficamos angustiados de n\u00e3o poder, \u00e0s vezes, combater todos os focos na temporada mais cr\u00edtica. Mas, dentro dos recursos que temos, nos empenhamos ao m\u00e1ximo. Damos a vida nesses inc\u00eandios\u201d, afirma o tenente Lucas. \u201cO mais&nbsp;<strong>triste&nbsp;<\/strong>\u00e9 saber que acontece pelo fator humano, e que por muitas vezes s\u00e3o atos criminosos. O ser humano tem essa capacidade de colocar fogo s\u00f3 para poder ver a destrui\u00e7\u00e3o.\u201d<\/p>\n\n\n\n<h2 class=\"wp-block-heading\"><strong>Espera angustiante<\/strong><\/h2>\n\n\n\n<p>Ocorr\u00eancias recentes t\u00eam em comum as queixas de moradores pela demora no atendimento, ligado \u00e0 n\u00e3o disponibilidade imediata de efetivo dos bombeiros. Confira:<br><strong>\u00bb<\/strong>\u00a0Na mais recente ocorr\u00eancia de inc\u00eandio em \u00e1reas verdes,\u00a0brigadistas de Lapinha da Serra, em Santana do Riacho, na regi\u00e3o da Serra do Cip\u00f3, relataram ter combatido as chamas da madrugada at\u00e9 a tarde de quinta-feira por conta pr\u00f3pria. Na madrugada seguinte, o enfrentamento em terra tamb\u00e9m n\u00e3o contou com militares.<br><strong>\u00bb\u00a0<\/strong>Na semana passada, as chamas origin\u00e1rias do inc\u00eandio no Parque Nacional da Serra do Cip\u00f3 se aproximaram de resid\u00eancias e estabelecimentos comerciais \u00e0s margens da MG-10. Propriet\u00e1rios reclamaram da demora da chegada dos bombeiros e\u00a0tiveram de combater as chamas com baldes.<\/p>\n\n\n\n<p>Fonte: EstadodeMinas<\/p>\n","protected":false},"excerpt":{"rendered":"<p>Na \u00e9poca mais cr\u00edtica do ano, com quase 25% mais focos em \u00e1reas verdes, corpora\u00e7\u00e3o \u00e9 obrigada a criar escala de prioridades e comunidades sofrem com demora O\u00a0fogo\u00a0que consome as matas de Minas e a fuma\u00e7a que transforma em cinza o azul do c\u00e9u, a cada dia mais recorrentes e graves, j\u00e1 superam a capacidade de combate do Corpo de [&hellip;]<\/p>\n","protected":false},"author":1,"featured_media":5236,"comment_status":"closed","ping_status":"","sticky":false,"template":"","format":"standard","meta":{"footnotes":""},"categories":[3],"tags":[],"class_list":["post-5235","post","type-post","status-publish","format-standard","has-post-thumbnail","hentry","category-noticias"],"_links":{"self":[{"href":"https:\/\/portalpraties.com.br\/site\/wp-json\/wp\/v2\/posts\/5235","targetHints":{"allow":["GET"]}}],"collection":[{"href":"https:\/\/portalpraties.com.br\/site\/wp-json\/wp\/v2\/posts"}],"about":[{"href":"https:\/\/portalpraties.com.br\/site\/wp-json\/wp\/v2\/types\/post"}],"author":[{"embeddable":true,"href":"https:\/\/portalpraties.com.br\/site\/wp-json\/wp\/v2\/users\/1"}],"replies":[{"embeddable":true,"href":"https:\/\/portalpraties.com.br\/site\/wp-json\/wp\/v2\/comments?post=5235"}],"version-history":[{"count":1,"href":"https:\/\/portalpraties.com.br\/site\/wp-json\/wp\/v2\/posts\/5235\/revisions"}],"predecessor-version":[{"id":5237,"href":"https:\/\/portalpraties.com.br\/site\/wp-json\/wp\/v2\/posts\/5235\/revisions\/5237"}],"wp:featuredmedia":[{"embeddable":true,"href":"https:\/\/portalpraties.com.br\/site\/wp-json\/wp\/v2\/media\/5236"}],"wp:attachment":[{"href":"https:\/\/portalpraties.com.br\/site\/wp-json\/wp\/v2\/media?parent=5235"}],"wp:term":[{"taxonomy":"category","embeddable":true,"href":"https:\/\/portalpraties.com.br\/site\/wp-json\/wp\/v2\/categories?post=5235"},{"taxonomy":"post_tag","embeddable":true,"href":"https:\/\/portalpraties.com.br\/site\/wp-json\/wp\/v2\/tags?post=5235"}],"curies":[{"name":"wp","href":"https:\/\/api.w.org\/{rel}","templated":true}]}}