{"id":5245,"date":"2021-09-25T21:12:41","date_gmt":"2021-09-25T21:12:41","guid":{"rendered":"http:\/\/portalpraties.com.br\/site\/?p=5245"},"modified":"2021-09-25T21:12:41","modified_gmt":"2021-09-25T21:12:41","slug":"inicio-da-primavera-o-que-e-o-equinocio-que-marca-comeco-da-estacao-tao-especial","status":"publish","type":"post","link":"https:\/\/portalpraties.com.br\/site\/2021\/09\/25\/inicio-da-primavera-o-que-e-o-equinocio-que-marca-comeco-da-estacao-tao-especial\/","title":{"rendered":"In\u00edcio da primavera: o que \u00e9 o equin\u00f3cio, que marca come\u00e7o da esta\u00e7\u00e3o t\u00e3o especial"},"content":{"rendered":"\n<p>J\u00e1 \u00e9 primavera no hemisf\u00e9rio sul. <\/p>\n\n\n\n<p>A esta\u00e7\u00e3o de transi\u00e7\u00e3o entre o inverno e o ver\u00e3o come\u00e7a oficialmente nesta quarta-feira (22\/09) e vai at\u00e9 o dia 21 de dezembro.<\/p>\n\n\n\n<p>A sua chegada se deve a um fen\u00f4meno astron\u00f4mico chamado Equin\u00f3cio \u2014 quando a luz solar incide da mesma forma sobre os dois hemisf\u00e9rios, fazendo com que os dias e as noites tenham a mesma dura\u00e7\u00e3o (12 horas cada). <\/p>\n\n\n\n<p>Esse evento acontece duas vezes por ano \u2014 e d\u00e1 in\u00edcio \u00e0 primavera e ao outono.<\/p>\n\n\n\n<h2 class=\"wp-block-heading\">A origem das esta\u00e7\u00f5es do ano<\/h2>\n\n\n\n<figure class=\"wp-block-image size-full\"><img fetchpriority=\"high\" decoding=\"async\" width=\"713\" height=\"395\" src=\"https:\/\/portalpraties.com.br\/site\/wp-content\/uploads\/2021\/09\/Captura-de-tela-2021-09-25-180932.png\" alt=\"\" class=\"wp-image-5247\" srcset=\"https:\/\/portalpraties.com.br\/site\/wp-content\/uploads\/2021\/09\/Captura-de-tela-2021-09-25-180932.png 713w, https:\/\/portalpraties.com.br\/site\/wp-content\/uploads\/2021\/09\/Captura-de-tela-2021-09-25-180932-300x166.png 300w\" sizes=\"(max-width: 713px) 100vw, 713px\" \/><\/figure>\n\n\n\n<p> A inclina\u00e7\u00e3o da Terra a 23,5 graus \u00e9 o que d\u00e1 origem \u00e0s esta\u00e7\u00f5es do ano Imagem: BBC Leva um ano para a Terra orbitar ao redor do sol e, ao fazer isso, nosso planeta tamb\u00e9m gira em torno do seu pr\u00f3prio eixo, movimento que leva 24 horas.<\/p>\n\n\n\n<p> Se o eixo da Terra estivesse a 90\u00b0 ou perpendicular ao plano de sua \u00f3rbita, nosso planeta seria muito diferente. <\/p>\n\n\n\n<p>O nascer e o p\u00f4r do sol aconteceriam na mesma hora todos os dias. <\/p>\n\n\n\n<p>Tamb\u00e9m n\u00e3o ter\u00edamos esta\u00e7\u00f5es do ano e haveria um grande impacto nos padr\u00f5es clim\u00e1ticos em todo o mundo.<\/p>\n\n\n\n<p> A raz\u00e3o pela qual isso n\u00e3o acontece \u00e9 porque a Terra est\u00e1 inclinada a 23,5 graus em rela\u00e7\u00e3o ao seu plano de \u00f3rbita. <\/p>\n\n\n\n<p>E \u00e9 justamente essa inclina\u00e7\u00e3o que d\u00e1 origem \u00e0s esta\u00e7\u00f5es do ano. No ver\u00e3o, o planeta est\u00e1 mais inclinado em dire\u00e7\u00e3o o sol e no inverno, mais afastado dele.<\/p>\n\n\n\n<h2 class=\"wp-block-heading\">O que acontece no Equin\u00f3cio?<\/h2>\n\n\n\n<figure class=\"wp-block-image size-full\"><img decoding=\"async\" width=\"714\" height=\"353\" src=\"https:\/\/portalpraties.com.br\/site\/wp-content\/uploads\/2021\/09\/Captura-de-tela-2021-09-25-180902.png\" alt=\"\" class=\"wp-image-5246\" srcset=\"https:\/\/portalpraties.com.br\/site\/wp-content\/uploads\/2021\/09\/Captura-de-tela-2021-09-25-180902.png 714w, https:\/\/portalpraties.com.br\/site\/wp-content\/uploads\/2021\/09\/Captura-de-tela-2021-09-25-180902-300x148.png 300w\" sizes=\"(max-width: 714px) 100vw, 714px\" \/><\/figure>\n\n\n\n<p>A luz extra de sol a cada semana \u00e9 a raz\u00e3o pela qual a primavera \u00e9 conhecida como a esta\u00e7\u00e3o das flores Imagem: GETTY IMAGES Durante um equin\u00f3cio, nenhum dos polos da Terra est\u00e1 inclinado em rela\u00e7\u00e3o ao Sol \u2014 com isso, os raios solares incidem sobre a Linha do Equador, iluminando com a mesma intensidade ambos os hemisf\u00e9rios.<\/p>\n\n\n\n<p>\u00c9 por isso que a dura\u00e7\u00e3o da luz do dia \u00e9 teoricamente a mesma em todos os pontos da superf\u00edcie da Terra. Da\u00ed o nome equin\u00f3cio, palavra derivada do latim, que significa &#8220;noites iguais&#8221;.<\/p>\n\n\n\n<p>Fonte: noticias.uol.com.br<\/p>\n","protected":false},"excerpt":{"rendered":"<p>J\u00e1 \u00e9 primavera no hemisf\u00e9rio sul. A esta\u00e7\u00e3o de transi\u00e7\u00e3o entre o inverno e o ver\u00e3o come\u00e7a oficialmente nesta quarta-feira (22\/09) e vai at\u00e9 o dia 21 de dezembro. A sua chegada se deve a um fen\u00f4meno astron\u00f4mico chamado Equin\u00f3cio \u2014 quando a luz solar incide da mesma forma sobre os dois hemisf\u00e9rios, fazendo com que os dias e as [&hellip;]<\/p>\n","protected":false},"author":1,"featured_media":5248,"comment_status":"closed","ping_status":"","sticky":false,"template":"","format":"standard","meta":{"footnotes":""},"categories":[3],"tags":[],"class_list":["post-5245","post","type-post","status-publish","format-standard","has-post-thumbnail","hentry","category-noticias"],"_links":{"self":[{"href":"https:\/\/portalpraties.com.br\/site\/wp-json\/wp\/v2\/posts\/5245","targetHints":{"allow":["GET"]}}],"collection":[{"href":"https:\/\/portalpraties.com.br\/site\/wp-json\/wp\/v2\/posts"}],"about":[{"href":"https:\/\/portalpraties.com.br\/site\/wp-json\/wp\/v2\/types\/post"}],"author":[{"embeddable":true,"href":"https:\/\/portalpraties.com.br\/site\/wp-json\/wp\/v2\/users\/1"}],"replies":[{"embeddable":true,"href":"https:\/\/portalpraties.com.br\/site\/wp-json\/wp\/v2\/comments?post=5245"}],"version-history":[{"count":1,"href":"https:\/\/portalpraties.com.br\/site\/wp-json\/wp\/v2\/posts\/5245\/revisions"}],"predecessor-version":[{"id":5249,"href":"https:\/\/portalpraties.com.br\/site\/wp-json\/wp\/v2\/posts\/5245\/revisions\/5249"}],"wp:featuredmedia":[{"embeddable":true,"href":"https:\/\/portalpraties.com.br\/site\/wp-json\/wp\/v2\/media\/5248"}],"wp:attachment":[{"href":"https:\/\/portalpraties.com.br\/site\/wp-json\/wp\/v2\/media?parent=5245"}],"wp:term":[{"taxonomy":"category","embeddable":true,"href":"https:\/\/portalpraties.com.br\/site\/wp-json\/wp\/v2\/categories?post=5245"},{"taxonomy":"post_tag","embeddable":true,"href":"https:\/\/portalpraties.com.br\/site\/wp-json\/wp\/v2\/tags?post=5245"}],"curies":[{"name":"wp","href":"https:\/\/api.w.org\/{rel}","templated":true}]}}