{"id":5250,"date":"2021-09-25T21:16:16","date_gmt":"2021-09-25T21:16:16","guid":{"rendered":"http:\/\/portalpraties.com.br\/site\/?p=5250"},"modified":"2021-09-25T21:16:16","modified_gmt":"2021-09-25T21:16:16","slug":"brigadistas-relatam-dificuldades-para-combater-incendios-na-regiao-da-chapada-diamantina-muito-perigo","status":"publish","type":"post","link":"https:\/\/portalpraties.com.br\/site\/2021\/09\/25\/brigadistas-relatam-dificuldades-para-combater-incendios-na-regiao-da-chapada-diamantina-muito-perigo\/","title":{"rendered":"Brigadistas relatam dificuldades para combater inc\u00eandios na regi\u00e3o da Chapada Diamantina: &#8216;Muito perigo&#8217;"},"content":{"rendered":"\n<h2 class=\"wp-block-heading\">Fogo \u00e0s margens da BR-242 atrapalha a vis\u00e3o de motoristas e aumenta riscos de acidentes. Pelo menos nove cidades registram queimadas em \u00e1rea de vegeta\u00e7\u00e3o, em todo o estado.<\/h2>\n\n\n\n<p>Equipes de brigadistas volunt\u00e1rios que atuam no combate \u00e0s queimadas na regi\u00e3o da Chapada Diamantina enfrentam dificuldade nos trabalhos e relatam sentimento de tristeza pela destrui\u00e7\u00e3o causada pelo fogo. A for\u00e7a-tarefa para acabar com o fogo j\u00e1 dura 16 dias e \u00e9 complicada por fatores como altas temperaturas e falta de chuvas.<\/p>\n\n\n\n<p>Em alguns casos, as chamas se espalham \u00e0s margens de rodovias, o que aumenta o risco de acidentes, j\u00e1 que motoristas perdem visibilidade com a fuma\u00e7a. Essa situa\u00e7\u00e3o ocorre, por exemplo, \u00e0s margens da BR-242, no trecho de Len\u00e7\u00f3is, onde brigadistas se uniram \u00e0s equipes do Corpo de Bombeiros para fortalecer as a\u00e7\u00f5es de combate.<\/p>\n\n\n\n<p>&#8220;\u00c9 muito fogo, muito mesmo. D\u00e1 uma dor no cora\u00e7\u00e3o ver a nossa natureza virar p\u00f3 desse jeito. A gente trabalha sem parar, mas n\u00e3o d\u00e1 conta&#8221;, desabafou um brigadista.<\/p>\n\n\n\n<p>Fonte: g1.globo.com<\/p>\n","protected":false},"excerpt":{"rendered":"<p>Fogo \u00e0s margens da BR-242 atrapalha a vis\u00e3o de motoristas e aumenta riscos de acidentes. Pelo menos nove cidades registram queimadas em \u00e1rea de vegeta\u00e7\u00e3o, em todo o estado. Equipes de brigadistas volunt\u00e1rios que atuam no combate \u00e0s queimadas na regi\u00e3o da Chapada Diamantina enfrentam dificuldade nos trabalhos e relatam sentimento de tristeza pela destrui\u00e7\u00e3o causada pelo fogo. A for\u00e7a-tarefa [&hellip;]<\/p>\n","protected":false},"author":1,"featured_media":5251,"comment_status":"closed","ping_status":"","sticky":false,"template":"","format":"standard","meta":{"footnotes":""},"categories":[3],"tags":[],"class_list":["post-5250","post","type-post","status-publish","format-standard","has-post-thumbnail","hentry","category-noticias"],"_links":{"self":[{"href":"https:\/\/portalpraties.com.br\/site\/wp-json\/wp\/v2\/posts\/5250","targetHints":{"allow":["GET"]}}],"collection":[{"href":"https:\/\/portalpraties.com.br\/site\/wp-json\/wp\/v2\/posts"}],"about":[{"href":"https:\/\/portalpraties.com.br\/site\/wp-json\/wp\/v2\/types\/post"}],"author":[{"embeddable":true,"href":"https:\/\/portalpraties.com.br\/site\/wp-json\/wp\/v2\/users\/1"}],"replies":[{"embeddable":true,"href":"https:\/\/portalpraties.com.br\/site\/wp-json\/wp\/v2\/comments?post=5250"}],"version-history":[{"count":1,"href":"https:\/\/portalpraties.com.br\/site\/wp-json\/wp\/v2\/posts\/5250\/revisions"}],"predecessor-version":[{"id":5252,"href":"https:\/\/portalpraties.com.br\/site\/wp-json\/wp\/v2\/posts\/5250\/revisions\/5252"}],"wp:featuredmedia":[{"embeddable":true,"href":"https:\/\/portalpraties.com.br\/site\/wp-json\/wp\/v2\/media\/5251"}],"wp:attachment":[{"href":"https:\/\/portalpraties.com.br\/site\/wp-json\/wp\/v2\/media?parent=5250"}],"wp:term":[{"taxonomy":"category","embeddable":true,"href":"https:\/\/portalpraties.com.br\/site\/wp-json\/wp\/v2\/categories?post=5250"},{"taxonomy":"post_tag","embeddable":true,"href":"https:\/\/portalpraties.com.br\/site\/wp-json\/wp\/v2\/tags?post=5250"}],"curies":[{"name":"wp","href":"https:\/\/api.w.org\/{rel}","templated":true}]}}