{"id":5253,"date":"2021-09-25T21:22:58","date_gmt":"2021-09-25T21:22:58","guid":{"rendered":"http:\/\/portalpraties.com.br\/site\/?p=5253"},"modified":"2021-09-25T21:22:58","modified_gmt":"2021-09-25T21:22:58","slug":"brigadistas-reforcam-acoes-de-combate-na-temporada-critica-do-fogo","status":"publish","type":"post","link":"https:\/\/portalpraties.com.br\/site\/2021\/09\/25\/brigadistas-reforcam-acoes-de-combate-na-temporada-critica-do-fogo\/","title":{"rendered":"Brigadistas refor\u00e7am a\u00e7\u00f5es de combate na temporada cr\u00edtica do fogo"},"content":{"rendered":"\n<h2 class=\"wp-block-heading\">Contratados ou volunt\u00e1rios, eles se juntam aos bombeiros em trabalho incans\u00e1vel de preven\u00e7\u00e3o e combate \u00e0s chamas<\/h2>\n\n\n\n<p>Nas \u00e1reas mais long\u00ednquas das matas e florestas, um trabalho minucioso e quase que incans\u00e1vel se torna essencial para que o fogo n\u00e3o consuma hectares de \u00e1rea verde, destrua casas e provoque trag\u00e9dias maiores. Em tempos de seca, os cuidados devem ser redobrados, seja na<strong>\u00a0preven\u00e7\u00e3o<\/strong>\u00a0ou no controle de\u00a0<strong>queimadas<\/strong>.<\/p>\n\n\n\n<p><strong>Minas Gerais<\/strong>\u00a0vive um dos per\u00edodos mais ca\u00f3ticos em rela\u00e7\u00e3o \u00e0 expans\u00e3o de\u00a0<strong>inc\u00eandios florestais<\/strong>, o que certamente exige uma prepara\u00e7\u00e3o criteriosa da popula\u00e7\u00e3o no entorno dos parques naturais. Al\u00e9m do trabalho do Corpo de Bombeiros, a atua\u00e7\u00e3o dos\u00a0<strong>brigadistas\u00a0<\/strong>do estado, sejam volunt\u00e1rios ou contratados, ganha destaque num momento de enorme risco para os mais atingidos.<\/p>\n\n\n\n<p>Segundo balan\u00e7o feito pelo Instituto Nacional de Pesquisas Espaciais (Inpe), Minas teve 2.078 focos ativos de inc\u00eandio nos sete primeiros meses do ano. Somente em julho, foram mais de 700 registros, podendo atingir a m\u00e9dia hist\u00f3rica do m\u00eas (718) desde que os dados come\u00e7aram a ser divulgados, em 1998. No \u00faltimo fim de semana, o\u00a0<strong>Corpo de Bombeiros<\/strong>\u00a0obteve o preocupante n\u00famero de 331 chamados para controlar<strong>\u00a0inc\u00eandios<\/strong>\u00a0em todo o estado. <\/p>\n\n\n\n<p>No total, mais de 1,4 mil hectares de terra no entorno e de 1,1 mil na \u00e1rea interna dos parques foram queimados pelo fogo.<br>Ainda que as comunidades que ficam no entorno das \u00e1reas de conserva\u00e7\u00e3o sejam as mais atingidas pelo fogo, a orienta\u00e7\u00e3o do Corpo de Bombeiros \u00e9 para que elas n\u00e3o tentem controlar os inc\u00eandios, j\u00e1 que n\u00e3o s\u00e3o treinadas para esse fim. Apesar disso, \u00e9 comum ver moradores com baldes de \u00e1gua ou sem portar equipamentos de seguran\u00e7a assumindo o risco e tentando apagar as chamas.<\/p>\n\n\n\n<p>\u201cCom as comunidades, nossa atua\u00e7\u00e3o \u00e9 mais de conscientiza\u00e7\u00e3o, porque combater inc\u00eandio florestal \u00e9 uma atividade que envolve uma s\u00e9rie de riscos. Se a pessoa n\u00e3o \u00e9 um brigadista, \u00e9 muito delicado fazer qualquer tipo de treinamento a um morador leigo, porque isso traz uma s\u00e9rie de riscos. Falamos em deslocamento a locais em que muitas vezes a pessoa pode se acidentar ou ficar cercada pelo fogo. Temos as brigadas, em caso de inc\u00eandio, pois normalmente s\u00e3o formadas por moradores aptos a exercer a atividade, desde que treinados pelos bombeiros\u201d, explica o porta-voz do Corpo de Bombeiros, tenente Pedro Aihara.<\/p>\n\n\n\n<figure class=\"wp-block-image size-full\"><img fetchpriority=\"high\" decoding=\"async\" width=\"820\" height=\"492\" src=\"https:\/\/portalpraties.com.br\/site\/wp-content\/uploads\/2021\/09\/20210723071044437637i.jpg\" alt=\"\" class=\"wp-image-5254\" srcset=\"https:\/\/portalpraties.com.br\/site\/wp-content\/uploads\/2021\/09\/20210723071044437637i.jpg 820w, https:\/\/portalpraties.com.br\/site\/wp-content\/uploads\/2021\/09\/20210723071044437637i-300x180.jpg 300w, https:\/\/portalpraties.com.br\/site\/wp-content\/uploads\/2021\/09\/20210723071044437637i-768x461.jpg 768w\" sizes=\"(max-width: 820px) 100vw, 820px\" \/><\/figure>\n\n\n\n<p>Esporadicamente, a corpora\u00e7\u00e3o faz campanhas educativas para alertar os moradores em \u00e1reas de risco sobre o uso do fogo para eliminar o lixo e quanto \u00e0 limpeza de lotes. Segundo Aihara, a maior contribui\u00e7\u00e3o das comunidades \u00e9 na fiscaliza\u00e7\u00e3o. \u201cOs inc\u00eandios s\u00e3o causados por neglig\u00eancia, por aquela pessoa que queima seu lixo e perde o controle do fogo ou em situa\u00e7\u00f5es criminosas. Orientamos que as pessoas denunciem qualquer movimenta\u00e7\u00e3o suspeita. Mais importante que combater inc\u00eandio, a sociedade precisa entender que tem de prestar aten\u00e7\u00e3o, porque, geralmente, dentro do pr\u00f3prio bairro, \u00e9 poss\u00edvel saber quem costuma atear fogo de maneira irregular. Se houver colabora\u00e7\u00e3o das pessoas, conseguimos ter um trabalho preventivo, que se torna eficaz\u201d.<\/p>\n\n\n\n<h2 class=\"wp-block-heading\">Em campo<\/h2>\n\n\n\n<p>As brigadas foram respons\u00e1veis pelo combate de 20% das ocorr\u00eancias no ano passado em Minas Gerais. O tempo de resposta \u00e9 curto, podendo chegar, em m\u00e9dia, a 10 minutos entre o pedido de socorro e o atendimento. Morador de Casa Branca, distrito de Brumadinho, situado no entorno do Parque Estadual do Rola-Mo\u00e7a, Ronie Gibson de Oliveira, de 50 anos, come\u00e7ou a atuar no combate \u00e0s chamas em 2011, sendo um dos fundadores das brigadas do Instituto Casa Branca e Guar\u00e1. Atualmente, ele faz da parte da brigada comunit\u00e1ria Carcar\u00e1, que d\u00e1 suporte aos condom\u00ednios da regi\u00e3o e \u00e0s serras da Cal\u00e7ada e da Moeda.<\/p>\n\n\n\n<p>O brigadista afirma que a prepara\u00e7\u00e3o para o per\u00edodo cr\u00edtico come\u00e7a bem antes do per\u00edodo de maior incid\u00eancia de inc\u00eandios: \u201cNos preparamos durante o ano, fazemos a compra de material e a adequa\u00e7\u00e3o \u00e0s normas dos bombeiros. Nos acostumamos a fazer uma reuni\u00e3o semanal para balan\u00e7o das ocorr\u00eancias. Nos encontramos todas as sexta-feiras no Parque do Rola-Mo\u00e7a. \u00c9 preciso informar os moradores dos condom\u00ednios, verificar se as casas est\u00e3o protegidas caso o fogo chegue e evitar que atinja alguma resid\u00eancia. Ficamos na preven\u00e7\u00e3o e aguardando at\u00e9 ser acionados\u201d.<\/p>\n\n\n\n<h2 class=\"wp-block-heading\">Refor\u00e7o<\/h2>\n\n\n\n<p>Nesta semana, dois inc\u00eandios na Serra da Moeda e em Lavras Novas, que causaram a destrui\u00e7\u00e3o de casas e autom\u00f3veis, mobilizaram a a\u00e7\u00e3o das equipes volunt\u00e1rias. O aumento da demanda exigir\u00e1 ainda mais esfor\u00e7o das comunidades. Com cerca de 30 integrantes, a Brigada Carcar\u00e1 ganhar\u00e1, nos pr\u00f3ximos dias, 10 novos integrantes, que far\u00e3o o curso preparat\u00f3rio ministrado pelo Corpo de Bombeiros para atuar no combate \u00e0s queimadas na regi\u00e3o de Brumadinho. \u201cSeria fundamental que cada munic\u00edpio tivesse sua brigada permanente, n\u00e3o somente em temporadas de inc\u00eandio. H\u00e1 todo um trabalho preventivo nas escolas e nas casas. A comunidade precisa estar envolvida e fortalecer as brigadas, sejam volunt\u00e1rias ou contratadas. E muitas vezes o bombeiro n\u00e3o tem efetivos para atender \u00e0s demandas. Temos v\u00e1rias ocorr\u00eancias durante o dia pedindo socorro\u201d, afirma Ronie.<\/p>\n\n\n\n<p>J\u00falio C\u00e9sar de Melo, de 51, tamb\u00e9m passou a se envolver diretamente com o combate a inc\u00eandios nos parques do Serra Verde, da Serra da Piedade e no Ref\u00fagio Maca\u00fabas. A sede da Brigada GCA fica em local estrat\u00e9gico para atender \u00e0s ocorr\u00eancias da capital, Santa Luzia e Sabar\u00e1. \u201cAtuamos em determinadas \u00e1reas, mas isso n\u00e3o significa que possamos nos deslocar para a Serra da Moeda, Rola-Mo\u00e7a. Vai depender da demanda. Se houver urg\u00eancia, nos deslocamos\u201d, afirma Melo, que reside no Bairro Maria Goretti.<\/p>\n\n\n\n<p>O brigadista afirma que o n\u00famero de volunt\u00e1rios ainda \u00e9 pouco diante da alta demanda nos \u00faltimos meses: \u201cMuitas vezes, conseguimos a ades\u00e3o de volunt\u00e1rios, que se sensibilizam com a situa\u00e7\u00e3o e nos ajudam. Temos um estado com dimens\u00f5es continentais. No fim de semana, foram mais de 300 chamados do Corpo de Bombeiros. Pela dificuldade que \u00e9 o combate aos inc\u00eandios florestais, o efetivo ainda \u00e9 pouco\u201d.<\/p>\n\n\n\n<h2 class=\"wp-block-heading\">Preven\u00e7\u00e3o<\/h2>\n\n\n\n<p>Em Ouro Preto e Mariana, a pr\u00f3pria administra\u00e7\u00e3o do Parque do Itacolomi iniciou trabalhos com moradores que vivem no entorno das reservas ambientais. De acordo com a gestora Maria L\u00facia Cristo, a a\u00e7\u00e3o vem surtindo efeito nos \u00faltimos meses, j\u00e1 que o local s\u00f3 teve uma ocorr\u00eancia de inc\u00eandio neste per\u00edodo.<\/p>\n\n\n\n<p>\u201cFizemos treinamentos com os brigadistas para conhecerem a peculiaridade da regi\u00e3o. E um trabalho com as comunidades. Nosso parque \u00e9 lim\u00edtrofe com Ouro Preto e Mariana, justamente a \u00e1rea com a maior incid\u00eancia de inc\u00eandios. Visitamos as casas e conscientizamos sobre os per\u00edodos cr\u00edticos. S\u00e3o comunidades com recursos escassos e muitas vezes colocam fogo em lixo ou fazem inc\u00eandios no local. Entregamos a eles um cart\u00e3o com os n\u00fameros de telefone para pedir socorro quando necess\u00e1rio. Estamos tendo \u00f3tima resposta\u201d, diz Maria L\u00facia.<\/p>\n\n\n\n<h2 class=\"wp-block-heading\">Estado expande bases operacionais<\/h2>\n\n\n\n<p>Neste per\u00edodo cr\u00edtico de inverno, Minas Gerais passar\u00e1 a contar com 10 bases operacionais de combate aos inc\u00eandios florestais espalhadas pelo estado, que servir\u00e3o como pontos de apoio ou mesmo den\u00fancia de queimadas clandestinas. Em a\u00e7\u00e3o estrat\u00e9gica, o governo estadual instalar\u00e1 novas \u00e1reas de monitoramento em Paracatu, Santo Ant\u00f4nio de Itamb\u00e9, Tim\u00f3teo, Buen\u00f3polis, Montes Claros, Lagoa Santa e Ouro Preto, que ser\u00e3o somadas \u00e0s que existem em Belo Horizonte, Curvelo e Janu\u00e1ria. O Plano de Resposta foi lan\u00e7ado na semana passada, na Serra do Rola-Mo\u00e7a.<br>A miss\u00e3o das bases \u00e9 atuar em conjunto com as brigadas e, desta forma, minimizar os inc\u00eandios provocados pelos humanos. \u201cSabemos que em per\u00edodo seco n\u00e3o existem inc\u00eandios por causa natural. A \u00fanica causa natural \u00e9 o raio, que cai numa \u00e1rvore e espalha o fogo. Vemos isso na \u00e9poca de tempestade, mas n\u00e3o h\u00e1 chuva neste momento. Ent\u00e3o, 99% dos registros de inc\u00eandios hoje s\u00e3o provocados pelo homem. As pessoas v\u00e3o passear, mas involuntariamente acendem fogueiras, bitucas de cigarro ou queimam lotes. O fogo adentra para as unidades. O estrago que isso provoca \u00e9 enorme\u201d, analisa Ana Carolina Fran\u00e7a Seleme, diretora de Unidades de Conserva\u00e7\u00e3o do Instituto Estadual de Florestas (IEF).<\/p>\n\n\n\n<p>Segundo ela, o estado fez investimento de R$ 40 milh\u00f5es em preven\u00e7\u00e3o e combate aos inc\u00eandios florestais, que ser\u00e3o gastos na compra de aeronaves, caminhonetes e equipamentos de prote\u00e7\u00e3o individual. Al\u00e9m disso, o governo contratou, no primeiro semestre, 115 novos brigadistas, que se somam aos 260 funcion\u00e1rios e servidores que j\u00e1 atuam nas unidades. J\u00e1 existe, tamb\u00e9m, um processo seletivo para a contrata\u00e7\u00e3o de outros 252 profissionais tempor\u00e1rios.<br>\u201cEles fazem os aceiros, que correspondem \u00e0 limpeza das \u00e1reas secas em volta dos lugares mais verdes. Com isso, o fogo n\u00e3o atinge \u00e0 \u00e1rea de conserva\u00e7\u00e3o ambiental. Al\u00e9m disso, h\u00e1 o processo de educa\u00e7\u00e3o e o manejo integrado do fogo, por meio de queimas prescritas da \u00e1rea seca\u201d, ressalta Ana Carolina.<br>De acordo com o Corpo de Bombeiros a parceria com as brigadas \u00e9 extremamente importante. Mas \u00e9 \u201cimportante destacar que o funcionamento das brigadas deve observar a legisla\u00e7\u00e3o estadual, com a submiss\u00e3o t\u00e9cnica e legal ao CBMMG, para melhor coordena\u00e7\u00e3o e controle dos trabalhos realizados e seguran\u00e7a da popula\u00e7\u00e3o mineira\u201d, disse a corpora\u00e7\u00e3o, por meio de nota.<\/p>\n\n\n\n<h2 class=\"wp-block-heading\">O efeito do fogo<\/h2>\n\n\n\n<p><strong>2.078<\/strong>focos ativos em Minas em 2021<br><strong>708<\/strong>registros em julho<br><strong>1,4 mil<\/strong>hectares destru\u00eddos no entorno de parques estaduais<br><strong>1,1 mil<\/strong>hectares destru\u00eddos na \u00e1rea interna de parques estaduais<\/p>\n\n\n\n<p>Fonte: EstadodeMinas<\/p>\n","protected":false},"excerpt":{"rendered":"<p>Contratados ou volunt\u00e1rios, eles se juntam aos bombeiros em trabalho incans\u00e1vel de preven\u00e7\u00e3o e combate \u00e0s chamas Nas \u00e1reas mais long\u00ednquas das matas e florestas, um trabalho minucioso e quase que incans\u00e1vel se torna essencial para que o fogo n\u00e3o consuma hectares de \u00e1rea verde, destrua casas e provoque trag\u00e9dias maiores. Em tempos de seca, os cuidados devem ser redobrados, [&hellip;]<\/p>\n","protected":false},"author":1,"featured_media":5255,"comment_status":"closed","ping_status":"","sticky":false,"template":"","format":"standard","meta":{"footnotes":""},"categories":[3],"tags":[],"class_list":["post-5253","post","type-post","status-publish","format-standard","has-post-thumbnail","hentry","category-noticias"],"_links":{"self":[{"href":"https:\/\/portalpraties.com.br\/site\/wp-json\/wp\/v2\/posts\/5253","targetHints":{"allow":["GET"]}}],"collection":[{"href":"https:\/\/portalpraties.com.br\/site\/wp-json\/wp\/v2\/posts"}],"about":[{"href":"https:\/\/portalpraties.com.br\/site\/wp-json\/wp\/v2\/types\/post"}],"author":[{"embeddable":true,"href":"https:\/\/portalpraties.com.br\/site\/wp-json\/wp\/v2\/users\/1"}],"replies":[{"embeddable":true,"href":"https:\/\/portalpraties.com.br\/site\/wp-json\/wp\/v2\/comments?post=5253"}],"version-history":[{"count":1,"href":"https:\/\/portalpraties.com.br\/site\/wp-json\/wp\/v2\/posts\/5253\/revisions"}],"predecessor-version":[{"id":5256,"href":"https:\/\/portalpraties.com.br\/site\/wp-json\/wp\/v2\/posts\/5253\/revisions\/5256"}],"wp:featuredmedia":[{"embeddable":true,"href":"https:\/\/portalpraties.com.br\/site\/wp-json\/wp\/v2\/media\/5255"}],"wp:attachment":[{"href":"https:\/\/portalpraties.com.br\/site\/wp-json\/wp\/v2\/media?parent=5253"}],"wp:term":[{"taxonomy":"category","embeddable":true,"href":"https:\/\/portalpraties.com.br\/site\/wp-json\/wp\/v2\/categories?post=5253"},{"taxonomy":"post_tag","embeddable":true,"href":"https:\/\/portalpraties.com.br\/site\/wp-json\/wp\/v2\/tags?post=5253"}],"curies":[{"name":"wp","href":"https:\/\/api.w.org\/{rel}","templated":true}]}}