{"id":5337,"date":"2021-10-03T14:18:59","date_gmt":"2021-10-03T14:18:59","guid":{"rendered":"http:\/\/portalpraties.com.br\/site\/?p=5337"},"modified":"2021-10-03T14:18:59","modified_gmt":"2021-10-03T14:18:59","slug":"voce-sabe-o-que-e-outubro-rosa","status":"publish","type":"post","link":"https:\/\/portalpraties.com.br\/site\/2021\/10\/03\/voce-sabe-o-que-e-outubro-rosa\/","title":{"rendered":"Voc\u00ea sabe o que \u00e9 Outubro Rosa?"},"content":{"rendered":"\n<p>Outubro Rosa \u00e9 uma campanha anual realizada mundialmente em outubro, com a inten\u00e7\u00e3o de alertar a sociedade sobre o diagn\u00f3stico precoce do c\u00e2ncer de mama. A mobiliza\u00e7\u00e3o visa tamb\u00e9m \u00e0 dissemina\u00e7\u00e3o de dados preventivos e ressalta a import\u00e2ncia de olhar com aten\u00e7\u00e3o para a sa\u00fade, al\u00e9m de lutar por direitos como o atendimento m\u00e9dico e o suporte emocional, garantindo um tratamento de qualidade.<\/p>\n\n\n\n<p>Durante o m\u00eas, diversas institui\u00e7\u00f5es abordam o tema para encorajar mulheres a realizarem seus exames e muitas at\u00e9 os disponibilizam. Iniciativas como essa s\u00e3o fundamentais para a preven\u00e7\u00e3o, visto que nos est\u00e1gios iniciais, a doen\u00e7a \u00e9 assintom\u00e1tica.<\/p>\n\n\n\n<h2 class=\"wp-block-heading\"><strong>Sobre o c\u00e2ncer de mama<\/strong><\/h2>\n\n\n\n<p>O c\u00e2ncer de mama \u00e9 um tumor maligno que ataca o tecido mam\u00e1rio e \u00e9 um dos tipos mais comuns, segundo o Instituto Nacional do C\u00e2ncer \u2013 INCA. Ele se desenvolve quando ocorre uma altera\u00e7\u00e3o de apenas alguns trechos das mol\u00e9culas de DNA, causando uma multiplica\u00e7\u00e3o das c\u00e9lulas anormais que geram o cisto.<\/p>\n\n\n\n<h2 class=\"wp-block-heading\"><strong>A import\u00e2ncia da mamografia<\/strong><\/h2>\n\n\n\n<p>Segundo o Instituto Oncoguia, diagnosticar o c\u00e2ncer precocemente aumenta significantemente as chances de cura, 95% dos casos identificados em est\u00e1gio inicial t\u00eam possibilidade de cura. Por isso, a mamografia \u00e9 imprescind\u00edvel, sendo o principal m\u00e9todo para o rastreamento da doen\u00e7a.<\/p>\n\n\n\n<p>De acordo com a Sociedade Brasileira de Mastologia (SBM) das 11,5 milh\u00f5es de mamografias que deveriam ter sido realizadas no ano passado, apenas 2,7 milh\u00f5es foram feitas. A diminui\u00e7\u00e3o acentuada do exame \u00e9 um fator de risco para milhares de mulheres e um alerta para a import\u00e2ncia da campanha.<\/p>\n\n\n\n<h2 class=\"wp-block-heading\"><strong>Hist\u00f3ria<\/strong><\/h2>\n\n\n\n<p>O movimento teve in\u00edcio no ano de 1990 em um evento chamado &#8220;Corrida pela cura&#8221; que aconteceu em Nova Iorque, para arrecadar fundos para a pesquisa realizada pela institui\u00e7\u00e3o Susan G. Komen Breast Cancer Foundation.<\/p>\n\n\n\n<p>O evento ocorria sem que houvessem institui\u00e7\u00f5es p\u00fablicas ou privadas envolvidas. A medida em que cresceu, outubro foi institu\u00eddo como o m\u00eas de conscientiza\u00e7\u00e3o nacional nos Estados Unidos, at\u00e9 se espalhar para o resto do mundo.<\/p>\n\n\n\n<p>A primeira a\u00e7\u00e3o no Brasil aconteceu em 2002, no parque Ibirapuera, em S\u00e3o Paulo. Com a ilumina\u00e7\u00e3o cor-de-rosa do Obelisco Mausol\u00e9u ao Soldado Constitucionalista.<\/p>\n\n\n\n<p>A partir de 2008, iniciativas como essa tornaram se cada vez mais frequentes. Diversas entidades relacionadas ao c\u00e2ncer passaram a iluminar pr\u00e9dios e monumentos, transmitindo a mensagem: a preven\u00e7\u00e3o \u00e9 necess\u00e1ria.<\/p>\n\n\n\n<p>Fonte: roche.com.br<\/p>\n","protected":false},"excerpt":{"rendered":"<p>Outubro Rosa \u00e9 uma campanha anual realizada mundialmente em outubro, com a inten\u00e7\u00e3o de alertar a sociedade sobre o diagn\u00f3stico precoce do c\u00e2ncer de mama. A mobiliza\u00e7\u00e3o visa tamb\u00e9m \u00e0 dissemina\u00e7\u00e3o de dados preventivos e ressalta a import\u00e2ncia de olhar com aten\u00e7\u00e3o para a sa\u00fade, al\u00e9m de lutar por direitos como o atendimento m\u00e9dico e o suporte emocional, garantindo um [&hellip;]<\/p>\n","protected":false},"author":1,"featured_media":5338,"comment_status":"closed","ping_status":"","sticky":false,"template":"","format":"standard","meta":{"footnotes":""},"categories":[3],"tags":[],"class_list":["post-5337","post","type-post","status-publish","format-standard","has-post-thumbnail","hentry","category-noticias"],"_links":{"self":[{"href":"https:\/\/portalpraties.com.br\/site\/wp-json\/wp\/v2\/posts\/5337","targetHints":{"allow":["GET"]}}],"collection":[{"href":"https:\/\/portalpraties.com.br\/site\/wp-json\/wp\/v2\/posts"}],"about":[{"href":"https:\/\/portalpraties.com.br\/site\/wp-json\/wp\/v2\/types\/post"}],"author":[{"embeddable":true,"href":"https:\/\/portalpraties.com.br\/site\/wp-json\/wp\/v2\/users\/1"}],"replies":[{"embeddable":true,"href":"https:\/\/portalpraties.com.br\/site\/wp-json\/wp\/v2\/comments?post=5337"}],"version-history":[{"count":1,"href":"https:\/\/portalpraties.com.br\/site\/wp-json\/wp\/v2\/posts\/5337\/revisions"}],"predecessor-version":[{"id":5339,"href":"https:\/\/portalpraties.com.br\/site\/wp-json\/wp\/v2\/posts\/5337\/revisions\/5339"}],"wp:featuredmedia":[{"embeddable":true,"href":"https:\/\/portalpraties.com.br\/site\/wp-json\/wp\/v2\/media\/5338"}],"wp:attachment":[{"href":"https:\/\/portalpraties.com.br\/site\/wp-json\/wp\/v2\/media?parent=5337"}],"wp:term":[{"taxonomy":"category","embeddable":true,"href":"https:\/\/portalpraties.com.br\/site\/wp-json\/wp\/v2\/categories?post=5337"},{"taxonomy":"post_tag","embeddable":true,"href":"https:\/\/portalpraties.com.br\/site\/wp-json\/wp\/v2\/tags?post=5337"}],"curies":[{"name":"wp","href":"https:\/\/api.w.org\/{rel}","templated":true}]}}