{"id":5396,"date":"2021-10-14T04:50:47","date_gmt":"2021-10-14T04:50:47","guid":{"rendered":"http:\/\/portalpraties.com.br\/site\/?p=5396"},"modified":"2021-10-14T04:50:47","modified_gmt":"2021-10-14T04:50:47","slug":"alta-no-gas-de-cozinha-e-energia-mostram-como-inflacao-atinge-mais-os-pobres","status":"publish","type":"post","link":"https:\/\/portalpraties.com.br\/site\/2021\/10\/14\/alta-no-gas-de-cozinha-e-energia-mostram-como-inflacao-atinge-mais-os-pobres\/","title":{"rendered":"Alta no g\u00e1s de cozinha e energia mostram como infla\u00e7\u00e3o atinge mais os pobres"},"content":{"rendered":"\n<p>O\u00a0<strong>aumento da conta de luz e no g\u00e1s de cozinha<\/strong>\u00a0sofre com a\u00a0<strong>infla\u00e7\u00e3o<\/strong>\u00a0desde o ano passado. Por\u00e9m, s\u00e3o as fam\u00edlias mais humildes as mais atingidas com esses aumentos. A infla\u00e7\u00e3o acumulada em 12 meses at\u00e9 julho foi de 10,05% para as fam\u00edlias mais pobres e de 7,11% para a popula\u00e7\u00e3o mais rica.<\/p>\n\n\n\n<p>Segundo o Indicador Ipea de Infla\u00e7\u00e3o por Faixa de Renda, entre junho e julho houve um aumento na infla\u00e7\u00e3o atingido todas as classes sociais. Por\u00e9m, os custos maiores foram percebidos entre as fam\u00edlias mais pobres, com renda inferior a R$ 1.650,50.<\/p>\n\n\n\n<h3 class=\"wp-block-heading\">Aumento no pre\u00e7o do G\u00e1s de cozinha<\/h3>\n\n\n\n<p>O\u00a0botij\u00e3o de g\u00e1s\u00a0\u00e9 essencial para as fam\u00edlias brasileiras, permitindo a prepara\u00e7\u00e3o da comida no dia a dia. Por\u00e9m, o item est\u00e1 sofrendo com a infla\u00e7\u00e3o nos \u00faltimos meses.<\/p>\n\n\n\n<p>Diante disso, s\u00f3 no primeiro semestre de 2021, houve um aumento de 13,75%. No acumulado do ano a alta foi de 29,3%, segundo o \u00cdndice Nacional de Pre\u00e7os ao Consumidor Amplo (IPCA).PUBLICIDADE<\/p>\n\n\n\n<p>Atualmente, o pre\u00e7o m\u00e9dio de um g\u00e1s de cozinha \u00e9 de R$ 90, correspondendo a 8,2% sobre o sal\u00e1rio m\u00ednimo vigente. Desde o in\u00edcio da pandemia, o g\u00e1s de cozinha j\u00e1 sofreu 15 aumentos seguidos nas refinarias da\u00a0Petrobras.<\/p>\n\n\n\n<p>De acordo com dados apurados pelo IPEA (Instituto de Pesquisa Econ\u00f4mica Aplicada) um dos principais motivos que pressiona a infla\u00e7\u00e3o dos mais pobres \u00e9 a alta no pre\u00e7o do g\u00e1s. A press\u00e3o do custo \u00e9 mais forte nas classes mais baixas, j\u00e1 que a renda \u00e9 inferior a R$1.650,50.<\/p>\n\n\n\n<h3 class=\"wp-block-heading\">Bandeira Vermelha na conta de luz<\/h3>\n\n\n\n<p>Desde julho, o pre\u00e7o da\u00a0conta de luz\u00a0ficou mais alta, devido o reajuste na bandeira tarif\u00e1ria para a vermelha patamar 2. Com isso, a cobran\u00e7a extra passou de R$ 6,24 para R$ 9,49, ou seja, 52% a mais, a cada 100 kWh consumidos.<\/p>\n\n\n\n<p>As bandeiras tarif\u00e1rias s\u00e3o definidas mensalmente e passaram a funcionar em 2015. S\u00e3o quatro tipos que indicam as condi\u00e7\u00f5es de gera\u00e7\u00e3o de energia no pa\u00eds.<\/p>\n\n\n\n<p>Com os reservat\u00f3rios cheios n\u00e3o \u00e9 preciso usar as termel\u00e9tricas, n\u00e3o precisando ser cobrada tarifa extra, deixando a conta na bandeira verde.<\/p>\n\n\n\n<p>Com isso, n\u00e3o h\u00e1 cobran\u00e7a extra. Por\u00e9m, se h\u00e1 poucas chuvas e os reservat\u00f3rios ficam baixos \u00e9 necess\u00e1rio ativar as termel\u00e9tricas. Com isso, \u00e9 adotada a&nbsp;<strong>bandeira amarela ou vermelha<\/strong>. Essa \u00faltima possui dois patamares. Entenda como funciona cada bandeira:<\/p>\n\n\n\n<ul class=\"wp-block-list\"><li>Bandeira verde: essa bandeira indica que n\u00e3o houve problemas para a gera\u00e7\u00e3o de energia, portanto, a conta n\u00e3o sofre nenhum acr\u00e9scimo;<\/li><li>Bandeira amarela: as condi\u00e7\u00f5es de gera\u00e7\u00e3o de energia s\u00e3o menos favor\u00e1veis e, portanto, a tarifa sofre um acr\u00e9scimo de R$ 1,874 para cada 100 kWh consumido no m\u00eas;<\/li><li>Bandeira vermelha\u00a0\u2013 Patamar 1: condi\u00e7\u00f5es mais caras para gerar energia gerando um acr\u00e9scimo a tarifa de R$ 3,971 para cada 100 kWh consumido;<\/li><li>Bandeira vermelha \u2013 Patamar 2: condi\u00e7\u00f5es ainda mais custosas de gera\u00e7\u00e3o gerando uma tarifa com acr\u00e9scimo de R$ 9,492 para cada 100 kWh consumido.<\/li><\/ul>\n\n\n\n<h3 class=\"wp-block-heading\">Conta de luz e infla\u00e7\u00e3o<\/h3>\n\n\n\n<p>A energia el\u00e9trica tem sofrido com a infla\u00e7\u00e3o, sendo que em junho subiu 1,95%, acumulando alta de 14,20% em 12 meses. Com isso, contribuiu para o aumento do \u00cdndice Nacional de Pre\u00e7os ao Consumidor Amplo (IPCA).<\/p>\n\n\n\n<p>Para piorar, com a crise h\u00eddrica sem sinal de melhora, ainda n\u00e3o h\u00e1 previs\u00e3o para a queda na tarifa. Com isso, desde junho, os consumidores est\u00e3o pagando contas de energia el\u00e9trica com a bandeira vermelha no patamar 2.<\/p>\n\n\n\n<p>O pa\u00eds enfrenta a pior estiagem dos \u00faltimos 91 anos, segundo dados do Operador Nacional do Sistema El\u00e9trico (ONS). Com isso, o uso das usinas termel\u00e9tricas fez subir o pre\u00e7o pago nas contas de luz.<\/p>\n\n\n\n<p>Os consumidores que est\u00e3o inscritos na\u00a0Tarifa Social\u00a0de Energia El\u00e9trica n\u00e3o sofrem com a cobran\u00e7a adicional das bandeiras tarif\u00e1rias. Al\u00e9m disso, esses continuam com os descontos de at\u00e9 65%, conforme a faixa de consumo.<\/p>\n\n\n\n<p>Fonte: fdr.com.br<\/p>\n","protected":false},"excerpt":{"rendered":"<p>O\u00a0aumento da conta de luz e no g\u00e1s de cozinha\u00a0sofre com a\u00a0infla\u00e7\u00e3o\u00a0desde o ano passado. Por\u00e9m, s\u00e3o as fam\u00edlias mais humildes as mais atingidas com esses aumentos. A infla\u00e7\u00e3o acumulada em 12 meses at\u00e9 julho foi de 10,05% para as fam\u00edlias mais pobres e de 7,11% para a popula\u00e7\u00e3o mais rica. Segundo o Indicador Ipea de Infla\u00e7\u00e3o por Faixa de [&hellip;]<\/p>\n","protected":false},"author":1,"featured_media":5397,"comment_status":"closed","ping_status":"","sticky":false,"template":"","format":"standard","meta":{"footnotes":""},"categories":[3],"tags":[],"class_list":["post-5396","post","type-post","status-publish","format-standard","has-post-thumbnail","hentry","category-noticias"],"_links":{"self":[{"href":"https:\/\/portalpraties.com.br\/site\/wp-json\/wp\/v2\/posts\/5396","targetHints":{"allow":["GET"]}}],"collection":[{"href":"https:\/\/portalpraties.com.br\/site\/wp-json\/wp\/v2\/posts"}],"about":[{"href":"https:\/\/portalpraties.com.br\/site\/wp-json\/wp\/v2\/types\/post"}],"author":[{"embeddable":true,"href":"https:\/\/portalpraties.com.br\/site\/wp-json\/wp\/v2\/users\/1"}],"replies":[{"embeddable":true,"href":"https:\/\/portalpraties.com.br\/site\/wp-json\/wp\/v2\/comments?post=5396"}],"version-history":[{"count":1,"href":"https:\/\/portalpraties.com.br\/site\/wp-json\/wp\/v2\/posts\/5396\/revisions"}],"predecessor-version":[{"id":5398,"href":"https:\/\/portalpraties.com.br\/site\/wp-json\/wp\/v2\/posts\/5396\/revisions\/5398"}],"wp:featuredmedia":[{"embeddable":true,"href":"https:\/\/portalpraties.com.br\/site\/wp-json\/wp\/v2\/media\/5397"}],"wp:attachment":[{"href":"https:\/\/portalpraties.com.br\/site\/wp-json\/wp\/v2\/media?parent=5396"}],"wp:term":[{"taxonomy":"category","embeddable":true,"href":"https:\/\/portalpraties.com.br\/site\/wp-json\/wp\/v2\/categories?post=5396"},{"taxonomy":"post_tag","embeddable":true,"href":"https:\/\/portalpraties.com.br\/site\/wp-json\/wp\/v2\/tags?post=5396"}],"curies":[{"name":"wp","href":"https:\/\/api.w.org\/{rel}","templated":true}]}}