{"id":5402,"date":"2021-10-14T05:00:43","date_gmt":"2021-10-14T05:00:43","guid":{"rendered":"http:\/\/portalpraties.com.br\/site\/?p=5402"},"modified":"2021-10-14T05:00:43","modified_gmt":"2021-10-14T05:00:43","slug":"adolescentes-saiba-por-que-e-importante-vacina-los-contra-a-covid-19","status":"publish","type":"post","link":"https:\/\/portalpraties.com.br\/site\/2021\/10\/14\/adolescentes-saiba-por-que-e-importante-vacina-los-contra-a-covid-19\/","title":{"rendered":"Adolescentes: saiba por que \u00e9 importante vacin\u00e1-los contra a Covid-19"},"content":{"rendered":"\n<h2 class=\"wp-block-heading\">Especialistas esclarecem d\u00favidas sobre rea\u00e7\u00f5es e benef\u00edcios da inje\u00e7\u00e3o para esse grupo; crian\u00e7as com mais de cinco anos devem entrar no calend\u00e1rio mundial<\/h2>\n\n\n\n<p>Depois de recomendar a suspens\u00e3o da vacina\u00e7\u00e3o contra a covid-19 para adolescentes sem comorbidades, de 12 a 17 anos, o Minist\u00e9rio da Sa\u00fade voltou a estimular a imuniza\u00e7\u00e3o. A pasta se retratou <\/p>\n\n\n\n<p>depois de cr\u00edticas de entidades m\u00e9dicas e de manifesta\u00e7\u00f5es da Ag\u00eancia Nacional de Vigil\u00e2ncia Sanit\u00e1ria (Anvisa) corroborando a seguran\u00e7a da vacina da Pfizer nessa faixa et\u00e1ria.<\/p>\n\n\n\n<p>Especialistas esclarecem as d\u00favidas levantadas em meio \u00e0 pol\u00eamica.<\/p>\n\n\n\n<p>Thank you for watching<\/p>\n\n\n\n<p>\u201cOs adolescentes s\u00e3o um grupo considerado de baixo risco para as formas graves de covid-19, isso \u00e9 fato. <\/p>\n\n\n\n<p>Entretanto, eles transmitem da mesma forma que os adultos. Ou seja, se pensamos em atingir a imunidade coletiva, \u00e9 preciso que eles tamb\u00e9m sejam vacinados\u201d, afirma Eduardo Jorge Fonseca, m\u00e9dico <\/p>\n\n\n\n<p>pediatra e membro do departamento de imuniza\u00e7\u00f5es da Sociedade Brasileira de Pediatria (SBP).<\/p>\n\n\n\n<p>Est\u00e1 claro que reduzimos casos de morte e hospitaliza\u00e7\u00e3o por causa da acelera\u00e7\u00e3o da vacina\u201d, completa o especialista.<\/p>\n\n\n\n<p>Outro ponto importante, segundo o membro da SBP, \u00e9 que a mortalidade e o risco de desenvolvimento de formas graves da covid-19 entre adolescentes brasileiros s\u00e3o maiores em compara\u00e7\u00e3o a outros pa\u00edses. <\/p>\n\n\n\n<p>\u201cIsso se deve a problemas do nosso sistema de sa\u00fade e da pr\u00f3pria realidade socioecon\u00f4mica\u201d, explica o m\u00e9dico.<\/p>\n\n\n\n<p>Karen Morejon, m\u00e9dica infectologista e consultora da Sociedade Brasileira de Infectologia (SBI), \u00a0concorda que h\u00e1 riscos para todas as idades. \u201cA imuniza\u00e7\u00e3o dos adolescentes \u00e9 importante porque eles tamb\u00e9m podem morrer e adoecer gravemente. Al\u00e9m disso, ao proteger essa faixa et\u00e1ria, de forma indireta evitamos tamb\u00e9m que os idosos sejam contaminados\u201d.<\/p>\n\n\n\n<p><\/p>\n","protected":false},"excerpt":{"rendered":"<p>Especialistas esclarecem d\u00favidas sobre rea\u00e7\u00f5es e benef\u00edcios da inje\u00e7\u00e3o para esse grupo; crian\u00e7as com mais de cinco anos devem entrar no calend\u00e1rio mundial Depois de recomendar a suspens\u00e3o da vacina\u00e7\u00e3o contra a covid-19 para adolescentes sem comorbidades, de 12 a 17 anos, o Minist\u00e9rio da Sa\u00fade voltou a estimular a imuniza\u00e7\u00e3o. A pasta se retratou depois de cr\u00edticas de entidades [&hellip;]<\/p>\n","protected":false},"author":1,"featured_media":5403,"comment_status":"closed","ping_status":"","sticky":false,"template":"","format":"standard","meta":{"footnotes":""},"categories":[3],"tags":[],"class_list":["post-5402","post","type-post","status-publish","format-standard","has-post-thumbnail","hentry","category-noticias"],"_links":{"self":[{"href":"https:\/\/portalpraties.com.br\/site\/wp-json\/wp\/v2\/posts\/5402","targetHints":{"allow":["GET"]}}],"collection":[{"href":"https:\/\/portalpraties.com.br\/site\/wp-json\/wp\/v2\/posts"}],"about":[{"href":"https:\/\/portalpraties.com.br\/site\/wp-json\/wp\/v2\/types\/post"}],"author":[{"embeddable":true,"href":"https:\/\/portalpraties.com.br\/site\/wp-json\/wp\/v2\/users\/1"}],"replies":[{"embeddable":true,"href":"https:\/\/portalpraties.com.br\/site\/wp-json\/wp\/v2\/comments?post=5402"}],"version-history":[{"count":1,"href":"https:\/\/portalpraties.com.br\/site\/wp-json\/wp\/v2\/posts\/5402\/revisions"}],"predecessor-version":[{"id":5404,"href":"https:\/\/portalpraties.com.br\/site\/wp-json\/wp\/v2\/posts\/5402\/revisions\/5404"}],"wp:featuredmedia":[{"embeddable":true,"href":"https:\/\/portalpraties.com.br\/site\/wp-json\/wp\/v2\/media\/5403"}],"wp:attachment":[{"href":"https:\/\/portalpraties.com.br\/site\/wp-json\/wp\/v2\/media?parent=5402"}],"wp:term":[{"taxonomy":"category","embeddable":true,"href":"https:\/\/portalpraties.com.br\/site\/wp-json\/wp\/v2\/categories?post=5402"},{"taxonomy":"post_tag","embeddable":true,"href":"https:\/\/portalpraties.com.br\/site\/wp-json\/wp\/v2\/tags?post=5402"}],"curies":[{"name":"wp","href":"https:\/\/api.w.org\/{rel}","templated":true}]}}