{"id":6744,"date":"2022-01-25T15:03:15","date_gmt":"2022-01-25T15:03:15","guid":{"rendered":"http:\/\/portalpraties.com.br\/site\/?p=6744"},"modified":"2022-01-25T15:03:15","modified_gmt":"2022-01-25T15:03:15","slug":"chuva-em-minas-gerais-veja-a-situacao-de-cidades-atingidas-nas-ultimas-24-horas","status":"publish","type":"post","link":"https:\/\/portalpraties.com.br\/site\/2022\/01\/25\/chuva-em-minas-gerais-veja-a-situacao-de-cidades-atingidas-nas-ultimas-24-horas\/","title":{"rendered":"Chuva em Minas Gerais: veja a situa\u00e7\u00e3o de cidades atingidas nas \u00faltimas 24 horas"},"content":{"rendered":"\n<h2 class=\"wp-block-heading\">O peda\u00e7o de um c\u00e2nion desabou, atingindo embarca\u00e7\u00f5es em Capit\u00f3lio, e um dique transbordou em Nova Lima, fechando a BR-040. Uma casa caiu em BH. Betim confirmou uma morte. Outras diversas ocorr\u00eancias em decorr\u00eancia da chuva foram registradas em munic\u00edpios mineiros.<\/h2>\n\n\n\n<figure class=\"wp-block-image\"><img decoding=\"async\" src=\"https:\/\/s2.glbimg.com\/tLDgKiWOHSYN7gyjB-pwcYAl4xs=\/0x0:2200x1500\/1008x0\/smart\/filters:strip_icc()\/i.s3.glbimg.com\/v1\/AUTH_59edd422c0c84a879bd37670ae4f538a\/internal_photos\/bs\/2022\/w\/L\/hoYrUcRFOcUf3MtOhKig\/chuvasminas.jpg\" alt=\"Chuva causa v\u00e1rios sustos e estragos em Minas nas \u00faltimas 24 horas. \u2014 Foto: Arquivo g1\"\/><\/figure>\n\n\n\n<p>Chuva causa v\u00e1rios sustos e estragos em Minas nas \u00faltimas 24 horas. \u2014 Foto: Arquivo g1<\/p>\n\n\n\n<p>As chuvas cont\u00ednuas em Minas Gerais\u00a0causaram sustos e estragos grandes nas \u00faltimas 24 horas. Desde um\u00a0deslizamento de um peda\u00e7o de um c\u00e2nion em Capit\u00f3lio, que atingiu embarca\u00e7\u00f5es e provocou mortes, at\u00e9 o\u00a0transbordamento de um dique em Nova Lima, que interditou a BR-040 e\u00a0assustou os moradores\u00a0com o soar das sirenes da barragem, at\u00e9\u00a0alagamentos e o desabamento de uma casa em Belo Horizonte\u00a0e uma\u00a0morte em Betim.<\/p>\n\n\n\n<p>Al\u00e9m disso,\u00a0a situa\u00e7\u00e3o das estradas est\u00e1 ca\u00f3tica, com interdi\u00e7\u00f5es nas principais BRs do estado. A Pol\u00edcia Rodovi\u00e1ria Federal\u00a0pediu &#8220;muito cuidado&#8221; e que as pessoas evitem viajar.<\/p>\n\n\n\n<p>Desde o in\u00edcio do per\u00edodo de chuva \u2013 de 1\u00ba de outubro de 2021 at\u00e9 esta sexta-feira (8) \u2013 Minas teve&nbsp;<strong>seis mortos<\/strong>,&nbsp;<strong>3.224<\/strong>&nbsp;<strong>desabrigados&nbsp;<\/strong>e&nbsp;<strong>13.439 desalojados<\/strong>, al\u00e9m de&nbsp;<strong>138 cidades em situa\u00e7\u00e3o de emerg\u00eancia<\/strong>,&nbsp;informou a Coordenadoria Estadual de Defesa Civil (Comdec).<\/p>\n\n\n\n<p>Veja a seguir a situa\u00e7\u00e3o das cidades afetadas pela chuva neste s\u00e1bado (8).<\/p>\n\n\n\n<h2 class=\"wp-block-heading\">Nova Lima<\/h2>\n\n\n\n<figure class=\"wp-block-image is-resized\"><img fetchpriority=\"high\" decoding=\"async\" src=\"https:\/\/s01.video.glbimg.com\/x240\/10194040.jpg\" alt=\"Pilha de aterro desliza, cai em dique e lama com min\u00e9rio atinge BR-040, na Grande BH\" width=\"392\" height=\"392\" title=\"Pilha de aterro desliza, cai em dique e lama com min\u00e9rio atinge BR-040, na Grande BH\"\/><\/figure>\n\n\n\n<p>Pilha de aterro desliza, cai em dique e lama com min\u00e9rio atinge BR-040, na Grande BH<\/p>\n\n\n\n<p>Um dique da Mina Pau Branco, da Vallourec, transbordou\u00a0na manh\u00e3 deste s\u00e1bado (8), em Nova Lima, na Grande BH. A \u00e1gua reservada pela estrutura invadiu a BR-040, que liga Belo Horizonte ao Rio de Janeiro.\u00a0Sirenes foram acionadas e a rodovia teve que ser totalmente interditada.<\/p>\n\n\n\n<p>De acordo com o Corpo de Bombeiros, o transbordamento aconteceu por causa do excesso de chuva.<\/p>\n\n\n\n<p>A corpora\u00e7\u00e3o informou ainda que n\u00e3o houve rompimento de barragem. A Vallourec e a Prefeitura de Nova Lima disseram o mesmo. N\u00e3o h\u00e1 registro de mortes. Uma pessoa se feriu, sem gravidade.<\/p>\n\n\n\n<h2 class=\"wp-block-heading\">Capit\u00f3lio<\/h2>\n\n\n\n<figure class=\"wp-block-image is-resized\"><img decoding=\"async\" src=\"https:\/\/s04.video.glbimg.com\/x240\/10194251.jpg\" alt=\"Deslizamento de pedra atinge embarca\u00e7\u00f5es nos Canyons de Furnas em Capit\u00f3lio\" width=\"512\" height=\"288\" title=\"Deslizamento de pedra atinge embarca\u00e7\u00f5es nos Canyons de Furnas em Capit\u00f3lio\"\/><\/figure>\n\n\n\n<p>Deslizamento de pedra atinge embarca\u00e7\u00f5es nos Canyons de Furnas em Capit\u00f3lio<\/p>\n\n\n\n<p>Um deslizamento de pedras no Lago de Furnas, em Capit\u00f3lio,\u00a0no Centro-Oeste de Minas, atingiu quatro embarca\u00e7\u00f5es com turistas neste s\u00e1bado (8).<\/p>\n\n\n\n<p>A Marinha do Brasil informou que\u00a0um inqu\u00e9rito ser\u00e1 instaurado\u00a0para apurar causas e circunst\u00e2ncias do acidente.<\/p>\n\n\n\n<h2 class=\"wp-block-heading\">Brumadinho<\/h2>\n\n\n\n<figure class=\"wp-block-image\"><img decoding=\"async\" src=\"https:\/\/s2.glbimg.com\/PFKzPQ4g34a0FDnp1U404ysKDJU=\/0x0:1600x900\/1008x0\/smart\/filters:strip_icc()\/i.s3.glbimg.com\/v1\/AUTH_59edd422c0c84a879bd37670ae4f538a\/internal_photos\/bs\/2022\/d\/u\/lecbfnTiahBUjC5ApsMA\/whatsapp-image-2022-01-08-at-08.03.21.jpeg\" alt=\"N\u00edvel do Rio Paraopeba, em Brumadinho, na Grande BH, na manh\u00e3 deste s\u00e1bado (8) \u2014 Foto: Carlos Eduardo Alvim\/ TV Globo\"\/><\/figure>\n\n\n\n<p>N\u00edvel do Rio Paraopeba, em Brumadinho, na Grande BH, na manh\u00e3 deste s\u00e1bado (8) \u2014 Foto: Carlos Eduardo Alvim\/ TV Globo<\/p>\n\n\n\n<p>A Prefeitura de Brumadinho, na Regi\u00e3o Metropolitana de Belo Horizonte,\u00a0come\u00e7ou a retirar de casa fam\u00edlias que vivem em \u00e1reas de risco de inunda\u00e7\u00e3o, devido \u00e0 eleva\u00e7\u00e3o do n\u00edvel do Rio Paraopeba.<\/p>\n\n\n\n<p>Por causa das fortes chuvas dos \u00faltimos dias, o n\u00edvel do rio na cidade chegou a 7 metros \u2013 o n\u00edvel normal \u00e9 1,5 metro, de acordo com o coordenador da Defesa Civil de Brumadinho, Lucas Rom\u00e1rio Lara. O rio j\u00e1 transbordou em pontos mais baixos.<\/p>\n\n\n\n<p>Segundo ele, at\u00e9 as 10h30 deste s\u00e1bado (8),&nbsp;16 fam\u00edlias ribeirinhas tinham sido removidas&nbsp;\u2013 quatro foram levadas para alojamentos cedidos pela prefeitura e 12, abrigadas em casas de parentes. Outras 12 fam\u00edlias j\u00e1 solicitaram a retirada \u00e0 Defesa Civil e aguardavam.<\/p>\n\n\n\n<figure class=\"wp-block-image\"><img decoding=\"async\" src=\"https:\/\/s2.glbimg.com\/K5bJ8tjflvDAJiWpMwMNqDhkYBc=\/0x0:1280x720\/1008x0\/smart\/filters:strip_icc()\/i.s3.glbimg.com\/v1\/AUTH_59edd422c0c84a879bd37670ae4f538a\/internal_photos\/bs\/2022\/A\/1\/yefaCoSkiU0QT0DFXcAg\/van.jpg\" alt=\"Van ficou com a frente destru\u00edda \u2014 Foto: Carlos Eduardo Alvim \/ TV Globo\"\/><\/figure>\n\n\n\n<p>Van ficou com a frente destru\u00edda \u2014 Foto: Carlos Eduardo Alvim \/ TV Globo<\/p>\n\n\n\n<p>Uma pedra deslizou de uma encosta e atingiu uma van&nbsp;na estrada entre&nbsp;<strong>Brumadinho&nbsp;<\/strong>e&nbsp;<strong>M\u00e1rio Campos<\/strong>. A frente do ve\u00edculo ficou destru\u00edda.<\/p>\n\n\n\n<p>O motorista seguia de&nbsp;<strong>Ub\u00e1<\/strong>, na Zona da Mata, para&nbsp;<strong>Janu\u00e1ria<\/strong>, na Regi\u00e3o Norte, e pegou o desvio por causa da interdi\u00e7\u00e3o na BR-040. Al\u00e9m dele, outras sete pessoas estavam dentro do ve\u00edculo.&nbsp;Ningu\u00e9m ficou ferido.<\/p>\n\n\n\n<figure class=\"wp-block-image\"><img decoding=\"async\" src=\"https:\/\/s2.glbimg.com\/mMNNj6nW2_bsDmk0G2csSv3Nu5c=\/0x0:1280x720\/1008x0\/smart\/filters:strip_icc()\/i.s3.glbimg.com\/v1\/AUTH_59edd422c0c84a879bd37670ae4f538a\/internal_photos\/bs\/2022\/z\/P\/G83mn4TJGsrqdARnU5BA\/pedra.jpg\" alt=\"Pedra atingiu a frente da van \u2014 Foto: Carlos Eduardo Alvim \/ TV Globo\"\/><\/figure>\n\n\n\n<p>Pedra atingiu a frente da van \u2014 Foto: Carlos Eduardo Alvim \/ TV Globo<\/p>\n\n\n\n<h2 class=\"wp-block-heading\">Belo Horizonte<\/h2>\n\n\n\n<figure class=\"wp-block-image is-resized\"><img decoding=\"async\" src=\"https:\/\/s01.video.glbimg.com\/x240\/10194576.jpg\" alt=\"Avenida Tereza Cristina, na altura do Bet\u00e2nia, em BH, neste s\u00e1bado (8)\" width=\"590\" height=\"325\" title=\"Avenida Tereza Cristina, na altura do Bet\u00e2nia, em BH, neste s\u00e1bado (8)\"\/><\/figure>\n\n\n\n<p>Avenida Tereza Cristina, na altura do Bet\u00e2nia, em BH, neste s\u00e1bado (8)<\/p>\n\n\n\n<p>A Avenida Tereza Cristina, entre o Barreiro e a Regi\u00e3o Oeste de Belo Horizonte,\u00a0alagou no in\u00edcio da tarde deste s\u00e1bado (8),\u00a0ap\u00f3s o\u00a0transbordamento do c\u00f3rrego Ferrugem e do Ribeir\u00e3o Arrudas.<\/p>\n\n\n\n<figure class=\"wp-block-image is-resized\"><img loading=\"lazy\" decoding=\"async\" src=\"https:\/\/s02.video.glbimg.com\/x240\/10195153.jpg\" alt=\"V\u00eddeo mostra momento exato em que Avenida Tereza Cristina transborda com chuva de BH\" width=\"411\" height=\"411\" title=\"V\u00eddeo mostra momento exato em que Avenida Tereza Cristina transborda com chuva de BH\"\/><\/figure>\n\n\n\n<p>V\u00eddeo mostra momento exato em que Avenida Tereza Cristina transborda com chuva de BH<\/p>\n\n\n\n<p>As avenidas do Canal e Senador Levindo Coelho, no Barreiro, tamb\u00e9m ficaram alagadas, devido ao transbordamento do c\u00f3rrego Jatob\u00e1. A Rua Vov\u00f3 Faria foi interditada.<\/p>\n\n\n\n<p>Segundo a Defesa Civil de Belo Horizonte, as vias foram bloqueadas antes do alagamento.<\/p>\n\n\n\n<p>Pela manh\u00e3,\u00a0o \u00f3rg\u00e3o emitiu um alerta de chuva de 120 a 160 mm com raios e rajadas de vento em torno de 50 km\/h v\u00e1lido at\u00e9 as 8h de domingo (9).<\/p>\n\n\n\n<p>No in\u00edcio da noite,\u00a0parte de uma casa caiu no bairro S\u00e3o Pedro.<\/p>\n\n\n\n<figure class=\"wp-block-image\"><img decoding=\"async\" src=\"https:\/\/s2.glbimg.com\/Y7WZtGOwAaJnn_xPf0KqgAXmxQE=\/0x0:720x1280\/984x0\/smart\/filters:strip_icc()\/i.s3.glbimg.com\/v1\/AUTH_59edd422c0c84a879bd37670ae4f538a\/internal_photos\/bs\/2022\/u\/A\/ubyjO4SZOoT34hOPLZOw\/tatiana-marques-guerra.jpg\" alt=\"Casa desaba no bairro S\u00e3o Pedro, em BH \u2014 Foto: Tatiana Marques Guerra \/ Arquivo pessoal\"\/><\/figure>\n\n\n\n<p>Casa desaba no bairro S\u00e3o Pedro, em BH \u2014 Foto: Tatiana Marques Guerra \/ Arquivo pessoal<\/p>\n\n\n\n<h2 class=\"wp-block-heading\">Contagem<\/h2>\n\n\n\n<figure class=\"wp-block-image is-resized\"><img loading=\"lazy\" decoding=\"async\" src=\"https:\/\/s01.video.glbimg.com\/x240\/10194888.jpg\" alt=\"Deslizamento de terra atingiu um carro e interditou a Via Expressa, em Contagem\" width=\"662\" height=\"375\" title=\"Deslizamento de terra atingiu um carro e interditou a Via Expressa, em Contagem\"\/><\/figure>\n\n\n\n<p>Deslizamento de terra atingiu um carro e interditou a Via Expressa, em Contagem<\/p>\n\n\n\n<p>Em Contagem, um deslizamento de terra atingiu um carro e&nbsp;interditou a Via Expressa, na tarde deste s\u00e1bado (8). Segundo a Defesa Civil Municipal, n\u00e3o houve v\u00edtimas&nbsp;<strong><em>(veja v\u00eddeo abaixo)<\/em><\/strong>.<\/p>\n\n\n\n<figure class=\"wp-block-image\"><img decoding=\"async\" src=\"https:\/\/s2.glbimg.com\/qz3tP_iscgAoNh6acKa-waAK1rU=\/0x0:1600x900\/1008x0\/smart\/filters:strip_icc()\/i.s3.glbimg.com\/v1\/AUTH_59edd422c0c84a879bd37670ae4f538a\/internal_photos\/bs\/2022\/c\/x\/p7iAjkTD2BXRGdObYi6g\/whatsapp-image-2022-01-08-at-15.31.44.jpeg\" alt=\"Deslizamento de terra atinge carro na Via Expressa, em Contagem \u2014 Foto: TV Globo\"\/><\/figure>\n\n\n\n<p>Deslizamento de terra atinge carro na Via Expressa, em Contagem \u2014 Foto: TV Globo<\/p>\n\n\n\n<p>A cidade ainda teve outros pontos de inunda\u00e7\u00e3o, como a Vila Samag e a Vila Epa.<\/p>\n\n\n\n<figure class=\"wp-block-image\"><img decoding=\"async\" src=\"https:\/\/s03.video.glbimg.com\/x240\/10194770.jpg\" alt=\"Deslizamento de terra na Via Expressa, em Contagem\" title=\"Deslizamento de terra na Via Expressa, em Contagem\"\/><\/figure>\n\n\n\n<p>Deslizamento de terra na Via Expressa, em Contagem<\/p>\n\n\n\n<p>A Avenida Tereza Cristina, na altura de Contagem, tamb\u00e9m ficou alagada. Uma equipe da Defesa Civil do munic\u00edpio trabalhou em parceria com o \u00f3rg\u00e3o de Belo Horizonte para o bloqueio da via.<\/p>\n\n\n\n<h2 class=\"wp-block-heading\">Itabirito<\/h2>\n\n\n\n<figure class=\"wp-block-image\"><img decoding=\"async\" src=\"https:\/\/s2.glbimg.com\/KWhgUEIbSR9IAU5FdyeZ8SRWF9k=\/0x0:1280x960\/1008x0\/smart\/filters:strip_icc()\/i.s3.glbimg.com\/v1\/AUTH_59edd422c0c84a879bd37670ae4f538a\/internal_photos\/bs\/2022\/g\/O\/s0elcZQreVtS1bJL3NLw\/br-040.jpg\" alt=\"Deslizamento de encosta em Itabirito \u2014 Foto: Via 040\/Divulga\u00e7\u00e3o\"\/><\/figure>\n\n\n\n<p>Deslizamento de encosta em Itabirito \u2014 Foto: Via 040\/Divulga\u00e7\u00e3o<\/p>\n\n\n\n<p>O Rio Itabirito transbordou e alagou a Rua da Carioca, nos bairros Santa Rita e S\u00e3o Geraldo, al\u00e9m de vias no Centro.<\/p>\n\n\n\n<p>Um deslizamento de terra no bairro Novo Horizonte, em Itabirito,\u00a0provocou o desmoronamento de uma casa e o soterramento de um casal que vivia nela. As v\u00edtimas foram encaminhadas para o atendimento e passam bem.<\/p>\n\n\n\n<p>Morro desliza, casa desmorona e casal fica soterrado em Itabirito, MG<\/p>\n\n\n\n<p>Foi registrado um deslizamento de encosta no KM 580 da BR-040, em Itabirito, na Regi\u00e3o Central de Minas Gerais, neste s\u00e1bado (8). A faixa direita nos dois sentidos foi interditada. N\u00e3o houve v\u00edtimas.<\/p>\n\n\n\n<p>A BR-356 est\u00e1 interditada em Itabirito em tr\u00eas pontos: nos km 38 e 43, por deslizamento de encosta, e no km 40, por causa do transbordamento do sistema de conten\u00e7\u00e3o de \u00e1gua da Vale.<\/p>\n\n\n\n<h2 class=\"wp-block-heading\">Betim<\/h2>\n\n\n\n<figure class=\"wp-block-image\"><img decoding=\"async\" src=\"https:\/\/s2.glbimg.com\/hhCkzyOZGkdxPGEtruiCSzJigbQ=\/0x0:1280x720\/1008x0\/smart\/filters:strip_icc()\/i.s3.glbimg.com\/v1\/AUTH_59edd422c0c84a879bd37670ae4f538a\/internal_photos\/bs\/2022\/p\/7\/EEZYVnROq2x8w2VXGfwA\/betim.jpg\" alt=\"C\u00f3rrego Bandeirinhas transbordou em Betim \u2014 Foto: Prefeitura de Betim\/Divulga\u00e7\u00e3o\"\/><\/figure>\n\n\n\n<p>C\u00f3rrego Bandeirinhas transbordou em Betim \u2014 Foto: Prefeitura de Betim\/Divulga\u00e7\u00e3o<\/p>\n\n\n\n<p>Um homem de 38 anos, morador da regi\u00e3o de Citrol\u00e2ndia,\u00a0foi soterrado em casa. Foi socorrido por vizinhos ainda com vida, mas\u00a0morreu\u00a0no Hospital da Col\u00f4nia Santa Isabel.<\/p>\n\n\n\n<p>A Prefeitura de Betim informou que&nbsp;18 ocorr\u00eancias estavam em andamento na tarde deste s\u00e1bado (8). Desde a noite desta sexta (7), a Defesa Civil est\u00e1 monitorando a situa\u00e7\u00e3o na regi\u00e3o do Citrol\u00e2ndia em raz\u00e3o da eleva\u00e7\u00e3o do n\u00edvel do C\u00f3rrego Bandeirinhas, um dos afluentes do Rio Paraopeba, que&nbsp;invadiu parcialmente algumas casas.<\/p>\n\n\n\n<p>Sete fam\u00edlias que tiveram parte das casas invadidas pela \u00e1gua est\u00e3o recebendo o apoio da prefeitura para a retirada de m\u00f3veis e outros pertences e est\u00e3o sendo encaminhadas para abrigos ou casas de parentes.<\/p>\n\n\n\n<p>Com as fortes chuvas, al\u00e9m da situa\u00e7\u00e3o do C\u00f3rrego Bandeirinhas,&nbsp;o reservat\u00f3rio Rio Manso, em Brumadinho, atingiu 100% da capacidade e est\u00e1 vertendo. O n\u00edvel do Rio Paraopeba continua em eleva\u00e7\u00e3o.<\/p>\n\n\n\n<p>A Copasa e a Prefeitura de Betim informaram que a barragem V\u00e1rzea das Flores, ao atingir 100% da capacidade de armazenamento, ir\u00e1 iniciar o processo de vertimento, que&nbsp;deve ocorrer nas pr\u00f3ximas horas deste s\u00e1bado (8).<\/p>\n\n\n\n<h2 class=\"wp-block-heading\">M\u00e1rio Campos<\/h2>\n\n\n\n<figure class=\"wp-block-image\"><img decoding=\"async\" src=\"https:\/\/s2.glbimg.com\/OoDaKqKuIHBs5RURKA1OUiZpjbo=\/0x0:1280x720\/1008x0\/smart\/filters:strip_icc()\/i.s3.glbimg.com\/v1\/AUTH_59edd422c0c84a879bd37670ae4f538a\/internal_photos\/bs\/2022\/X\/H\/18kzrbRPqhnHzoeG0thg\/mg-040.jpg\" alt=\"\u00c1rvore bloqueou a MG-040, em M\u00e1rio Campos \u2014 Foto: Carlos Eduardo Alvim \/ TV Globo\"\/><\/figure>\n\n\n\n<p>\u00c1rvore bloqueou a MG-040, em M\u00e1rio Campos \u2014 Foto: Carlos Eduardo Alvim \/ TV Globo<\/p>\n\n\n\n<p>Uma \u00e1rvore de grande porte caiu na MG-040, entre&nbsp;<strong>M\u00e1rio Campos<\/strong>&nbsp;e Brumadinho. A rodovia foi totalmente bloqueada pelos galhos.<\/p>\n\n\n\n<p>O Rio Paraopeba transbordou e atingiu ruas no Centro.<\/p>\n\n\n\n<h2 class=\"wp-block-heading\">Ibirit\u00e9<\/h2>\n\n\n\n<p>Barranco desliza no bairro Durval de Barros, em Ibirit\u00e9, na Grande BH<\/p>\n\n\n\n<p>Um barranco deslizou e atingiu casas&nbsp;na Avenida Madureira, no bairro Durval de Barros, em&nbsp;<strong>Ibirit\u00e9<\/strong>. Houve alagamento em ruas do Jardim das Rosas.<\/p>\n\n\n\n<p>Segundo os bombeiros,&nbsp;cinco casas desabaram e duas v\u00edtimas ficaram presas nos escombros. Estas foram retiradas com vida e encaminhadas ao hospital.<\/p>\n\n\n\n<p>A Defesa Civil foi acionada e sete casas foram interditadas. Cerca de 40 pessoas foram retiradas de resid\u00eancias e ficaram sob os cuidados da Defesa Civil.<\/p>\n\n\n\n<p>Segundo a prefeitura, Defesa Civil municipal recebeu&nbsp;mais de 237 ocorr\u00eancias, at\u00e9 as 18h, devido \u00e0s fortes chuvas que atingiram a cidade. Os principais incidentes registrados foram: deslizamento de terra em vias, com danifica\u00e7\u00e3o em im\u00f3veis; queda de \u00e1rvores, quedas de muro de arrimo, alagamento em vias e resid\u00eancias.<\/p>\n\n\n\n<h2 class=\"wp-block-heading\">Raposos<\/h2>\n\n\n\n<figure class=\"wp-block-image\"><img decoding=\"async\" src=\"https:\/\/s2.glbimg.com\/ZGl2lycpUTzgzZCTB794tCQrxB8=\/0x0:1200x1600\/984x0\/smart\/filters:strip_icc()\/i.s3.glbimg.com\/v1\/AUTH_59edd422c0c84a879bd37670ae4f538a\/internal_photos\/bs\/2022\/Y\/6\/3PzwzGSiexCGYaA56gVQ\/raposos.jpg\" alt=\"Ribeir\u00e3o do Prata transbordou e alagou ruas do Centro \u2014 Foto: Saulo Vieira \/ TV Globo\"\/><\/figure>\n\n\n\n<p>Ribeir\u00e3o do Prata transbordou e alagou ruas do Centro \u2014 Foto: Saulo Vieira \/ TV Globo<\/p>\n\n\n\n<p>O&nbsp;<strong>Rio das Velhas<\/strong>, que corta a cidade,&nbsp;transbordou e alagou ruas do Centro de Raposos.<\/p>\n\n\n\n<p>At\u00e9 as 19h20, havia 20 pessoas em abrigos.&nbsp;Cerca de 300 casas ficaram inundadas.<\/p>\n\n\n\n<p>Segundo a prefeitura, desde sexta-feira (7), equipes da prefeitura e da Defesa Civil estavam orientando as pessoas que ficam nas \u00e1reas de risco a sair de suas casas, de maneira preventiva. As \u00e1reas mais cr\u00edticas s\u00e3o os bairros V\u00e1rzea do S\u00edtio, Matadouro Vila Bela e a \u00e1rea Central.<\/p>\n\n\n\n<figure class=\"wp-block-image\"><img decoding=\"async\" src=\"https:\/\/s2.glbimg.com\/UmKwg948TswDvIIgUQIMsVa_jAQ=\/0x0:1600x1200\/1008x0\/smart\/filters:strip_icc()\/i.s3.glbimg.com\/v1\/AUTH_59edd422c0c84a879bd37670ae4f538a\/internal_photos\/bs\/2022\/D\/5\/1Fgc5sRAmUkBaA2c06Kw\/raposos.jpg\" alt=\"Ruas alagadas em Raposos \u2014 Foto: Saulo Vieira \/ TV Globo\"\/><\/figure>\n\n\n\n<p>Ruas alagadas em Raposos \u2014 Foto: Saulo Vieira \/ TV Globo<\/p>\n\n\n\n<p>A prefeitura pede&nbsp;doa\u00e7\u00f5es&nbsp;de materiais de higiene pessoal, de limpeza e \u00e1gua mineral. O recebimento ser\u00e1 a partir das 9h deste domingo (9) na Secretaria de Assist\u00eancia Social, na Quadra do Estrela e na Prefeitura de Raposos.<\/p>\n\n\n\n<h2 class=\"wp-block-heading\">Congonhas<\/h2>\n\n\n\n<p>A cidade sofreu com&nbsp;alagamentos, enchentes, rios transbordaram e v\u00e1rias pessoas ficaram ilhadas.<\/p>\n\n\n\n<figure class=\"wp-block-image\"><img decoding=\"async\" src=\"https:\/\/s2.glbimg.com\/oRKXZKnqDiPettbkVFl9KNBUA5w=\/706x10:1214x949\/984x0\/smart\/filters:strip_icc()\/i.s3.glbimg.com\/v1\/AUTH_59edd422c0c84a879bd37670ae4f538a\/internal_photos\/bs\/2022\/d\/5\/Tw7Rv2T3eFWCRgWSU2oA\/na-congonhas-chuva-3-congonhas-chuva-frame-63.jpeg\" alt=\"Ruas ficaram alagadas em Congonhas. \u2014 Foto: Enviado por telespectador\"\/><\/figure>\n\n\n\n<p>Ruas ficaram alagadas em Congonhas. \u2014 Foto: Enviado por telespectador<\/p>\n\n\n\n<p>Uma grande preocupa\u00e7\u00e3o dos moradores \u00e9 com a barragem da CSN, mas n\u00e3o houve ocorr\u00eancias relacionadas a ela. A mineradora enviou a seguinte nota:<\/p>\n\n\n\n<p><em>&#8220;A CSN Minera\u00e7\u00e3o informa que em fun\u00e7\u00e3o das chuvas intensas nesta tarde, ocorreram pequenos escorregamentos em terreno natural e n\u00e3o na barragem Casa de Pedra. A empresa j\u00e1 est\u00e1 trabalhando nestas conten\u00e7\u00f5es, segue monitorando os equipamentos com leitura em tempo real e n\u00e3o foi detectada nenhuma anomalia. A Companhia reafirma que a estrutura permanece segura e est\u00e1vel.&#8221;<\/em><\/p>\n\n\n\n<h2 class=\"wp-block-heading\">S\u00e3o Joaquim de Bicas<\/h2>\n\n\n\n<figure class=\"wp-block-image\"><img decoding=\"async\" src=\"https:\/\/s2.glbimg.com\/v3JJ6v00VAzeh4wvMA7vDnjDZjM=\/0x0:1600x900\/1008x0\/smart\/filters:strip_icc()\/i.s3.glbimg.com\/v1\/AUTH_59edd422c0c84a879bd37670ae4f538a\/internal_photos\/bs\/2022\/i\/A\/BxVhhBRfKF2H2l18Uiig\/sao-joaquim-de-bicas.jpg\" alt=\"Estrada entre S\u00e3o Joaquim de Bicas e Brumadinho virou um 'rio' \u2014 Foto: Carlos Eduardo Alvim \/ TV Globo\"\/><\/figure>\n\n\n\n<p>Estrada entre S\u00e3o Joaquim de Bicas e Brumadinho virou um &#8216;rio&#8217; \u2014 Foto: Carlos Eduardo Alvim \/ TV Globo<\/p>\n\n\n\n<p>Uma estrada que liga as cidades de&nbsp;<strong>S\u00e3o Joaquim de Bicas&nbsp;<\/strong>e&nbsp;<strong>Brumadinho&nbsp;<\/strong>virou um &#8220;rio&#8221;.<\/p>\n\n\n\n<h2 class=\"wp-block-heading\">Juatuba<\/h2>\n\n\n\n<p>Segundo o Corpo de Bombeiros, por volta de 16h10min, militares foram acionados para a retirada de pessoas&nbsp;ilhadas, no bairro Cidade Nova, em Juatuba.<\/p>\n\n\n\n<p>Ao todo,&nbsp;nove v\u00edtimas&nbsp;precisaram ser socorridas.<\/p>\n\n\n\n<figure class=\"wp-block-image\"><img decoding=\"async\" src=\"https:\/\/s2.glbimg.com\/4XUeClEJz2Do1cyhN9kaxX2O-gc=\/0x0:1280x720\/1008x0\/smart\/filters:strip_icc()\/i.s3.glbimg.com\/v1\/AUTH_59edd422c0c84a879bd37670ae4f538a\/internal_photos\/bs\/2022\/e\/B\/tZ20lHSSaQW3EMNbBV7g\/whatsapp-image-2022-01-08-at-20.02.37.jpeg\" alt=\"Bombeiros tiveram que socorrer pessoas ilhadas em Juatuba. \u2014 Foto: CBMMG \/ Divulga\u00e7\u00e3o\"\/><\/figure>\n\n\n\n<p>Bombeiros tiveram que socorrer pessoas ilhadas em Juatuba. \u2014 Foto: CBMMG \/ Divulga\u00e7\u00e3o<\/p>\n\n\n\n<p>Fonte: g1.globo.com<\/p>\n","protected":false},"excerpt":{"rendered":"<p>O peda\u00e7o de um c\u00e2nion desabou, atingindo embarca\u00e7\u00f5es em Capit\u00f3lio, e um dique transbordou em Nova Lima, fechando a BR-040. Uma casa caiu em BH. Betim confirmou uma morte. Outras diversas ocorr\u00eancias em decorr\u00eancia da chuva foram registradas em munic\u00edpios mineiros. Chuva causa v\u00e1rios sustos e estragos em Minas nas \u00faltimas 24 horas. \u2014 Foto: Arquivo g1 As chuvas cont\u00ednuas [&hellip;]<\/p>\n","protected":false},"author":1,"featured_media":6745,"comment_status":"closed","ping_status":"","sticky":false,"template":"","format":"standard","meta":{"footnotes":""},"categories":[3],"tags":[],"class_list":["post-6744","post","type-post","status-publish","format-standard","has-post-thumbnail","hentry","category-noticias"],"_links":{"self":[{"href":"https:\/\/portalpraties.com.br\/site\/wp-json\/wp\/v2\/posts\/6744","targetHints":{"allow":["GET"]}}],"collection":[{"href":"https:\/\/portalpraties.com.br\/site\/wp-json\/wp\/v2\/posts"}],"about":[{"href":"https:\/\/portalpraties.com.br\/site\/wp-json\/wp\/v2\/types\/post"}],"author":[{"embeddable":true,"href":"https:\/\/portalpraties.com.br\/site\/wp-json\/wp\/v2\/users\/1"}],"replies":[{"embeddable":true,"href":"https:\/\/portalpraties.com.br\/site\/wp-json\/wp\/v2\/comments?post=6744"}],"version-history":[{"count":1,"href":"https:\/\/portalpraties.com.br\/site\/wp-json\/wp\/v2\/posts\/6744\/revisions"}],"predecessor-version":[{"id":6746,"href":"https:\/\/portalpraties.com.br\/site\/wp-json\/wp\/v2\/posts\/6744\/revisions\/6746"}],"wp:featuredmedia":[{"embeddable":true,"href":"https:\/\/portalpraties.com.br\/site\/wp-json\/wp\/v2\/media\/6745"}],"wp:attachment":[{"href":"https:\/\/portalpraties.com.br\/site\/wp-json\/wp\/v2\/media?parent=6744"}],"wp:term":[{"taxonomy":"category","embeddable":true,"href":"https:\/\/portalpraties.com.br\/site\/wp-json\/wp\/v2\/categories?post=6744"},{"taxonomy":"post_tag","embeddable":true,"href":"https:\/\/portalpraties.com.br\/site\/wp-json\/wp\/v2\/tags?post=6744"}],"curies":[{"name":"wp","href":"https:\/\/api.w.org\/{rel}","templated":true}]}}