{"id":6747,"date":"2022-01-25T15:23:11","date_gmt":"2022-01-25T15:23:11","guid":{"rendered":"http:\/\/portalpraties.com.br\/site\/?p=6747"},"modified":"2022-01-25T15:23:11","modified_gmt":"2022-01-25T15:23:11","slug":"torcedores-do-cruzeiro-lamentam-saida-de-fabio-nas-redes-sociais-mais-triste-do-que-quando-fomos-rebaixados","status":"publish","type":"post","link":"https:\/\/portalpraties.com.br\/site\/2022\/01\/25\/torcedores-do-cruzeiro-lamentam-saida-de-fabio-nas-redes-sociais-mais-triste-do-que-quando-fomos-rebaixados\/","title":{"rendered":"Torcedores do Cruzeiro lamentam sa\u00edda de F\u00e1bio nas redes sociais: &#8216;Mais triste do que quando fomos rebaixados&#8217;"},"content":{"rendered":"\n<h2 class=\"wp-block-heading\">Internautas questionaram postura do clube ao n\u00e3o renovar com goleiro F\u00e1bio ap\u00f3s 17 com a Raposa<\/h2>\n\n\n\n<p>O\u00a0<strong>goleiro F\u00e1bio anunciou, nesta quarta-feira, que n\u00e3o far\u00e1 parte do elenco do Cruzeiro para a temporada 2022<\/strong>. Nas\u00a0<strong>redes sociais<\/strong>, os torcedores da\u00a0<strong>Raposa<\/strong>\u00a0ficaram na bronca com o clube e lamentaram a sa\u00edda &#8216;\u00e0s pressas&#8217; do \u00eddolo do time.<\/p>\n\n\n\n<p>&#8211; Estou mais triste hoje do que no dia que o Cruzeiro foi rebaixado. A gente volta pra S\u00e9rie A algum dia, F\u00e1bio n\u00e3o vai ter outro &#8211; lamentou um torcedor.<\/p>\n\n\n\n<p>&#8211; Dono de clube n\u00e3o quer saber de hist\u00f3ria de jogador, isso que fizeram com o F\u00e1bio \u00e9 covardia. Se n\u00e3o o maior, \u00e9 um dos maiores \u00eddolos da hist\u00f3ria do Cruzeiro &#8211; disse outro internauta.<\/p>\n\n\n\n<p>&#8211; O problema n\u00e3o \u00e9 apenas perder o F\u00e1bio, \u00eddolo e excelente goleiro. O problema \u00e9 que sendo dessa forma que foi descrito no perfil oficial do F\u00e1bio, foi um enorme desrespeito com a hist\u00f3ria de um grande \u00eddolo e tamb\u00e9m com a torcida. O Cruzeiro precisa se explicar rapidamente &#8211; reclamou outro torcedor.<\/p>\n\n\n\n<figure class=\"wp-block-image size-full\"><img fetchpriority=\"high\" decoding=\"async\" width=\"561\" height=\"557\" src=\"https:\/\/portalpraties.com.br\/site\/wp-content\/uploads\/2022\/01\/Captura-de-tela-2022-01-25-121852.png\" alt=\"\" class=\"wp-image-6748\" srcset=\"https:\/\/portalpraties.com.br\/site\/wp-content\/uploads\/2022\/01\/Captura-de-tela-2022-01-25-121852.png 561w, https:\/\/portalpraties.com.br\/site\/wp-content\/uploads\/2022\/01\/Captura-de-tela-2022-01-25-121852-300x298.png 300w, https:\/\/portalpraties.com.br\/site\/wp-content\/uploads\/2022\/01\/Captura-de-tela-2022-01-25-121852-150x150.png 150w\" sizes=\"(max-width: 561px) 100vw, 561px\" \/><\/figure>\n\n\n\n<figure class=\"wp-block-image size-full\"><img decoding=\"async\" width=\"595\" height=\"376\" src=\"https:\/\/portalpraties.com.br\/site\/wp-content\/uploads\/2022\/01\/Captura-de-tela-2022-01-25-122023.png\" alt=\"\" class=\"wp-image-6749\" srcset=\"https:\/\/portalpraties.com.br\/site\/wp-content\/uploads\/2022\/01\/Captura-de-tela-2022-01-25-122023.png 595w, https:\/\/portalpraties.com.br\/site\/wp-content\/uploads\/2022\/01\/Captura-de-tela-2022-01-25-122023-300x190.png 300w\" sizes=\"(max-width: 595px) 100vw, 595px\" \/><\/figure>\n\n\n\n<figure class=\"wp-block-image size-full\"><img decoding=\"async\" width=\"588\" height=\"683\" src=\"https:\/\/portalpraties.com.br\/site\/wp-content\/uploads\/2022\/01\/Captura-de-tela-2022-01-25-122106.png\" alt=\"\" class=\"wp-image-6750\" srcset=\"https:\/\/portalpraties.com.br\/site\/wp-content\/uploads\/2022\/01\/Captura-de-tela-2022-01-25-122106.png 588w, https:\/\/portalpraties.com.br\/site\/wp-content\/uploads\/2022\/01\/Captura-de-tela-2022-01-25-122106-258x300.png 258w\" sizes=\"(max-width: 588px) 100vw, 588px\" \/><\/figure>\n\n\n\n<p>Fonte: terra.com.br<\/p>\n","protected":false},"excerpt":{"rendered":"<p>Internautas questionaram postura do clube ao n\u00e3o renovar com goleiro F\u00e1bio ap\u00f3s 17 com a Raposa O\u00a0goleiro F\u00e1bio anunciou, nesta quarta-feira, que n\u00e3o far\u00e1 parte do elenco do Cruzeiro para a temporada 2022. Nas\u00a0redes sociais, os torcedores da\u00a0Raposa\u00a0ficaram na bronca com o clube e lamentaram a sa\u00edda &#8216;\u00e0s pressas&#8217; do \u00eddolo do time. &#8211; Estou mais triste hoje do que [&hellip;]<\/p>\n","protected":false},"author":1,"featured_media":6751,"comment_status":"closed","ping_status":"","sticky":false,"template":"","format":"standard","meta":{"footnotes":""},"categories":[3],"tags":[],"class_list":["post-6747","post","type-post","status-publish","format-standard","has-post-thumbnail","hentry","category-noticias"],"_links":{"self":[{"href":"https:\/\/portalpraties.com.br\/site\/wp-json\/wp\/v2\/posts\/6747","targetHints":{"allow":["GET"]}}],"collection":[{"href":"https:\/\/portalpraties.com.br\/site\/wp-json\/wp\/v2\/posts"}],"about":[{"href":"https:\/\/portalpraties.com.br\/site\/wp-json\/wp\/v2\/types\/post"}],"author":[{"embeddable":true,"href":"https:\/\/portalpraties.com.br\/site\/wp-json\/wp\/v2\/users\/1"}],"replies":[{"embeddable":true,"href":"https:\/\/portalpraties.com.br\/site\/wp-json\/wp\/v2\/comments?post=6747"}],"version-history":[{"count":1,"href":"https:\/\/portalpraties.com.br\/site\/wp-json\/wp\/v2\/posts\/6747\/revisions"}],"predecessor-version":[{"id":6752,"href":"https:\/\/portalpraties.com.br\/site\/wp-json\/wp\/v2\/posts\/6747\/revisions\/6752"}],"wp:featuredmedia":[{"embeddable":true,"href":"https:\/\/portalpraties.com.br\/site\/wp-json\/wp\/v2\/media\/6751"}],"wp:attachment":[{"href":"https:\/\/portalpraties.com.br\/site\/wp-json\/wp\/v2\/media?parent=6747"}],"wp:term":[{"taxonomy":"category","embeddable":true,"href":"https:\/\/portalpraties.com.br\/site\/wp-json\/wp\/v2\/categories?post=6747"},{"taxonomy":"post_tag","embeddable":true,"href":"https:\/\/portalpraties.com.br\/site\/wp-json\/wp\/v2\/tags?post=6747"}],"curies":[{"name":"wp","href":"https:\/\/api.w.org\/{rel}","templated":true}]}}