{"id":7065,"date":"2022-02-06T02:47:43","date_gmt":"2022-02-06T02:47:43","guid":{"rendered":"http:\/\/portalpraties.com.br\/site\/?p=7065"},"modified":"2022-02-06T02:47:43","modified_gmt":"2022-02-06T02:47:43","slug":"interdicao-em-trecho-da-br-262-causa-transtorno-a-motoristas-e-moradores","status":"publish","type":"post","link":"https:\/\/portalpraties.com.br\/site\/2022\/02\/06\/interdicao-em-trecho-da-br-262-causa-transtorno-a-motoristas-e-moradores\/","title":{"rendered":"Interdi\u00e7\u00e3o em trecho da BR-262 causa transtorno a motoristas e moradores"},"content":{"rendered":"\n<h2 class=\"wp-block-heading\" id=\"br-262-foi-interditada-no-km-96-na-entrada-da-cidade-de-abre-campo-na-regiao-da-zona-da-mata-de-minas-gerais\">BR-262 foi interditada no km 96, na entrada da cidade de Abre Campo, na Regi\u00e3o da Zona da Mata de Minas Gerais<\/h2>\n\n\n\n<p>Uma interdi\u00e7\u00e3o total no km 96 da BR-262, no limite da cidade de Abre Campo, cidade da Regi\u00e3o da Zona da Mata de Minas Gerais, leva transtorno aos motoristas que, por exemplo, fazem o trecho Belo Horizonte-Vit\u00f3ria, capitais mineira e do Esp\u00edrito Santo, respectivamente. A reportagem do\u00a0<strong>Estado de Minas<\/strong>\u00a0esteve no local nesta ter\u00e7a-feira (25\/1) e se deparou com os motoristas precisando encontrar alternativas diante do transtorno.<\/p>\n\n\n\n<p>O km 96 da BR-262 foi interditado por conta de um grande afundamento na pista, em virtude das chuvas que atingiram a regi\u00e3o. O afundamento, inclusive, chegou a prejudicar um bairro de Abre Campo, que precisou ser evacuado em certa medida. N\u00e3o h\u00e1 previs\u00e3o para que a circula\u00e7\u00e3o neste trecho, interditado nessa segunda-feira (24), seja retomada.<br>&#8220;As equipes do Dnit monitoraram o trecho durante toda a semana para avaliar o comprometimento da rodovia, devido \u00e0 grande movimenta\u00e7\u00e3o de terra com reflexos na estrutura da rodovia&#8221;, informou o Departamento Nacional de Infraestrutura de Transportes (Dnit), que tamb\u00e9m diz que o trecho seria sinalizado, o que foi constatado pela reportagem.<\/p>\n\n\n\n<p>Adilson Martins, que seguia de Bras\u00edlia, capital federal, para Guarapari, cidade do litoral capixaba e muito visitada por conta das praias, disse que n\u00e3o sabia da interdi\u00e7\u00e3o e que agora precisar\u00e1 se informar sobre desvios para seguir viagem. O motorista tamb\u00e9m afirma que n\u00e3o viu a sinaliza\u00e7\u00e3o da interdi\u00e7\u00e3o e foi pego de surpresa.<\/p>\n\n\n\n<p>&#8220;N\u00e3o sab\u00edamos da interdi\u00e7\u00e3o, paramos v\u00e1rias vezes para lanchar e ningu\u00e9m avisou, n\u00e3o. N\u00e3o vi cartaz, nada dizendo que havia interdi\u00e7\u00e3o neste ponto n\u00e3o. Vou procurar me orientar aqui, pedir informa\u00e7\u00e3o para ver qual melhor meio para acessar a BR-262 novamente, a partir deste ponto&#8221;, afirmou ao\u00a0<strong>Estado de Minas<\/strong>.<\/p>\n\n\n\n<figure class=\"wp-block-image size-full\"><img fetchpriority=\"high\" decoding=\"async\" width=\"820\" height=\"545\" src=\"https:\/\/portalpraties.com.br\/site\/wp-content\/uploads\/2022\/02\/lucas-nogueira-faz-pequeno-percurso-a-pe-por-conta-da-interdicao_7_95112.jpeg\" alt=\"\" class=\"wp-image-7066\" srcset=\"https:\/\/portalpraties.com.br\/site\/wp-content\/uploads\/2022\/02\/lucas-nogueira-faz-pequeno-percurso-a-pe-por-conta-da-interdicao_7_95112.jpeg 820w, https:\/\/portalpraties.com.br\/site\/wp-content\/uploads\/2022\/02\/lucas-nogueira-faz-pequeno-percurso-a-pe-por-conta-da-interdicao_7_95112-300x199.jpeg 300w, https:\/\/portalpraties.com.br\/site\/wp-content\/uploads\/2022\/02\/lucas-nogueira-faz-pequeno-percurso-a-pe-por-conta-da-interdicao_7_95112-768x510.jpeg 768w, https:\/\/portalpraties.com.br\/site\/wp-content\/uploads\/2022\/02\/lucas-nogueira-faz-pequeno-percurso-a-pe-por-conta-da-interdicao_7_95112-600x400.jpeg 600w\" sizes=\"(max-width: 820px) 100vw, 820px\" \/><\/figure>\n\n\n\n<figure class=\"wp-block-image size-full\"><img decoding=\"async\" width=\"820\" height=\"492\" src=\"https:\/\/portalpraties.com.br\/site\/wp-content\/uploads\/2022\/02\/afundamento-da-pista-motivou-a-interdicao-total_5_88591.jpeg\" alt=\"\" class=\"wp-image-7067\" srcset=\"https:\/\/portalpraties.com.br\/site\/wp-content\/uploads\/2022\/02\/afundamento-da-pista-motivou-a-interdicao-total_5_88591.jpeg 820w, https:\/\/portalpraties.com.br\/site\/wp-content\/uploads\/2022\/02\/afundamento-da-pista-motivou-a-interdicao-total_5_88591-300x180.jpeg 300w, https:\/\/portalpraties.com.br\/site\/wp-content\/uploads\/2022\/02\/afundamento-da-pista-motivou-a-interdicao-total_5_88591-768x461.jpeg 768w\" sizes=\"(max-width: 820px) 100vw, 820px\" \/><\/figure>\n\n\n\n<h2 class=\"wp-block-heading\" id=\"abre-campo\"><strong>Abre Campo<\/strong><\/h2>\n\n\n\n<p>\u00a0A cidade de Abre Campo, vizinha da BR-262, sofreu diretamente com o afundamento do asfalto. Moradores, inclusive, afirmam que o problema aconteceu a partir de problemas no Rio Santana, que corta a cidade, e come\u00e7ou a ceder o asfalto da regi\u00e3o.\u00a0&#8220;N\u00e3o \u00e9 a pista que causou tudo, foi o bairro que foi abaixo, e isso que afundou a pista, isso que ocasionou. Est\u00e1 uma situa\u00e7\u00e3o triste, o asfalto est\u00e1 cedendo muito, s\u00e3o quatro a cinco cent\u00edmetros de dilata\u00e7\u00e3o por dia na BR, mas a parte de baixo do asfalto est\u00e1 cedendo muito mais. Cerca de 20 fam\u00edlias moravam ali, todos tiveram que sair de casa, tinha uma que estava mais resistente, mas o bairro est\u00e1 abandonado&#8221;, disse, H\u00e9lio Mendes, de 23 anos, que tamb\u00e9m teve que deixar sua casa.\u00a0<\/p>\n\n\n\n<p>A Prefeitura de Abre Campo, por meio do prefeito Vitinho (MDB) e do secret\u00e1rio de Administra\u00e7\u00e3o M\u00e1rcio Vcitor, manifestou-se. &#8220;No dia 9, assim que tomei conhecimento da situa\u00e7\u00e3o do C\u00f3rrego S\u00edtio da Conquista, loteamento n\u00e3o regularizado, decretei situa\u00e7\u00e3o de emerg\u00eancia e entrei em contato com minha equipe de secret\u00e1rios e com a Defesa Civil do Munic\u00edpio de Abre Campo para que verificassem a situa\u00e7\u00e3o daquela localidade e tomassem as provid\u00eancias necess\u00e1rias. Encarreguei o secret\u00e1rio de Administra\u00e7\u00e3o M\u00e1rcio Victor para que coordenasse os trabalhos, pelo conhecimento e experi\u00eancia, pois governou o munic\u00edpio por dois mandatos, enfrentando em sua gest\u00e3o diversos problemas decorrentes das chuvas, inclusive a maior enchente da hist\u00f3ria do munic\u00edpio&#8221;, diz o prefeito.\u00a0\u201cNa madrugada do mesmo dia que me foi encarregado o trabalho, realizei uma visita por toda localidade para tomar conhecimento dos problemas. Nossa primeira preocupa\u00e7\u00e3o foi a retirada das fam\u00edlias da zona de risco. Em seguida, encaminhamos as fam\u00edlias para a Secretaria de Desenvolvimento Social do Munic\u00edpio para recebimento do aluguel social e cedemos o transporte para retirada dos pertences dos moradores. No C\u00f3rrego S\u00edtio da Conquista, foram atendidas 26 fam\u00edlias, no Bairro Cantinho do C\u00e9u uma fam\u00edlia e no povoado da Cachoeira do Livramento tamb\u00e9m uma fam\u00edlia. No total foram atendidas 28 fam\u00edlias, sendo 80 pessoas com atendimento psicol\u00f3gico individual ou coletivo&#8221;, diz o secret\u00e1rio.\u00a0&#8220;Solicitei \u00e0 Defesa Civil que providencie o acompanhamento di\u00e1rio da situa\u00e7\u00e3o juntamente comigo. No dia 15, as rachaduras evolu\u00edram, chegando a atingir a BR-262, foi quando a Defesa Civil informou ao Dnit a situa\u00e7\u00e3o. Na sexta, dia 21, a pedido dos moradores, participamos de uma reuni\u00e3o na C\u00e2mara Municipal, onde tranquilizamos os mesmos e falamos que o munic\u00edpio est\u00e1 estudando uma forma de atender as demandas decorrentes dos acontecimentos e que seria necess\u00e1rio terem calma e paci\u00eancia, pois existem leis a serem cumpridas. O munic\u00edpio continua acompanhando diariamente e tomando todas as medidas dentro da legalidade para amenizar os impactos causados pelas chuvas&#8221;, completou.<\/p>\n\n\n\n<figure class=\"wp-block-image size-full\"><img decoding=\"async\" width=\"820\" height=\"649\" src=\"https:\/\/portalpraties.com.br\/site\/wp-content\/uploads\/2022\/02\/desvio-da-br-262-para-veiculos-grandes_4_61162.jpeg\" alt=\"\" class=\"wp-image-7068\" srcset=\"https:\/\/portalpraties.com.br\/site\/wp-content\/uploads\/2022\/02\/desvio-da-br-262-para-veiculos-grandes_4_61162.jpeg 820w, https:\/\/portalpraties.com.br\/site\/wp-content\/uploads\/2022\/02\/desvio-da-br-262-para-veiculos-grandes_4_61162-300x237.jpeg 300w, https:\/\/portalpraties.com.br\/site\/wp-content\/uploads\/2022\/02\/desvio-da-br-262-para-veiculos-grandes_4_61162-768x608.jpeg 768w\" sizes=\"(max-width: 820px) 100vw, 820px\" \/><\/figure>\n\n\n\n<figure class=\"wp-block-image size-full\"><img loading=\"lazy\" decoding=\"async\" width=\"820\" height=\"487\" src=\"https:\/\/portalpraties.com.br\/site\/wp-content\/uploads\/2022\/02\/desvio-da-br-262-para-veiculos-leves_2_36367.jpeg\" alt=\"\" class=\"wp-image-7069\" srcset=\"https:\/\/portalpraties.com.br\/site\/wp-content\/uploads\/2022\/02\/desvio-da-br-262-para-veiculos-leves_2_36367.jpeg 820w, https:\/\/portalpraties.com.br\/site\/wp-content\/uploads\/2022\/02\/desvio-da-br-262-para-veiculos-leves_2_36367-300x178.jpeg 300w, https:\/\/portalpraties.com.br\/site\/wp-content\/uploads\/2022\/02\/desvio-da-br-262-para-veiculos-leves_2_36367-768x456.jpeg 768w\" sizes=\"(max-width: 820px) 100vw, 820px\" \/><\/figure>\n\n\n\n<figure class=\"wp-block-image size-full\"><img loading=\"lazy\" decoding=\"async\" width=\"820\" height=\"362\" src=\"https:\/\/portalpraties.com.br\/site\/wp-content\/uploads\/2022\/02\/br-262_3_31034.jpeg\" alt=\"\" class=\"wp-image-7070\" srcset=\"https:\/\/portalpraties.com.br\/site\/wp-content\/uploads\/2022\/02\/br-262_3_31034.jpeg 820w, https:\/\/portalpraties.com.br\/site\/wp-content\/uploads\/2022\/02\/br-262_3_31034-300x132.jpeg 300w, https:\/\/portalpraties.com.br\/site\/wp-content\/uploads\/2022\/02\/br-262_3_31034-768x339.jpeg 768w\" sizes=\"(max-width: 820px) 100vw, 820px\" \/><\/figure>\n\n\n\n<p>FONTE: ESTADODEMINAS &#8211; em.com.br<\/p>\n","protected":false},"excerpt":{"rendered":"<p>BR-262 foi interditada no km 96, na entrada da cidade de Abre Campo, na Regi\u00e3o da Zona da Mata de Minas Gerais Uma interdi\u00e7\u00e3o total no km 96 da BR-262, no limite da cidade de Abre Campo, cidade da Regi\u00e3o da Zona da Mata de Minas Gerais, leva transtorno aos motoristas que, por exemplo, fazem o trecho Belo Horizonte-Vit\u00f3ria, capitais [&hellip;]<\/p>\n","protected":false},"author":1,"featured_media":7071,"comment_status":"closed","ping_status":"","sticky":false,"template":"","format":"standard","meta":{"footnotes":""},"categories":[3],"tags":[],"class_list":["post-7065","post","type-post","status-publish","format-standard","has-post-thumbnail","hentry","category-noticias"],"_links":{"self":[{"href":"https:\/\/portalpraties.com.br\/site\/wp-json\/wp\/v2\/posts\/7065","targetHints":{"allow":["GET"]}}],"collection":[{"href":"https:\/\/portalpraties.com.br\/site\/wp-json\/wp\/v2\/posts"}],"about":[{"href":"https:\/\/portalpraties.com.br\/site\/wp-json\/wp\/v2\/types\/post"}],"author":[{"embeddable":true,"href":"https:\/\/portalpraties.com.br\/site\/wp-json\/wp\/v2\/users\/1"}],"replies":[{"embeddable":true,"href":"https:\/\/portalpraties.com.br\/site\/wp-json\/wp\/v2\/comments?post=7065"}],"version-history":[{"count":1,"href":"https:\/\/portalpraties.com.br\/site\/wp-json\/wp\/v2\/posts\/7065\/revisions"}],"predecessor-version":[{"id":7072,"href":"https:\/\/portalpraties.com.br\/site\/wp-json\/wp\/v2\/posts\/7065\/revisions\/7072"}],"wp:featuredmedia":[{"embeddable":true,"href":"https:\/\/portalpraties.com.br\/site\/wp-json\/wp\/v2\/media\/7071"}],"wp:attachment":[{"href":"https:\/\/portalpraties.com.br\/site\/wp-json\/wp\/v2\/media?parent=7065"}],"wp:term":[{"taxonomy":"category","embeddable":true,"href":"https:\/\/portalpraties.com.br\/site\/wp-json\/wp\/v2\/categories?post=7065"},{"taxonomy":"post_tag","embeddable":true,"href":"https:\/\/portalpraties.com.br\/site\/wp-json\/wp\/v2\/tags?post=7065"}],"curies":[{"name":"wp","href":"https:\/\/api.w.org\/{rel}","templated":true}]}}