{"id":7073,"date":"2022-02-06T02:51:14","date_gmt":"2022-02-06T02:51:14","guid":{"rendered":"http:\/\/portalpraties.com.br\/site\/?p=7073"},"modified":"2022-02-06T02:51:14","modified_gmt":"2022-02-06T02:51:14","slug":"especialista-da-rede-ebserh-mec-tira-duvidas-sobre-a-gripe-h3n2","status":"publish","type":"post","link":"https:\/\/portalpraties.com.br\/site\/2022\/02\/06\/especialista-da-rede-ebserh-mec-tira-duvidas-sobre-a-gripe-h3n2\/","title":{"rendered":"Especialista da Rede Ebserh\/MEC tira d\u00favidas sobre a gripe H3N2"},"content":{"rendered":"\n<p>O n\u00famero de casos de Influenza H3N2, uma nova variante do v\u00edrus da gripe, tem crescido desde o fim de dezembro em diversas regi\u00f5es de pa\u00eds. Diante do surto da doen\u00e7a,&nbsp;entrevistamos o m\u00e9dico infectologista, supervisor da \u00e1rea assistencial de Doen\u00e7as Infecciosas e Parasit\u00e1rias do Hospital das Cl\u00ednicas da Universidade Federal de Pernambuco, vinculado \u00e0 Rede Ebserh (HC-UFPE\/Ebserh), e professor da institui\u00e7\u00e3o, Paulo S\u00e9rgio Ramos, sobre a gripe H3N2 e seus sintomas, formas de preven\u00e7\u00e3o e diferen\u00e7a dessa gripe para a Covid-19. Confira:<\/p>\n\n\n\n<p><strong>O que \u00e9 a gripe H3N2?<\/strong><\/p>\n\n\n\n<p>Dados hist\u00f3ricos reportam que os v\u00edrus Influenza vem causando surtos nos \u00faltimos s\u00e9culos, sendo que o reconhecimento laboratorial s\u00f3 veio ocorrer na primeira metade do s\u00e9culo passado. Desde ent\u00e3o, diversas epidemias v\u00eam sendo relatadas por algumas modifica\u00e7\u00f5es gen\u00e9ticas que o v\u00edrus vem apresentando nas \u00faltimas d\u00e9cadas. Em 2021, nova muta\u00e7\u00e3o derivou numa nova linhagem, denominada A (H3N2) Darwin, devido a sua identifica\u00e7\u00e3o na Austr\u00e1lia e que vem sendo tamb\u00e9m detectada no Brasil.<\/p>\n\n\n\n<p><strong>Quais os principais sintomas?<\/strong><\/p>\n\n\n\n<p>Os principais sintomas s\u00e3o febre, tosse, dor de garganta, cefaleia, dor muscular, fadiga. Nos casos graves, pode haver falta de ar, que caracteriza a SRAG (S\u00edndrome Respirat\u00f3ria&nbsp;Aguda Grave), e at\u00e9 disfun\u00e7\u00e3o org\u00e2nica m\u00faltipla.&nbsp;<\/p>\n\n\n\n<p><strong>Quando a pessoa deve ir ao hospital?<\/strong><\/p>\n\n\n\n<p>Caso os sintomas se agravem, tais como desconforto respirat\u00f3rio, persist\u00eancia de febre por mais de tr\u00eas dias ou retorno da febre ap\u00f3s melhora inicial, confus\u00e3o mental, sonol\u00eancia, redu\u00e7\u00e3o da diurese, desidrata\u00e7\u00e3o, dor muscular muito intensa e descompensa\u00e7\u00e3o de doen\u00e7as pr\u00e9-existentes, como, por exemplo, a asma br\u00f4nquica.&nbsp;<\/p>\n\n\n\n<p><strong>A vacina\u00e7\u00e3o contra gripe protege tamb\u00e9m do H3N2?<\/strong><\/p>\n\n\n\n<p>A vacina, empregada na campanha de 2021, contemplou as cepas A(H1N1)\/Victoria, A(H3N2)\/Hong Kong e B\/Washington. Neste ano, com o espalhamento da nova variante A(H3N2)\/Darwin, teoricamente, n\u00e3o ter\u00edamos a prote\u00e7\u00e3o esperada para essa nova cepa. Entretanto, tem sido descrito o mecanismo de prote\u00e7\u00e3o cruzada, em que os anticorpos obtidos com a vers\u00e3o 2021 da vacina contra Influenza, nos daria algum grau de prote\u00e7\u00e3o. Neste caso em particular, nos preocupam os idosos, imunodeprimidos e portadores de comorbidades, grupos em que os mecanismos imunol\u00f3gicos podem estar comprometidos.<br><strong><br>Como se prevenir da gripe H3N2?<\/strong><\/p>\n\n\n\n<p>A melhor e mais eficaz medida preventiva ocorre por meio da vacina\u00e7\u00e3o contra Influenza de maneira massiva da popula\u00e7\u00e3o. No Brasil, essa campanha inicia entre os meses de maio e junho. \u00c9 importante ressaltar que o alvo da vacina \u00e9 prevenir hospitaliza\u00e7\u00e3o e morte entre aqueles que se infectam pelo v\u00edrus. Uso de m\u00e1scaras, isolamento dos infectados e distanciamento f\u00edsico s\u00e3o tamb\u00e9m relevantes para deter o espalhamento do v\u00edrus Influenza.<\/p>\n\n\n\n<p><strong>Como \u00e9 feito o diagn\u00f3stico?<\/strong><\/p>\n\n\n\n<p>O diagn\u00f3stico inicial \u00e9 cl\u00ednico, tendo como crit\u00e9rio presuntivo a presen\u00e7a de febre associada \u00e0 tosse e\/ou dor de garganta, acompanhado de outros sintomas como cefaleia, dor muscular, fadiga. Assim exposto, fica claro que o diagn\u00f3stico diferencial com covid-19 pode n\u00e3o ser f\u00e1cil. Nos casos suspeitos, recomenda-se um teste de ant\u00edgeno (teste r\u00e1pido) para covid, que resultando negativo, a depender do contexto, indicamos teste de ant\u00edgeno (teste r\u00e1pido) ou teste molecular para detec\u00e7\u00e3o dos v\u00edrus Influenza. No momento, como a rede p\u00fablica se encontra em press\u00e3o, os testes para Influenza t\u00eam sido realizados apenas nos casos de SRAG.<\/p>\n\n\n\n<p><strong>Estando com a doen\u00e7a, a pessoa deve realizar o isolamento em casa, como ocorre com a covid-19?<\/strong><\/p>\n\n\n\n<p>Sim, caso suspeito ou confirmado, dever\u00e1 ficar em isolamento respirat\u00f3rio (uso de m\u00e1scara e distanciamento f\u00edsico) por dez dias (covid) e sete dias (Influenza). Indiv\u00edduos imunossuprimidos, devido ao fato de apresentarem um clareamento mais lento desses v\u00edrus, necessitam permanecer em isolamento por maior tempo e devem consultar um profissional de sa\u00fade para serem orientados.<\/p>\n\n\n\n<p><strong>\u00c9 poss\u00edvel ser assintom\u00e1tico e estar com a doen\u00e7a?<\/strong><\/p>\n\n\n\n<p>Sim, nas duas condi\u00e7\u00f5es, seja covid ou gripe por Influenza, indiv\u00edduos sem sintomas podem apresentar a condi\u00e7\u00e3o de transmissor desses agentes. Por isso, \u00e9 t\u00e3o importante proteger idosos, imunossuprimidos e portadores de m\u00faltiplas morbidades.<\/p>\n\n\n\n<p><strong>Qual a dura\u00e7\u00e3o da doen\u00e7a?<\/strong><\/p>\n\n\n\n<p>A m\u00e9dia de tempo dos sintomas para as duas condi\u00e7\u00f5es, nos casos leves, fica em torno de cinco a dez dias.<\/p>\n\n\n\n<p><strong>Sobre a Rede Ebserh<\/strong><\/p>\n\n\n\n<p>O HC-UFPE faz parte da Rede Ebserh desde dezembro de 2013. Vinculada ao Minist\u00e9rio da Educa\u00e7\u00e3o (MEC), a Empresa Brasileira de Servi\u00e7os Hospitalares (Ebserh) foi criada em 2011 e, atualmente, administra 40 hospitais universit\u00e1rios federais, apoiando e impulsionando suas atividades por meio de uma gest\u00e3o de excel\u00eancia.<\/p>\n\n\n\n<p>Essas unidades hospitalares, que pertencem a universidades federais, t\u00eam caracter\u00edsticas espec\u00edficas: atendem pacientes do Sistema \u00danico de Sa\u00fade (SUS), e, principalmente, apoiam a forma\u00e7\u00e3o de profissionais de sa\u00fade e o desenvolvimento de pesquisas.<\/p>\n\n\n\n<p>Devido a essa natureza educacional, os hospitais universit\u00e1rios s\u00e3o campos de forma\u00e7\u00e3o de profissionais de sa\u00fade. Com isso, a Rede Ebserh atua de forma complementar ao SUS, n\u00e3o sendo respons\u00e1vel pela totalidade dos atendimentos de sa\u00fade das regi\u00f5es em que os hospitais est\u00e3o inseridos, mas se destacam pela excel\u00eancia e voca\u00e7\u00e3o nos procedimentos de m\u00e9dia e alta complexidades.<\/p>\n\n\n\n<p><em>Com informa\u00e7\u00f5es do HC-UFPE\/Ebserh\/MEC<\/em><\/p>\n\n\n\n<p>FONTE: gov.br\/ebserh<\/p>\n","protected":false},"excerpt":{"rendered":"<p>O n\u00famero de casos de Influenza H3N2, uma nova variante do v\u00edrus da gripe, tem crescido desde o fim de dezembro em diversas regi\u00f5es de pa\u00eds. Diante do surto da doen\u00e7a,&nbsp;entrevistamos o m\u00e9dico infectologista, supervisor da \u00e1rea assistencial de Doen\u00e7as Infecciosas e Parasit\u00e1rias do Hospital das Cl\u00ednicas da Universidade Federal de Pernambuco, vinculado \u00e0 Rede Ebserh (HC-UFPE\/Ebserh), e professor da [&hellip;]<\/p>\n","protected":false},"author":1,"featured_media":7074,"comment_status":"closed","ping_status":"","sticky":false,"template":"","format":"standard","meta":{"footnotes":""},"categories":[3],"tags":[],"class_list":["post-7073","post","type-post","status-publish","format-standard","has-post-thumbnail","hentry","category-noticias"],"_links":{"self":[{"href":"https:\/\/portalpraties.com.br\/site\/wp-json\/wp\/v2\/posts\/7073","targetHints":{"allow":["GET"]}}],"collection":[{"href":"https:\/\/portalpraties.com.br\/site\/wp-json\/wp\/v2\/posts"}],"about":[{"href":"https:\/\/portalpraties.com.br\/site\/wp-json\/wp\/v2\/types\/post"}],"author":[{"embeddable":true,"href":"https:\/\/portalpraties.com.br\/site\/wp-json\/wp\/v2\/users\/1"}],"replies":[{"embeddable":true,"href":"https:\/\/portalpraties.com.br\/site\/wp-json\/wp\/v2\/comments?post=7073"}],"version-history":[{"count":1,"href":"https:\/\/portalpraties.com.br\/site\/wp-json\/wp\/v2\/posts\/7073\/revisions"}],"predecessor-version":[{"id":7075,"href":"https:\/\/portalpraties.com.br\/site\/wp-json\/wp\/v2\/posts\/7073\/revisions\/7075"}],"wp:featuredmedia":[{"embeddable":true,"href":"https:\/\/portalpraties.com.br\/site\/wp-json\/wp\/v2\/media\/7074"}],"wp:attachment":[{"href":"https:\/\/portalpraties.com.br\/site\/wp-json\/wp\/v2\/media?parent=7073"}],"wp:term":[{"taxonomy":"category","embeddable":true,"href":"https:\/\/portalpraties.com.br\/site\/wp-json\/wp\/v2\/categories?post=7073"},{"taxonomy":"post_tag","embeddable":true,"href":"https:\/\/portalpraties.com.br\/site\/wp-json\/wp\/v2\/tags?post=7073"}],"curies":[{"name":"wp","href":"https:\/\/api.w.org\/{rel}","templated":true}]}}