{"id":7076,"date":"2022-02-06T02:53:42","date_gmt":"2022-02-06T02:53:42","guid":{"rendered":"http:\/\/portalpraties.com.br\/site\/?p=7076"},"modified":"2022-02-06T02:53:42","modified_gmt":"2022-02-06T02:53:42","slug":"menos-de-50-do-publico-infantil-recebeu-a-primeira-dose-da-vacina-contra-a-covid","status":"publish","type":"post","link":"https:\/\/portalpraties.com.br\/site\/2022\/02\/06\/menos-de-50-do-publico-infantil-recebeu-a-primeira-dose-da-vacina-contra-a-covid\/","title":{"rendered":"Menos de 50% do p\u00fablico infantil recebeu a primeira dose da vacina contra a Covid"},"content":{"rendered":"\n<h2 class=\"wp-block-heading\" id=\"em-algumas-cidades-como-porto-velho-fortaleza-recife-e-belo-horizonte-a-cobertura-vacinal-das-criancas-entre-5-e-11-anos-nao-chega-a-20-do-publico-alvo\">Em algumas cidades como Porto Velho, Fortaleza, Recife e Belo Horizonte a cobertura vacinal das crian\u00e7as entre 5 e 11 anos n\u00e3o chega a 20% do p\u00fablico-alvo<\/h2>\n\n\n\n<p>Em pelo menos 11 capitais e no Distrito Federal, a campanha de imuniza\u00e7\u00e3o infantil contra a&nbsp;<a href=\"https:\/\/www.cnnbrasil.com.br\/saude\/brasil-so-tem-vacinacao-como-estrategia-de-combate-a-covid-19-diz-pedro-hallal\/\">Covid-19<\/a>&nbsp;ainda n\u00e3o alcan\u00e7ou 50% do p\u00fablico-alvo (crian\u00e7as de 5 a 11 anos). A vacina\u00e7\u00e3o foi iniciada h\u00e1 pouco mais de duas semanas.<\/p>\n\n\n\n<p>Em grande parte dessas cidades, a&nbsp;<a href=\"https:\/\/www.cnnbrasil.com.br\/saude\/secretario-diz-ao-stf-que-nota-da-saude-considerou-resultados-interinos-sobre-vacinas\/\">vacina\u00e7\u00e3o<\/a>&nbsp;vem sendo feita de maneira escalonada, por faixa et\u00e1ria, devido ao n\u00famero insuficiente de doses entregues pelo Minist\u00e9rio da Sa\u00fade, especialmente do imunizante da Pfizer que \u00e9 destinado para o p\u00fablico de 5 anos.<\/p>\n\n\n\n<p>A\u00a0<strong>CNN<\/strong>\u00a0solicitou dados \u00e0s 26 capitais brasileiras e o Distrito Federal. Doze cidades enviaram dados para esta reportagem.<\/p>\n\n\n\n<p>Em Porto Velho, Fortaleza, Recife e Belo Horizonte menos de 20% das crian\u00e7as de 5 a 11 anos foram imunizadas. Apenas 8,12% das crian\u00e7as da capital cearense foram imunizadas. Na capital de Rond\u00f4nia, o percentual \u00e9 semelhante \u2013 8,76%. Na pernambucana, 10.62% das crian\u00e7as foram vacinadas contra a Covid-19.<\/p>\n\n\n\n<p>Em Belo Horizonte, onde a vacina\u00e7\u00e3o, neste momento, \u00e9 destinada a crian\u00e7as com 9 anos ou mais, o percentual total de crian\u00e7as imunizadas \u00e9 de 15,5%. Segundo a prefeitura, nos primeiros 17 dias da campanha foram aplicadas 30 mil primeiras doses.<\/p>\n\n\n\n<p>Na cidade de Goi\u00e2nia, pouco mais de 30 mil (30.490) crian\u00e7as receberam a primeira dose da vacina contra o coronav\u00edrus. O n\u00famero representa 25,4% do total da popula\u00e7\u00e3o infantil residente no munic\u00edpio (120 mil). J\u00e1 a cobertura vacinal no Distrito Federal est\u00e1 em 30%.<\/p>\n\n\n\n<p>Em Cuiab\u00e1, 12,2% e em Campo Grande 22,45%. Em Bel\u00e9m e Salvador a cobertura vacinal \u00e9 de respectivamente 36,7% e 37%.<\/p>\n\n\n\n<p>Na cidade do Rio de Janeiro, onde a campanha teve que ser suspensa por falta de doses, a vacina\u00e7\u00e3o recome\u00e7a nesta sexta-feira (04) para crian\u00e7as com 6 anos ou mais. At\u00e9 agora, pouco mais de 161 mil doses (161.263) foram aplicadas, na capital fluminense. Isso corresponde a 28,7% das crian\u00e7as de 5 a 11 anos.<\/p>\n\n\n\n<p>Na contram\u00e3o da maioria das capitais, S\u00e3o Paulo j\u00e1 vacinou 51,2% do total de crian\u00e7as da cidade com a primeira dose. Cerca de 590 mil (586.707) j\u00e1 foram aplicadas. Com a aprova\u00e7\u00e3o da Coronavac para vacinar crian\u00e7as de 6 a 11 anos, o governo de S\u00e3o Paulo acelerou a distribui\u00e7\u00e3o no estado do imunizante.<\/p>\n\n\n\n<p>Segundo o infectologista e presidente do Departamento de Imuniza\u00e7\u00f5es da Sociedade Brasileira de Pediatria, Renato Kfouri, apesar de todos os entraves \u00e0 vacina\u00e7\u00e3o infantil, o Brasil dever\u00e1 alcan\u00e7ar 70% da cobertura vacinal do p\u00fablico infantil.<\/p>\n\n\n\n<p>\u201cQuanto mais vacina a gente tiver nos postos de sa\u00fade maior ser\u00e1 a cobertura porque a\u00ed voc\u00ea consegue abrir a vacina\u00e7\u00e3o para todas as faixas et\u00e1rias de uma vez. Al\u00e9m disso, precisamos da conscientiza\u00e7\u00e3o da popula\u00e7\u00e3o e de campanha massivas que reforcem a import\u00e2ncia da imuniza\u00e7\u00e3o infantil\u201d \u2013 ressalta o especialista.<\/p>\n\n\n\n<p>Para Kfouri alguns fatores como o n\u00famero insuficiente de doses distribu\u00eddas pelo Minist\u00e9rio da Sa\u00fade e o aumento de casos de Covid, inclusive, entre crian\u00e7as t\u00eam atrapalhado a ades\u00e3o \u00e0 campanha de imuniza\u00e7\u00e3o.<\/p>\n\n\n\n<p>\u201cA primeira metade (da campanha) foi praticamente com uma vacina s\u00f3 (Pfizer), com pouqu\u00edssimas doses. Ainda que a Coronavac j\u00e1 tenha chegado em todos os estados, a cobertura vacinal ainda est\u00e1 muito desigual. Outro fato importante que colabora (para a baixa ades\u00e3o) \u00e9 o tanto de caso de Covid-19. Muitos pais se contaminaram e, por isso, n\u00e3o puderam sair para levar os filhos para vacinar. Al\u00e9m disso, muitas crian\u00e7as que tiveram a Covid no in\u00edcio t\u00eam que esperar 30 dias para tomar a vacina\u201d \u2013 explica Kfouri.<\/p>\n\n\n\n<p>Outros fatores que v\u00eam interferindo na vacina\u00e7\u00e3o das crian\u00e7as s\u00e3o a exig\u00eancia de prescri\u00e7\u00e3o m\u00e9dica ou assinatura de termo de autoriza\u00e7\u00e3o, como \u00e9 o caso das cidades de Japeri, no Rio de Janeiro e Lagoa Santa, em Minas Gerais.<\/p>\n\n\n\n<p>Em nota, a Prefeitura de Japeri informou que a assinatura do termo de autoriza\u00e7\u00e3o s\u00f3 \u00e9 exigida caso a crian\u00e7a esteja acompanhada por terceiros, como recomenda o Minist\u00e9rio da Sa\u00fade. Mas a medida contraria uma recomenda\u00e7\u00e3o do Minist\u00e9rio P\u00fablico do Estado do Rio de Janeiro.<\/p>\n\n\n\n<p>J\u00e1 a prefeitura de Lagoa Santa afirma que o termo de autoriza\u00e7\u00e3o \u00e9 somente no caso de pais ou respons\u00e1veis ausentes. Kfouri considera essas medidas um desservi\u00e7o dos \u00f3rg\u00e3os p\u00fablicos, porque comprometem ainda mais o avan\u00e7o da campanha.<\/p>\n\n\n\n<p>\u201cA gente tem muita propaganda contra. O pr\u00f3prio Minist\u00e9rio (Sa\u00fade), sempre que pode, coloca empecilhos, refor\u00e7a que a vacina \u00e9 pra quem quiser e isso atrapalha.\u201d<\/p>\n\n\n\n<p>FONTE: Cnnbrasil.com.br\/<\/p>\n","protected":false},"excerpt":{"rendered":"<p>Em algumas cidades como Porto Velho, Fortaleza, Recife e Belo Horizonte a cobertura vacinal das crian\u00e7as entre 5 e 11 anos n\u00e3o chega a 20% do p\u00fablico-alvo Em pelo menos 11 capitais e no Distrito Federal, a campanha de imuniza\u00e7\u00e3o infantil contra a&nbsp;Covid-19&nbsp;ainda n\u00e3o alcan\u00e7ou 50% do p\u00fablico-alvo (crian\u00e7as de 5 a 11 anos). A vacina\u00e7\u00e3o foi iniciada h\u00e1 pouco [&hellip;]<\/p>\n","protected":false},"author":1,"featured_media":7077,"comment_status":"closed","ping_status":"","sticky":false,"template":"","format":"standard","meta":{"footnotes":""},"categories":[3],"tags":[],"class_list":["post-7076","post","type-post","status-publish","format-standard","has-post-thumbnail","hentry","category-noticias"],"_links":{"self":[{"href":"https:\/\/portalpraties.com.br\/site\/wp-json\/wp\/v2\/posts\/7076","targetHints":{"allow":["GET"]}}],"collection":[{"href":"https:\/\/portalpraties.com.br\/site\/wp-json\/wp\/v2\/posts"}],"about":[{"href":"https:\/\/portalpraties.com.br\/site\/wp-json\/wp\/v2\/types\/post"}],"author":[{"embeddable":true,"href":"https:\/\/portalpraties.com.br\/site\/wp-json\/wp\/v2\/users\/1"}],"replies":[{"embeddable":true,"href":"https:\/\/portalpraties.com.br\/site\/wp-json\/wp\/v2\/comments?post=7076"}],"version-history":[{"count":1,"href":"https:\/\/portalpraties.com.br\/site\/wp-json\/wp\/v2\/posts\/7076\/revisions"}],"predecessor-version":[{"id":7078,"href":"https:\/\/portalpraties.com.br\/site\/wp-json\/wp\/v2\/posts\/7076\/revisions\/7078"}],"wp:featuredmedia":[{"embeddable":true,"href":"https:\/\/portalpraties.com.br\/site\/wp-json\/wp\/v2\/media\/7077"}],"wp:attachment":[{"href":"https:\/\/portalpraties.com.br\/site\/wp-json\/wp\/v2\/media?parent=7076"}],"wp:term":[{"taxonomy":"category","embeddable":true,"href":"https:\/\/portalpraties.com.br\/site\/wp-json\/wp\/v2\/categories?post=7076"},{"taxonomy":"post_tag","embeddable":true,"href":"https:\/\/portalpraties.com.br\/site\/wp-json\/wp\/v2\/tags?post=7076"}],"curies":[{"name":"wp","href":"https:\/\/api.w.org\/{rel}","templated":true}]}}