{"id":7079,"date":"2022-02-06T03:03:27","date_gmt":"2022-02-06T03:03:27","guid":{"rendered":"http:\/\/portalpraties.com.br\/site\/?p=7079"},"modified":"2022-02-06T03:03:27","modified_gmt":"2022-02-06T03:03:27","slug":"campeonato-mineiro-2022-veja-a-tabela-completa-e-quando-comeca-o-mineirao-para-atletico-mg-e-cruzeiro","status":"publish","type":"post","link":"https:\/\/portalpraties.com.br\/site\/2022\/02\/06\/campeonato-mineiro-2022-veja-a-tabela-completa-e-quando-comeca-o-mineirao-para-atletico-mg-e-cruzeiro\/","title":{"rendered":"Campeonato Mineiro 2022: veja a tabela completa e quando come\u00e7a o Mineir\u00e3o para Atl\u00e9tico-MG e Cruzeiro"},"content":{"rendered":"\n<h2 class=\"wp-block-heading\" id=\"o-atual-campeao-mineiro-e-o-atletico-mg-que-no-ano-passado-tambem-conquistou-a-copa-do-brasil-e-a-libertadores\">O atual campe\u00e3o mineiro \u00e9 o Atl\u00e9tico-MG, que no ano passado, tamb\u00e9m conquistou a Copa do Brasil e a Libertadores<\/h2>\n\n\n\n<p>O Campeonato Mineiro 2022 come\u00e7a nesta ter\u00e7a-feira (25). Mas n\u00e3o \u00e9 com jogos do Cruzeiro e Atl\u00e9tico-MG. A partida de abertura \u00e9 entre a Caldense e o Am\u00e9rica-MG, \u00e0s 21h, no est\u00e1dio Ronald\u00e3o.<\/p>\n\n\n\n<p>A estreia do Cruzeiro acontece nesta quarta-feira, diante do URT, \u00e0s 17h, no Independ\u00eancia. Esse ser\u00e1 o primeiro Estadual da Raposa sob o comando de Ronaldo Fen\u00f4meno.<\/p>\n\n\n\n<p>O Atl\u00e9tico-MG estreia no mesmo dia do principal rival. O Galo visita o Vila Nova, \u00e0s 19h, no est\u00e1dio Castor Cifuentes. Confira abaixo a tabela completa da primeira fase do Campeonato Mineiro.<\/p>\n\n\n\n<h2 class=\"wp-block-heading\" id=\"confira-a-tabela-do-mineiro\">CONFIRA A TABELA DO MINEIRO<\/h2>\n\n\n\n<p><strong>1\u00aa rodada<\/strong><\/p>\n\n\n\n<p><strong>25 de janeiro<\/strong><br>Caldense x Am\u00e9rica<\/p>\n\n\n\n<p><strong>26 de janeiro<\/strong><br>Villa Nova x Atl\u00e9tico<br>Uberl\u00e2ndia x Athletic<br>Cruzeiro x URT<br>Democrata-GV x Patrocinense<br>Tombense x Pouso Alegre<\/p>\n\n\n\n<p><strong>2\u00aa rodada<\/strong><\/p>\n\n\n\n<p><strong>29 de janeiro<\/strong><br>Atl\u00e9tico x Tombense<\/p>\n\n\n\n<p><strong>30 de janeiro<\/strong><br>Athletic x Cruzeiro<br>Am\u00e9rica x Democrata-GV<br>URT x Caldense<br>Patrocinense x Uberl\u00e2ndia<br>Pouso Alegre x Villa Nova<\/p>\n\n\n\n<p><strong>3\u00aa rodada<\/strong><\/p>\n\n\n\n<p><strong>2 de fevereiro<\/strong><br>Cruzeiro x Am\u00e9rica<br>Uberl\u00e2ndia x Atl\u00e9tico<br>Pouso Alegre x Athletic<br>Caldense x Tombense<br>Patrocinense x URT<br>Villa Nova x Democrata-GV<\/p>\n\n\n\n<p><strong>4\u00aa rodada<\/strong><\/p>\n\n\n\n<p><strong>5 de fevereiro<\/strong><br>Democrata-GV x Pouso Alegre<br>Caldense x Cruzeiro<br>Am\u00e9rica x Athletic<\/p>\n\n\n\n<p><strong>6 de fevereiro<\/strong><br>Atl\u00e9tico x Patrocinense<br>Tombense x Villa Nova<br>URT x Uberl\u00e2ndia<\/p>\n\n\n\n<p><br><strong>5\u00aa rodada<\/strong><\/p>\n\n\n\n<p><strong>8 de fevereiro<\/strong><br>Pouso Alegre x Am\u00e9rica<\/p>\n\n\n\n<p><strong>9 de fevereiro<\/strong><br>Cruzeiro x Democrata-GV<br>URT x Atl\u00e9tico<br>Patrocinense x Caldense<br>AAthletic x Tombense<br>Uberl\u00e2ndia x Villa Nova<\/p>\n\n\n\n<p><strong>6\u00aa rodada<\/strong><\/p>\n\n\n\n<p><strong>12 de janeiro<\/strong><br>Am\u00e9rica x Atl\u00e9tico<br>Athletic x Patrocinense<br>Democrata-GV x Uberl\u00e2ndia<\/p>\n\n\n\n<p><strong>13 de fevereiro<\/strong><br>Caldense x Pouso Alegre<br>Tombense x Cruzeiro<br>Villa Nova x URT<\/p>\n\n\n\n<p><strong>7\u00aa rodada<\/strong><\/p>\n\n\n\n<p>15 de fevereiro<br>Atl\u00e9tico x Athletic<\/p>\n\n\n\n<p><strong>16 de fevereiro<\/strong><br>Cruzeiro x Uberl\u00e2ndia<br>Am\u00e9rica x Patrocinense<br>Pouso Alegre x URT<br>Democrata-GV x Tombense<br>Villa Nova x Caldense<\/p>\n\n\n\n<p><strong>8\u00aa rodada<\/strong><\/p>\n\n\n\n<p><strong>19 de fevereiro<\/strong><br>Athletic x Democrata-GV<br>URT x Am\u00e9rica<\/p>\n\n\n\n<p><strong>20 de fevereiro<\/strong><br>Patrocinense x Tombense<br>Pouso Alegre x Atl\u00e9tico<br>Cruzeiro x Villa Nova<br>Uberl\u00e2ndia x Caldense<\/p>\n\n\n\n<p><br><strong>9\u00aa rodada<\/strong><\/p>\n\n\n\n<p><strong>5 de mar\u00e7o<\/strong><br>Athletic x URT<br>Tombense x Uberl\u00e2ndia<br>Am\u00e9rica x Villa Nova<\/p>\n\n\n\n<p><strong>6 de mar\u00e7o<\/strong><br>Atl\u00e9tico x Cruzeiro<br>Caldense x Democrata-GV<br>Patrocinense x Pouso Alegre<\/p>\n\n\n\n<p><br><strong>10\u00aa rodada<\/strong><\/p>\n\n\n\n<p><strong>12 de mar\u00e7o<\/strong><br>Tombense x URT<br>Democrata-GV x Atl\u00e9tico<\/p>\n\n\n\n<p><strong>13 de mar\u00e7o<\/strong><br>Cruzeiro x Pouso Alegre<br>Caldense x Athletic<br>Uberl\u00e2ndia x Am\u00e9rica<br>Villa Nova x Patrocinense<\/p>\n\n\n\n<p><strong>11\u00aa rodada<\/strong><\/p>\n\n\n\n<p><strong>19 de mar\u00e7o<\/strong><br>Atl\u00e9tico x Caldense<br>Am\u00e9rica x Tombense<br>Athletic x Villa Nova<br>Patrocinense x Cruzeiro<br>Pouso Alegre x Uberl\u00e2ndia<br>URT x Democrata-GV<\/p>\n\n\n\n<figure class=\"wp-block-image size-full\"><img fetchpriority=\"high\" decoding=\"async\" width=\"912\" height=\"516\" src=\"https:\/\/portalpraties.com.br\/site\/wp-content\/uploads\/2022\/02\/cruzeiro-v-atletico-mg-brasileirao-series-a-2018-5d2dc10ee3e9fd59ab000001.jpg\" alt=\"\" class=\"wp-image-7081\" srcset=\"https:\/\/portalpraties.com.br\/site\/wp-content\/uploads\/2022\/02\/cruzeiro-v-atletico-mg-brasileirao-series-a-2018-5d2dc10ee3e9fd59ab000001.jpg 912w, https:\/\/portalpraties.com.br\/site\/wp-content\/uploads\/2022\/02\/cruzeiro-v-atletico-mg-brasileirao-series-a-2018-5d2dc10ee3e9fd59ab000001-300x170.jpg 300w, https:\/\/portalpraties.com.br\/site\/wp-content\/uploads\/2022\/02\/cruzeiro-v-atletico-mg-brasileirao-series-a-2018-5d2dc10ee3e9fd59ab000001-768x435.jpg 768w\" sizes=\"(max-width: 912px) 100vw, 912px\" \/><\/figure>\n\n\n\n<p>FONTE: ge.globo.com<\/p>\n","protected":false},"excerpt":{"rendered":"<p>O atual campe\u00e3o mineiro \u00e9 o Atl\u00e9tico-MG, que no ano passado, tamb\u00e9m conquistou a Copa do Brasil e a Libertadores O Campeonato Mineiro 2022 come\u00e7a nesta ter\u00e7a-feira (25). Mas n\u00e3o \u00e9 com jogos do Cruzeiro e Atl\u00e9tico-MG. A partida de abertura \u00e9 entre a Caldense e o Am\u00e9rica-MG, \u00e0s 21h, no est\u00e1dio Ronald\u00e3o. A estreia do Cruzeiro acontece nesta quarta-feira, [&hellip;]<\/p>\n","protected":false},"author":1,"featured_media":7080,"comment_status":"closed","ping_status":"","sticky":false,"template":"","format":"standard","meta":{"footnotes":""},"categories":[3],"tags":[],"class_list":["post-7079","post","type-post","status-publish","format-standard","has-post-thumbnail","hentry","category-noticias"],"_links":{"self":[{"href":"https:\/\/portalpraties.com.br\/site\/wp-json\/wp\/v2\/posts\/7079","targetHints":{"allow":["GET"]}}],"collection":[{"href":"https:\/\/portalpraties.com.br\/site\/wp-json\/wp\/v2\/posts"}],"about":[{"href":"https:\/\/portalpraties.com.br\/site\/wp-json\/wp\/v2\/types\/post"}],"author":[{"embeddable":true,"href":"https:\/\/portalpraties.com.br\/site\/wp-json\/wp\/v2\/users\/1"}],"replies":[{"embeddable":true,"href":"https:\/\/portalpraties.com.br\/site\/wp-json\/wp\/v2\/comments?post=7079"}],"version-history":[{"count":1,"href":"https:\/\/portalpraties.com.br\/site\/wp-json\/wp\/v2\/posts\/7079\/revisions"}],"predecessor-version":[{"id":7082,"href":"https:\/\/portalpraties.com.br\/site\/wp-json\/wp\/v2\/posts\/7079\/revisions\/7082"}],"wp:featuredmedia":[{"embeddable":true,"href":"https:\/\/portalpraties.com.br\/site\/wp-json\/wp\/v2\/media\/7080"}],"wp:attachment":[{"href":"https:\/\/portalpraties.com.br\/site\/wp-json\/wp\/v2\/media?parent=7079"}],"wp:term":[{"taxonomy":"category","embeddable":true,"href":"https:\/\/portalpraties.com.br\/site\/wp-json\/wp\/v2\/categories?post=7079"},{"taxonomy":"post_tag","embeddable":true,"href":"https:\/\/portalpraties.com.br\/site\/wp-json\/wp\/v2\/tags?post=7079"}],"curies":[{"name":"wp","href":"https:\/\/api.w.org\/{rel}","templated":true}]}}