{"id":7168,"date":"2022-03-06T00:28:37","date_gmt":"2022-03-06T00:28:37","guid":{"rendered":"http:\/\/portalpraties.com.br\/site\/?p=7168"},"modified":"2022-03-06T00:28:37","modified_gmt":"2022-03-06T00:28:37","slug":"guerra-na-ucrania-contexto-motivos-e-o-mais-importante-quem-vai-negociar-a-paz","status":"publish","type":"post","link":"https:\/\/portalpraties.com.br\/site\/2022\/03\/06\/guerra-na-ucrania-contexto-motivos-e-o-mais-importante-quem-vai-negociar-a-paz\/","title":{"rendered":"Guerra na Ucr\u00e2nia: contexto, motivos e, o mais importante, quem vai negociar a paz?"},"content":{"rendered":"\n<h2 class=\"wp-block-heading\">At\u00e9 o final de 2021 n\u00e3o havia uma a\u00e7\u00e3o concreta que exigisse\u00a0uma contra-a\u00e7\u00e3o<\/h2>\n\n\n\n<p>Quando teve in\u00edcio a ofensiva militar russa contra a Ucr\u00e2nia, falou-se muito do contexto hist\u00f3rico: a humilha\u00e7\u00e3o imposta \u00e0 R\u00fassia na d\u00e9cada de 1990, a expans\u00e3o ofensiva da\u00a0Organiza\u00e7\u00e3o do Tratado do Atl\u00e2ntico Norte (OTAN)\u00a0para o leste, indo\u00a0at\u00e9 as fronteiras da R\u00fassia em 1999 e em 2004, os precedentes da invas\u00e3o militar em Georgia (2008), a anexa\u00e7\u00e3o da Crimeia (2014), e\u00a0at\u00e9 o n\u00e3o comprimento dos Acordos de Minsk (2014\/2015), que previam autonomia e elei\u00e7\u00f5es para as prov\u00edncias rebeldes de Donetsk e Lugansk. Uma hist\u00f3ria complexa que pode ser analisada e reanalisada ainda por muito tempo.<\/p>\n\n\n\n<blockquote class=\"wp-block-quote is-layout-flow wp-block-quote-is-layout-flow\"><p><em>Invas\u00e3o aterroriza a popula\u00e7\u00e3o, provoca sofrimento humano, mortes entre civis e centenas de milhares de refugiados<\/em>&nbsp;<\/p><\/blockquote>\n\n\n\n<p>Mas a invas\u00e3o \u00e9 outra coisa. \u00c9 uma situa\u00e7\u00e3o\u00a0que necessariamente aterroriza a popula\u00e7\u00e3o, provoca sofrimento humano, mortes entre civis e centenas de milhares de refugiados. Quem esperava por isso? As in\u00fameras entrevistas com moradores locais mostram que eles n\u00e3o imaginavam que ia chegar a tanto, as embaixadas n\u00e3o tinham planos de evacua\u00e7\u00e3o das suas popula\u00e7\u00f5es, os mercados financeiros n\u00e3o tinham feito\u00a0<em>hedge<\/em>\u00a0(prote\u00e7\u00e3o contra as poss\u00edveis turbul\u00eancias causadas por uma guerra).<\/p>\n\n\n\n<p>\u00c9 verdade que o presidente dos EUA, Joe Biden, tinha falado que iam haver bombardeios a Kiev, mas isso era tido&nbsp;como parte da&nbsp;propaganda anti-russa. Talvez a intelig\u00eancia estadunidense tenha estado&nbsp;certa&nbsp;dessa vez, ou talvez tenha havido uma coincid\u00eancia de fatos&#8230; Mas isso \u00e9 irrelevante a essa altura.<\/p>\n\n\n\n<h2 class=\"wp-block-heading\"><strong>O contexto hist\u00f3rico justifica a invas\u00e3o?<\/strong><\/h2>\n\n\n\n<p>De nenhuma forma. Como bem disse o presidente Luiz In\u00e1cio Lula da Silva \u201c\u00e9\u00a0lament\u00e1vel que, na segunda d\u00e9cada do s\u00e9culo 21, a gente tenha pa\u00edses tentando resolver suas diverg\u00eancias territoriais, pol\u00edticas ou comerciais atrav\u00e9s de bombas, tiros e ataques, quando deveria ter sido resolvido em uma mesa de negocia\u00e7\u00e3o. Ningu\u00e9m pode concordar com guerra, ningu\u00e9m pode concordar com ataques militares de um pa\u00eds sobre outro.\u201d<\/p>\n\n\n\n<p>Tamb\u00e9m esta n\u00e3o pode ser considerada&nbsp;uma guerra de leg\u00edtima defesa, porque n\u00e3o havia agress\u00f5es ou ataques iminentes ao territ\u00f3rio russo. Muito menos pode ser considerada&nbsp;uma guerra que visa a liberta\u00e7\u00e3o dos povos. A Ucr\u00e2nia tem um territ\u00f3rio duas vezes o da It\u00e1lia, logo \u00e9 uma opera\u00e7\u00e3o militar que exige muito planejamento. A invas\u00e3o&nbsp;n\u00e3o parece ter sido um plano B, que entrou em opera\u00e7\u00e3o diante do esgotamento das negocia\u00e7\u00f5es. Ali\u00e1s, estas nem estavam esgotadas.<\/p>\n\n\n\n<p>Diante da demonstra\u00e7\u00e3o de for\u00e7a russa e das exig\u00eancias, leg\u00edtimas diga-se de passagem, houve uma abertura por parte da Fran\u00e7a e Alemanha para renegociar os Acordos de Minsk, e houve at\u00e9 um bal\u00e3o de ensaio do Embaixador da Ucr\u00e2nia, em Londres, falando da possibilidade se negociar a neutralidade da Ucr\u00e2nia.<\/p>\n\n\n\n<p>Como explicar o&nbsp;<em>timing<\/em>? O mundo come\u00e7ou a perceber movimentos at\u00edpicos no final do ano passado. At\u00e9 ent\u00e3o, n\u00e3o havia uma a\u00e7\u00e3o concreta que exigisse&nbsp;uma contra-a\u00e7\u00e3o.<\/p>\n\n\n\n<p>A entrada da Ucr\u00e2nia na OTAN n\u00e3o estava em pauta e havia o veto expresso a essa entrada,&nbsp;feito pela Alemanha, durante o&nbsp;encontro de c\u00fapula da OTAN, em Bucareste em 2008,&nbsp;e reconfirmado pela ent\u00e3o primeira-ministra Angela Merkel, em 2014. S\u00f3 depois, em 2019, a Ucr\u00e2nia&nbsp;colocou&nbsp;esse objetivo na sua constitui\u00e7\u00e3o. Antes, tamb\u00e9m n\u00e3o havia nenhuma movimenta\u00e7\u00e3o de refor\u00e7o de&nbsp;tropas ou instala\u00e7\u00e3o de armas ofensivas no territ\u00f3rio dos pa\u00edses membros da OTAN.<\/p>\n\n\n\n<h2 class=\"wp-block-heading\"><strong>::\u00a0Entrada da Ucr\u00e2nia na Otan est\u00e1 &#8220;fora da agenda&#8221;, diz chanceler alem\u00e3o em Kiev\u00a0::<\/strong><\/h2>\n\n\n\n<p>Em uma entrevista coletiva em Moscou,&nbsp;Olaf Scholz, atual primeiro-ministro alem\u00e3o, reiterou que a entrada da Ucr\u00e2nia na OTAN n\u00e3o estava na agenda. O presidente Putin respondeu que queria garantias formais \u201cantes que seja tarde demais\u201d. Ou seja, havia pelo jeito um senso de oportunidade para for\u00e7ar uma repactua\u00e7\u00e3o da rela\u00e7\u00e3o com a OTAN. Ao final, o pr\u00f3prio Putin tinha, desde seu famoso discurso na Confer\u00eancia de Seguran\u00e7a em Munique,&nbsp;em 2007, deixado claro que havia uma insatisfa\u00e7\u00e3o por parte da R\u00fassia com o&nbsp;<em>status quo<\/em>.<\/p>\n\n\n\n<p>Pode se especular quatro fatores que em conjunto criaram a sensa\u00e7\u00e3o de haver um momento oportuno para for\u00e7ar essa repactua\u00e7\u00e3o. Primeiro,\u00a0a queda brutal da popularidade do governo Joe Biden e a consolida\u00e7\u00e3o de fortes polariza\u00e7\u00f5es internas nos EUA.<\/p>\n\n\n\n<p>Em segundo, a queda tamb\u00e9m enorme de popularidade do presidente Zelensky que manteve, ap\u00f3s sua elei\u00e7\u00e3o em 2019, uma alta aprova\u00e7\u00e3o por um tempo (em torno de 70%), mas que por motivos internos (contas n\u00e3o declaradas no exterior, brigas internas em&nbsp;seu agrupamento pol\u00edtico e sua incapacidade de pacificar a situa\u00e7\u00e3o em Donbass) caiu para menos de 30% no ano passado.<\/p>\n\n\n\n<h2 class=\"wp-block-heading\"><strong>::\u00a0Saiba quem \u00e9 Volodymyr Zelensky e como ele foi de comediante televisivo a presidente da Ucr\u00e2nia\u00a0::<\/strong><\/h2>\n\n\n\n<p>Al\u00e9m disso,&nbsp;havia uma incapacidade do governo Biden de rearticular a unidade no Atl\u00e2ntico Norte depois das fortes desconfian\u00e7as entre os aliados durante o governo Trump, em particular com a Alemanha de Merkel. Biden tinha prometido revigorar a alian\u00e7a, mas se atropelou com a ca\u00f3tica sa\u00edda da capital afeg\u00e3, Cabul&nbsp; -lembrando que a invas\u00e3o do&nbsp;Afeganist\u00e3o, em 2001, foi no primeiro momento uma a\u00e7\u00e3o da OTAN, sem aval da ONU, que veio s\u00f3 em seguida, justificado com o direito da legitima defesa, artigo 5 da OTAN -, que pegou mal entre os pa\u00edses europeus que tamb\u00e9m estavam com tropas no Oriente M\u00e9dio.<\/p>\n\n\n\n<p>O quarto e\u00a0\u00faltimo fator foi:\u00a0a\u00a0elei\u00e7\u00e3o\u00a0na Alemanha. O pleito de 2021\u00a0fortaleceu partidos com posicionamentos muito cr\u00edticos \u00e0\u00a0R\u00fassia, em particular os Verdes, mas tamb\u00e9m os liberais (FDP), que passaram a ocupar posi\u00e7\u00f5es importantes no governo. Estava acabando a era Merkel, que era marcada pela busca de um entendimento e uma vis\u00e3o de mais longo prazo, visando garantir a estabilidade, a paz e a prosperidade na regi\u00e3o da euroasi\u00e1tica.<\/p>\n\n\n\n<h2 class=\"wp-block-heading\">Quem vai intermediar a paz?<\/h2>\n\n\n\n<p>Contr\u00e1rio \u00e0 propaganda\u00a0de que o mundo inteiro estaria unido com as posi\u00e7\u00e3o dos EUA e da OTAN, temos a posi\u00e7\u00e3o de\u00a0China, Turquia, Paquist\u00e3o, entre outros pa\u00edses importantes. E haveria o eixo do Brics com \u00cdndia e Brasil. Este \u00faltimo, por\u00e9m, neste momento sem lideran\u00e7a com capacidade ou credibilidade para participar de\u00a0um esfor\u00e7o como este.<\/p>\n\n\n\n<p>Fonte: basildefato.com.br<\/p>\n","protected":false},"excerpt":{"rendered":"<p>At\u00e9 o final de 2021 n\u00e3o havia uma a\u00e7\u00e3o concreta que exigisse\u00a0uma contra-a\u00e7\u00e3o Quando teve in\u00edcio a ofensiva militar russa contra a Ucr\u00e2nia, falou-se muito do contexto hist\u00f3rico: a humilha\u00e7\u00e3o imposta \u00e0 R\u00fassia na d\u00e9cada de 1990, a expans\u00e3o ofensiva da\u00a0Organiza\u00e7\u00e3o do Tratado do Atl\u00e2ntico Norte (OTAN)\u00a0para o leste, indo\u00a0at\u00e9 as fronteiras da R\u00fassia em 1999 e em 2004, os [&hellip;]<\/p>\n","protected":false},"author":1,"featured_media":7169,"comment_status":"closed","ping_status":"","sticky":false,"template":"","format":"standard","meta":{"footnotes":""},"categories":[3],"tags":[],"class_list":["post-7168","post","type-post","status-publish","format-standard","has-post-thumbnail","hentry","category-noticias"],"_links":{"self":[{"href":"https:\/\/portalpraties.com.br\/site\/wp-json\/wp\/v2\/posts\/7168","targetHints":{"allow":["GET"]}}],"collection":[{"href":"https:\/\/portalpraties.com.br\/site\/wp-json\/wp\/v2\/posts"}],"about":[{"href":"https:\/\/portalpraties.com.br\/site\/wp-json\/wp\/v2\/types\/post"}],"author":[{"embeddable":true,"href":"https:\/\/portalpraties.com.br\/site\/wp-json\/wp\/v2\/users\/1"}],"replies":[{"embeddable":true,"href":"https:\/\/portalpraties.com.br\/site\/wp-json\/wp\/v2\/comments?post=7168"}],"version-history":[{"count":1,"href":"https:\/\/portalpraties.com.br\/site\/wp-json\/wp\/v2\/posts\/7168\/revisions"}],"predecessor-version":[{"id":7170,"href":"https:\/\/portalpraties.com.br\/site\/wp-json\/wp\/v2\/posts\/7168\/revisions\/7170"}],"wp:featuredmedia":[{"embeddable":true,"href":"https:\/\/portalpraties.com.br\/site\/wp-json\/wp\/v2\/media\/7169"}],"wp:attachment":[{"href":"https:\/\/portalpraties.com.br\/site\/wp-json\/wp\/v2\/media?parent=7168"}],"wp:term":[{"taxonomy":"category","embeddable":true,"href":"https:\/\/portalpraties.com.br\/site\/wp-json\/wp\/v2\/categories?post=7168"},{"taxonomy":"post_tag","embeddable":true,"href":"https:\/\/portalpraties.com.br\/site\/wp-json\/wp\/v2\/tags?post=7168"}],"curies":[{"name":"wp","href":"https:\/\/api.w.org\/{rel}","templated":true}]}}