{"id":7171,"date":"2022-03-06T00:33:50","date_gmt":"2022-03-06T00:33:50","guid":{"rendered":"http:\/\/portalpraties.com.br\/site\/?p=7171"},"modified":"2022-03-06T00:33:50","modified_gmt":"2022-03-06T00:33:50","slug":"fmf-marca-tombense-x-atletico-mg-para-sabado-no-independencia-cruzeiro-x-america-mg-sera-domingo","status":"publish","type":"post","link":"https:\/\/portalpraties.com.br\/site\/2022\/03\/06\/fmf-marca-tombense-x-atletico-mg-para-sabado-no-independencia-cruzeiro-x-america-mg-sera-domingo\/","title":{"rendered":"FMF marca Tombense x Atl\u00e9tico-MG para s\u00e1bado, no Independ\u00eancia; Cruzeiro x Am\u00e9rica-MG ser\u00e1 domingo"},"content":{"rendered":"\n<h2 class=\"wp-block-heading\">Semifinais do Campeonato Mineiro come\u00e7am no pr\u00f3ximo final de semana, com a decis\u00e3o dos finalistas nos dias 8 e 9 de maio; Atl\u00e9tico e Am\u00e9rica entram com vantagem<\/h2>\n\n\n\n<p>Est\u00e3o definidas as datas dos jogos de ida das semifinais do Campeonato Mineiro. Nesta segunda-feira, a Federa\u00e7\u00e3o Mineira de Futebol confirmou a realiza\u00e7\u00e3o de Tombense x Atl\u00e9tico-MG para s\u00e1bado, no Independ\u00eancia, com mando da equipe de Tombos, \u00e0s 16h30 (de Bras\u00edlia). O cl\u00e1ssico entre Cruzeiro e Am\u00e9rica ser\u00e1 domingo, no Mineir\u00e3o, \u00e0s 16h, com transmiss\u00e3o da Globo em Minas.<\/p>\n\n\n\n<p>Neste ano, o regulamento da competi\u00e7\u00e3o n\u00e3o impede que a semifinal seja realizada em est\u00e1dios com capacidade inferior a 10 mil torcedores. No entanto, o presidente do Tombense j\u00e1 havia informado ao\u00a0<strong>ge<\/strong>, nesta segunda,\u00a0<strong>sobre a possibilidade de a semifinal n\u00e3o ser no Almeid\u00e3o<\/strong>, em fun\u00e7\u00e3o do posicionamento das c\u00e2meras, que atrapalhariam o funcionamento do VAR.<\/p>\n\n\n\n<p>As partidas de volta tamb\u00e9m est\u00e3o com datas confirmada. Atl\u00e9tico e Tombense jogam no s\u00e1bado, dia 8 de maio, no Mineir\u00e3o. Dia 9, o Am\u00e9rica receber\u00e1 o Cruzeiro no Independ\u00eancia.<\/p>\n\n\n\n<p>Ta\u00e7a do Campeonato Mineiro \u2014 Foto: Cristiane Mattos \/ FMF<\/p>\n\n\n\n<p>Por terem classificado em primeiro e segundo, respectivamente, Atl\u00e9tico e Am\u00e9rica entram na semifinal com vantagem. Ambos avan\u00e7am se empatarem os dois jogos ou se tiverem uma vit\u00f3ria e uma derrota pela mesma diferen\u00e7a de gols. Os gols marcados fora de casa n\u00e3o s\u00e3o crit\u00e9rio de desempate.<\/p>\n\n\n\n<p>Tombense e Atl\u00e9tico reeditam a final do Mineiro de 2020, quando o alvinegro se sagrou campe\u00e3o com vit\u00f3rias 1 a 0 e 2 a 0. Na ocasi\u00e3o, a equipe do interior chegou com a vantagem que este ano \u00e9 do Galo, por ter terminado a fase classificat\u00f3ria na lideran\u00e7a. Na atual temporada, o \u00fanico encontro entre eles foi no Almeid\u00e3o e teve vit\u00f3ria do time da capital por 2 a 1, de virada.<\/p>\n\n\n\n<p>Cruzeiro e Am\u00e9rica tiveram confrontos equilibrados nas temporadas 2020 e 2021. Ano passado, uma vit\u00f3ria para cada lado (na S\u00e9rie B) e um empate (na fase inicial do Mineiro). Este ano, vit\u00f3ria do Coelho por 1 a 0, no Independ\u00eancia, no \u00fanico encontro dos rivais. Ambos vivem, atualmente, seus melhores momentos na temporada.<\/p>\n\n\n\n<p>Fonte: ge.globo.com<\/p>\n","protected":false},"excerpt":{"rendered":"<p>Semifinais do Campeonato Mineiro come\u00e7am no pr\u00f3ximo final de semana, com a decis\u00e3o dos finalistas nos dias 8 e 9 de maio; Atl\u00e9tico e Am\u00e9rica entram com vantagem Est\u00e3o definidas as datas dos jogos de ida das semifinais do Campeonato Mineiro. Nesta segunda-feira, a Federa\u00e7\u00e3o Mineira de Futebol confirmou a realiza\u00e7\u00e3o de Tombense x Atl\u00e9tico-MG para s\u00e1bado, no Independ\u00eancia, com [&hellip;]<\/p>\n","protected":false},"author":1,"featured_media":7172,"comment_status":"closed","ping_status":"","sticky":false,"template":"","format":"standard","meta":{"footnotes":""},"categories":[3],"tags":[],"class_list":["post-7171","post","type-post","status-publish","format-standard","has-post-thumbnail","hentry","category-noticias"],"_links":{"self":[{"href":"https:\/\/portalpraties.com.br\/site\/wp-json\/wp\/v2\/posts\/7171","targetHints":{"allow":["GET"]}}],"collection":[{"href":"https:\/\/portalpraties.com.br\/site\/wp-json\/wp\/v2\/posts"}],"about":[{"href":"https:\/\/portalpraties.com.br\/site\/wp-json\/wp\/v2\/types\/post"}],"author":[{"embeddable":true,"href":"https:\/\/portalpraties.com.br\/site\/wp-json\/wp\/v2\/users\/1"}],"replies":[{"embeddable":true,"href":"https:\/\/portalpraties.com.br\/site\/wp-json\/wp\/v2\/comments?post=7171"}],"version-history":[{"count":1,"href":"https:\/\/portalpraties.com.br\/site\/wp-json\/wp\/v2\/posts\/7171\/revisions"}],"predecessor-version":[{"id":7173,"href":"https:\/\/portalpraties.com.br\/site\/wp-json\/wp\/v2\/posts\/7171\/revisions\/7173"}],"wp:featuredmedia":[{"embeddable":true,"href":"https:\/\/portalpraties.com.br\/site\/wp-json\/wp\/v2\/media\/7172"}],"wp:attachment":[{"href":"https:\/\/portalpraties.com.br\/site\/wp-json\/wp\/v2\/media?parent=7171"}],"wp:term":[{"taxonomy":"category","embeddable":true,"href":"https:\/\/portalpraties.com.br\/site\/wp-json\/wp\/v2\/categories?post=7171"},{"taxonomy":"post_tag","embeddable":true,"href":"https:\/\/portalpraties.com.br\/site\/wp-json\/wp\/v2\/tags?post=7171"}],"curies":[{"name":"wp","href":"https:\/\/api.w.org\/{rel}","templated":true}]}}