{"id":7266,"date":"2022-03-14T04:11:39","date_gmt":"2022-03-14T04:11:39","guid":{"rendered":"http:\/\/portalpraties.com.br\/site\/?p=7266"},"modified":"2022-03-14T04:11:39","modified_gmt":"2022-03-14T04:11:39","slug":"professores-da-rede-estadual-aprovam-indicativo-de-greve-a-partir-de-8-de-marco","status":"publish","type":"post","link":"https:\/\/portalpraties.com.br\/site\/2022\/03\/14\/professores-da-rede-estadual-aprovam-indicativo-de-greve-a-partir-de-8-de-marco\/","title":{"rendered":"Professores da rede estadual aprovam indicativo de greve a partir de 8 de mar\u00e7o"},"content":{"rendered":"\n<h2 class=\"wp-block-heading\">Principal reivindica\u00e7\u00e3o da categoria \u00e9 o pagamento do piso salarial<\/h2>\n\n\n\n<p>Professores da rede estadual de educa\u00e7\u00e3o aprovaram, nessa ter\u00e7a-feira (15), indicativo de greve a partir de 8 de mar\u00e7o. A reivindica\u00e7\u00e3o da categoria \u00e9 de que o governo pague o piso salarial aos profissionais.<\/p>\n\n\n\n<p>De acordo com o Sindicato \u00danico dos Trabalhadores em Educa\u00e7\u00e3o de Minas Gerais (Sind-UTE MG), haver\u00e1 tamb\u00e9m outras &#8220;a\u00e7\u00f5es de luta&#8221;. \u201cNossa mobiliza\u00e7\u00e3o \u00e9 fundamental para que o governo Zema cumpra com o piso salarial, que \u00e9 um direito constitucional. Refor\u00e7amos que, al\u00e9m de n\u00e3o apresentar nenhuma pol\u00edtica de reajuste salarial, o governo Zema, desde janeiro de 2019, j\u00e1 foi notificado dessa cobran\u00e7a pelo Sindicato. A Educa\u00e7\u00e3o enfrenta um empobrecimento estrutural\u201d, disse a coordenadora geral do sindicato, Denise Romano.<\/p>\n\n\n\n<p>A coordenadora do Sind-UTE alega que o piso da categoria foi reajustado em 2022 e est\u00e1 em R$ 3.845,63, mas, o governo Zema paga aos professores cerca de R$ 2.135.&nbsp;<\/p>\n\n\n\n<p>Segundo o calend\u00e1rio aprovado na assembleia dessa ter\u00e7a, no dia 8 de mar\u00e7o haver\u00e1 nova assembleia estadual, com paralisa\u00e7\u00e3o total das atividades. No dia 16, est\u00e1 previsto o &#8220;Dia Nacional de Paralisa\u00e7\u00e3o com Conselho Geral&#8221;, al\u00e9m de outra assembleia.&nbsp; Haver\u00e1 tamb\u00e9m algumas a\u00e7\u00f5es pontuais, como atos locais e regionais em articula\u00e7\u00e3o com os movimentos sociais, ato p\u00fablico na Cidade Administrativa e intensificar a mobiliza\u00e7\u00e3o, realizar plen\u00e1ria com setores da categoria que ainda n\u00e3o promoveram a atividade, visitas \u00e0s escolas, di\u00e1logo com a sociedade e pressionar deputados para votarem contra o Regime de Recupera\u00e7\u00e3o Fiscal (RRF).<\/p>\n\n\n\n<p><br>Por meio de nota, o governo de Minas informou que &#8220;est\u00e3o sendo discutidas as provid\u00eancias necess\u00e1rias para cumprir o pagamento do novo piso salarial para os servidores da Educa\u00e7\u00e3o, a partir do reajuste publicado pelo Governo Federal&#8221;. &#8220;Sobre o indicativo de greve da categoria, convocada pelo sindicato, em assembleia realizada nesta ter\u00e7a-feira (15), a Secretaria de Estado de Educa\u00e7\u00e3o de Minas Gerais (SEE\/MG) reitera que tem mantido um di\u00e1logo franco e aberto com representantes sindicais e que os canais continuar\u00e3o abertos para que as reivindica\u00e7\u00f5es da categoria possam ser apresentadas e debatidas&#8221;, concluiu.<br>\u00a0<\/p>\n\n\n\n<p>Fonte: otempo.com.br<\/p>\n","protected":false},"excerpt":{"rendered":"<p>Principal reivindica\u00e7\u00e3o da categoria \u00e9 o pagamento do piso salarial Professores da rede estadual de educa\u00e7\u00e3o aprovaram, nessa ter\u00e7a-feira (15), indicativo de greve a partir de 8 de mar\u00e7o. A reivindica\u00e7\u00e3o da categoria \u00e9 de que o governo pague o piso salarial aos profissionais. De acordo com o Sindicato \u00danico dos Trabalhadores em Educa\u00e7\u00e3o de Minas Gerais (Sind-UTE MG), haver\u00e1 [&hellip;]<\/p>\n","protected":false},"author":1,"featured_media":7267,"comment_status":"closed","ping_status":"","sticky":false,"template":"","format":"standard","meta":{"footnotes":""},"categories":[3],"tags":[],"class_list":["post-7266","post","type-post","status-publish","format-standard","has-post-thumbnail","hentry","category-noticias"],"_links":{"self":[{"href":"https:\/\/portalpraties.com.br\/site\/wp-json\/wp\/v2\/posts\/7266","targetHints":{"allow":["GET"]}}],"collection":[{"href":"https:\/\/portalpraties.com.br\/site\/wp-json\/wp\/v2\/posts"}],"about":[{"href":"https:\/\/portalpraties.com.br\/site\/wp-json\/wp\/v2\/types\/post"}],"author":[{"embeddable":true,"href":"https:\/\/portalpraties.com.br\/site\/wp-json\/wp\/v2\/users\/1"}],"replies":[{"embeddable":true,"href":"https:\/\/portalpraties.com.br\/site\/wp-json\/wp\/v2\/comments?post=7266"}],"version-history":[{"count":1,"href":"https:\/\/portalpraties.com.br\/site\/wp-json\/wp\/v2\/posts\/7266\/revisions"}],"predecessor-version":[{"id":7268,"href":"https:\/\/portalpraties.com.br\/site\/wp-json\/wp\/v2\/posts\/7266\/revisions\/7268"}],"wp:featuredmedia":[{"embeddable":true,"href":"https:\/\/portalpraties.com.br\/site\/wp-json\/wp\/v2\/media\/7267"}],"wp:attachment":[{"href":"https:\/\/portalpraties.com.br\/site\/wp-json\/wp\/v2\/media?parent=7266"}],"wp:term":[{"taxonomy":"category","embeddable":true,"href":"https:\/\/portalpraties.com.br\/site\/wp-json\/wp\/v2\/categories?post=7266"},{"taxonomy":"post_tag","embeddable":true,"href":"https:\/\/portalpraties.com.br\/site\/wp-json\/wp\/v2\/tags?post=7266"}],"curies":[{"name":"wp","href":"https:\/\/api.w.org\/{rel}","templated":true}]}}