{"id":7269,"date":"2022-03-14T04:14:40","date_gmt":"2022-03-14T04:14:40","guid":{"rendered":"http:\/\/portalpraties.com.br\/site\/?p=7269"},"modified":"2022-03-14T04:14:40","modified_gmt":"2022-03-14T04:14:40","slug":"greve-dos-policiais-apos-9h-de-protesto-manifestacao-e-encerrada-em-bh","status":"publish","type":"post","link":"https:\/\/portalpraties.com.br\/site\/2022\/03\/14\/greve-dos-policiais-apos-9h-de-protesto-manifestacao-e-encerrada-em-bh\/","title":{"rendered":"Greve dos policiais: ap\u00f3s 9h de protesto, manifesta\u00e7\u00e3o \u00e9 encerrada em BH"},"content":{"rendered":"\n<h2 class=\"wp-block-heading\">Ato dos agentes das for\u00e7as de seguran\u00e7a come\u00e7ou no Centro de BH e terminou na Cidade Administrativa<\/h2>\n\n\n\n<p>Agentes das for\u00e7as de seguran\u00e7a de Minas Gerais fizeram nesta quarta-feira (9) a terceira manifesta\u00e7\u00e3o para exigir recomposi\u00e7\u00e3o salarial. O protesto, que tomou v\u00e1rias ruas de Belo Horizonte, durou aproximadamente 9 horas.<\/p>\n\n\n\n<p>O ato teve in\u00edcio \u00e0s 9h na Pra\u00e7a da Esta\u00e7\u00e3o, na regi\u00e3o Central do munic\u00edpio, e foi encerrado pouco antes das 18h, na Cidade Administrativa, sede do Governo de Minas.<\/p>\n\n\n\n<p>No per\u00edodo, os manifestantes percorreram os principais pontos da capital, como a Pra\u00e7a Sete e Pra\u00e7a da Liberdade. Depois, sa\u00edram em\u00a0<strong>comboio at\u00e9 a Cidade Administrativa<\/strong>.<\/p>\n\n\n\n<p>A estimativa dos organizadores \u00e9 de que\u00a0<strong>cerca de 50 mil pessoas participaram do ato<\/strong>. Durante o protesto, bombas foram estouradas e vias ficaram interditadas.<\/p>\n\n\n\n<p>A categoria deve discutir os pr\u00f3ximos rumos que devem ser adotados.&nbsp;<\/p>\n\n\n\n<h2 class=\"wp-block-heading\">Greve<\/h2>\n\n\n\n<p>Os agentes est\u00e3o em greve desde 22 de fevereiro. Eles\u00a0<strong>cobram do governador a recomposi\u00e7\u00e3o salarial das for\u00e7as de seguran\u00e7a<\/strong>\u00a0e exigem que Romeu Zema (Novo) cumpra um acordo realizado em 2019, que previa reajuste progressivo de 2020 a 2022.<\/p>\n\n\n\n<p>O primeiro aumento, de 13%, foi pago em 2020, por\u00e9m ainda naquele ano, o governador vetou os outros dois pagamentos de 12%. Em fun\u00e7\u00e3o disso, as for\u00e7as de seguran\u00e7a cobram as duas parcelas de 12% remanescentes do acordo de recomposi\u00e7\u00e3o inflacion\u00e1ria.&nbsp;<\/p>\n\n\n\n<p>A manifesta\u00e7\u00e3o desta ter\u00e7a-feira \u00e9 a terceira realizada pela categoria, que est\u00e1 trabalhando com expediente m\u00ednimo de 30%.&nbsp;<\/p>\n\n\n\n<h2 class=\"wp-block-heading\">Aumento salarial<\/h2>\n\n\n\n<p>Na \u00faltima quinta-feira (3), a secret\u00e1ria de Estado de Planejamento e Gest\u00e3o, Lu\u00edsa Barreto, recebeu as lideran\u00e7as sindicais na Cidade Administrativa, mas n\u00e3o houve qualquer avan\u00e7o nas tratativas. O governo de Minas argumenta que a recomposi\u00e7\u00e3o de 10,06% proposta ao funcionalismo o p\u00fablico est\u00e1 dentro do limite prudencial de gastos com pessoal conforme a Lei de Responsabilidade Fiscal.<\/p>\n\n\n\n<p>Fonte: otempo.com.br<\/p>\n","protected":false},"excerpt":{"rendered":"<p>Ato dos agentes das for\u00e7as de seguran\u00e7a come\u00e7ou no Centro de BH e terminou na Cidade Administrativa Agentes das for\u00e7as de seguran\u00e7a de Minas Gerais fizeram nesta quarta-feira (9) a terceira manifesta\u00e7\u00e3o para exigir recomposi\u00e7\u00e3o salarial. O protesto, que tomou v\u00e1rias ruas de Belo Horizonte, durou aproximadamente 9 horas. O ato teve in\u00edcio \u00e0s 9h na Pra\u00e7a da Esta\u00e7\u00e3o, na [&hellip;]<\/p>\n","protected":false},"author":1,"featured_media":7270,"comment_status":"closed","ping_status":"","sticky":false,"template":"","format":"standard","meta":{"footnotes":""},"categories":[3],"tags":[],"class_list":["post-7269","post","type-post","status-publish","format-standard","has-post-thumbnail","hentry","category-noticias"],"_links":{"self":[{"href":"https:\/\/portalpraties.com.br\/site\/wp-json\/wp\/v2\/posts\/7269","targetHints":{"allow":["GET"]}}],"collection":[{"href":"https:\/\/portalpraties.com.br\/site\/wp-json\/wp\/v2\/posts"}],"about":[{"href":"https:\/\/portalpraties.com.br\/site\/wp-json\/wp\/v2\/types\/post"}],"author":[{"embeddable":true,"href":"https:\/\/portalpraties.com.br\/site\/wp-json\/wp\/v2\/users\/1"}],"replies":[{"embeddable":true,"href":"https:\/\/portalpraties.com.br\/site\/wp-json\/wp\/v2\/comments?post=7269"}],"version-history":[{"count":1,"href":"https:\/\/portalpraties.com.br\/site\/wp-json\/wp\/v2\/posts\/7269\/revisions"}],"predecessor-version":[{"id":7271,"href":"https:\/\/portalpraties.com.br\/site\/wp-json\/wp\/v2\/posts\/7269\/revisions\/7271"}],"wp:featuredmedia":[{"embeddable":true,"href":"https:\/\/portalpraties.com.br\/site\/wp-json\/wp\/v2\/media\/7270"}],"wp:attachment":[{"href":"https:\/\/portalpraties.com.br\/site\/wp-json\/wp\/v2\/media?parent=7269"}],"wp:term":[{"taxonomy":"category","embeddable":true,"href":"https:\/\/portalpraties.com.br\/site\/wp-json\/wp\/v2\/categories?post=7269"},{"taxonomy":"post_tag","embeddable":true,"href":"https:\/\/portalpraties.com.br\/site\/wp-json\/wp\/v2\/tags?post=7269"}],"curies":[{"name":"wp","href":"https:\/\/api.w.org\/{rel}","templated":true}]}}