{"id":7664,"date":"2022-03-23T21:32:36","date_gmt":"2022-03-23T21:32:36","guid":{"rendered":"http:\/\/portalpraties.com.br\/site\/?p=7664"},"modified":"2022-03-23T21:32:36","modified_gmt":"2022-03-23T21:32:36","slug":"queimadas-e-o-impacto-na-qualidade-do-ar-no-brasil","status":"publish","type":"post","link":"https:\/\/portalpraties.com.br\/site\/2022\/03\/23\/queimadas-e-o-impacto-na-qualidade-do-ar-no-brasil\/","title":{"rendered":"Queimadas e o impacto na qualidade do ar no Brasil"},"content":{"rendered":"\n<p>N\u00e3o \u00e9 novidade pra ningu\u00e9m que o ano de&nbsp;<em>2020<\/em>&nbsp;est\u00e1 se configurando como um novo per\u00edodo destrutivo para as florestas no Brasil. As queimadas est\u00e3o afetando diretamente a produtividade das safras, gerando impactos ambientais e econ\u00f4micos. Quando desmatada, a floresta manda menos umidade para as planta\u00e7\u00f5es ocasionando menos chuvas e mais calor, o que acaba impactado tamb\u00e9m na qualidade do ar.<\/p>\n\n\n\n<p>O desmatamento no primeiro semestre de 2020 aumentou 25% em rela\u00e7\u00e3o ao mesmo per\u00edodo no ano passado. Em abril de 2020, as \u00e1reas desmatadas e n\u00e3o queimadas em 2019 somadas \u00e0s rec\u00e9m-desmatadas j\u00e1 totalizavam 4.509&nbsp;quil\u00f4metros quadrados&nbsp;na Amaz\u00f4nia \u2013 aproximadamente o tamanho de 451.000 campos de futebol (a \u00e1rea queimada total em 2019 foi de 5.500&nbsp;quil\u00f4metros quadrados).<\/p>\n\n\n\n<p>Em junho de 2020 registrou quase 20% mais focos de calor que junho de 2019, e julho teve um aumento de 28% em rela\u00e7\u00e3o ao mesmo m\u00eas do ano anterior. Uma an\u00e1lise recente do IPAM mostra que a maioria dos estados com altas taxas de desmatamento (Par\u00e1, Mato Grosso, Amazonas e Rond\u00f4nia) teve ainda mais queimadas no primeiro semestre de 2020, em compara\u00e7\u00e3o com o mesmo per\u00edodo de 2019.<\/p>\n\n\n\n<p>Outra regi\u00e3o que est\u00e1 sofrendo com as queimadas \u00e9 o Pantanal. Em apenas oito meses de 2020, o Pantanal registrou o equivalente \u00e0s queimadas sofridas nos \u00faltimos seis anos. Os n\u00fameros s\u00e3o assustadores: entre janeiro e agosto, 10.153 focos foram identificados no bioma, n\u00famero que supera a soma dos focos registrados entre 2014 e 2019 (10.048). O dado foi destacado a partir de informa\u00e7\u00f5es do INPE.<\/p>\n\n\n\n<p>Somente em setembro, o Inpe registrou 4.611 focos de inc\u00eandio no Pantanal. Ao comparar setembro deste ano com o mesmo per\u00edodo do ano passado, at\u00e9 13 de setembro de 2019 foram registrados 1.534, enquanto em 2020 o total \u00e9 4.611 \u2013 o aumento \u00e9 de 200%, o que representa mais de 3 vezes o total atual.&nbsp;<\/p>\n\n\n\n<h4 class=\"wp-block-heading\">Queimadas e o impacto na qualidade do ar<\/h4>\n\n\n\n<figure class=\"wp-block-image\"><img decoding=\"async\" src=\"https:\/\/sicflux.com.br\/blog\/wp-content\/uploads\/2020\/09\/Links02-1.jpg\" alt=\"Queimadas e o impacto na qualidade do ar\" class=\"wp-image-892\"\/><figcaption>Queimadas e o impacto na qualidade do ar no Brasil<\/figcaption><\/figure>\n\n\n\n<p>As consequ\u00eancias da destrui\u00e7\u00e3o da Amaz\u00f4nia brasileira se estendem muito al\u00e9m do Brasil. As florestas s\u00e3o \u00e1reas naturais de armazenamento de carbono que absorvem di\u00f3xido de carbono da atmosfera ao longo do tempo, que \u00e9 um dos principais gases de efeito estufa que causam as mudan\u00e7as clim\u00e1ticas.<\/p>\n\n\n\n<p>Nesse sentido, a Amaz\u00f4nia desempenha um papel \u00fanico no combate \u00e0s mudan\u00e7as clim\u00e1ticas, armazenando cerca de 100 bilh\u00f5es de toneladas de carbono \u2013 o equivalente a dez anos de emiss\u00f5es globais de gases de efeito estufa \u2013 e removendo cerca de 600 milh\u00f5es de toneladas da atmosfera a cada ano.<\/p>\n\n\n\n<p>As queimadas produzem uma mistura de poluentes t\u00f3xicos que podem permanecer no ar por semanas. Estes poluentes incluem mon\u00f3xido de carbono, di\u00f3xido de nitrog\u00eanio, carbono negro, carbono marrom e precursores de oz\u00f4nio, entre outros.<\/p>\n\n\n\n<p>Existem tr\u00eas vari\u00e1veis principais que podem amplificar a extens\u00e3o e intensidade das queimadas na&nbsp;regi\u00e3o amaz\u00f4nica:<\/p>\n\n\n\n<p>\u2022&nbsp;<strong>Fontes de igni\u00e7\u00e3o:<\/strong>&nbsp;as queimadas s\u00e3o esmagadoramente provocadas de forma intencional por pessoas, sendo as queimadas ilegais possibilitadas por uma fiscaliza\u00e7\u00e3o ambiental ineficaz.<\/p>\n\n\n\n<p>\u2022&nbsp;<strong>Material combust\u00edvel:<\/strong>&nbsp;a vegeta\u00e7\u00e3o morta do desmatamento, deixada para secar no solo da floresta, serve de combust\u00edvel para queimadas.<\/p>\n\n\n\n<p>\u2022&nbsp;<strong>Condi\u00e7\u00f5es clim\u00e1ticas:<\/strong>&nbsp;o tempo excepcionalmente quente e seco na floresta tropical pode permitir que o fogo se espalhe rapidamente, ampliando seu potencial destrutivo durante os anos de seca.<\/p>\n\n\n\n<h4 class=\"wp-block-heading\">Impactos das queimadas na sa\u00fade<\/h4>\n\n\n\n<figure class=\"wp-block-image\"><img decoding=\"async\" src=\"https:\/\/sicflux.com.br\/blog\/wp-content\/uploads\/2020\/09\/Links03-1.jpg\" alt=\"Queimadas e o impacto na qualidade do ar\" class=\"wp-image-893\"\/><\/figure>\n\n\n\n<p>O impacto das queimadas na sa\u00fade p\u00fablica \u00e9 maior para os povos ind\u00edgenas da Amaz\u00f4nia. A destrui\u00e7\u00e3o do meio ambiente afeta sua sa\u00fade e tamb\u00e9m sua subsist\u00eancia. O desmatamento e os inc\u00eandios florestais subsequentes geralmente ocorrem nos territ\u00f3rios ind\u00edgenas ou pr\u00f3ximo deles, \u00e0s vezes danificando planta\u00e7\u00f5es e afetando o acesso humano a alimentos, plantas medicinais e ca\u00e7a.<\/p>\n\n\n\n<p>A fuma\u00e7a \u00e9 rica em material particulado fino, um poluente ligado a doen\u00e7as respirat\u00f3rias e cardiovasculares, bem como morte prematura.<\/p>\n\n\n\n<p>A principal amea\u00e7a \u00e0 sa\u00fade p\u00fablica, entretanto, \u00e9 o material particulado menor que 2,5 micr\u00f4metros de di\u00e2metro, conhecido como PM 2,5 \u2013 um dos principais componentes da fuma\u00e7a. Quando inalado, o PM 2,5 penetra facilmente no pulm\u00e3o e entra na corrente sangu\u00ednea, permanecendo no corpo por meses ap\u00f3s a exposi\u00e7\u00e3o.<\/p>\n\n\n\n<p>De acordo com a Organiza\u00e7\u00e3o Mundial da Sa\u00fade (OMS), a exposi\u00e7\u00e3o \u00e0 fuma\u00e7a e cinzas produzidas pelas queimadas pode causar:<br>\u2013 Irrita\u00e7\u00e3o nos olhos, nariz, garganta e pulm\u00f5es;<br>\u2013 Redu\u00e7\u00e3o da fun\u00e7\u00e3o pulmonar, incluindo tosse e sibilo;<br>\u2013 Inflama\u00e7\u00e3o pulmonar, bronquite, agravamento de asma e outras doen\u00e7as pulmonares; e<br>\u2013 Exacerba\u00e7\u00e3o de doen\u00e7as cardiovasculares, como insufici\u00eancia card\u00edaca.<\/p>\n\n\n\n<p>Crian\u00e7as, pessoas idosas, gestantes e pessoas com doen\u00e7as respirat\u00f3rias ou card\u00edacas preexistentes s\u00e3o mais suscet\u00edveis aos efeitos na sa\u00fade associados \u00e0s queimadas.<br>Em longo prazo, a exposi\u00e7\u00e3o \u00e0 polui\u00e7\u00e3o do ar tamb\u00e9m tem sido associada a doen\u00e7as cr\u00f4nicas e morte prematura. Para se ter uma ideia, em todo o mundo, a polui\u00e7\u00e3o do ar devido \u00e0 queima de florestas e outras vegeta\u00e7\u00f5es pode causar at\u00e9 435.000 mortes prematuras a cada ano.<\/p>\n\n\n\n<h4 class=\"wp-block-heading\">Monitoramento da qualidade do ar<\/h4>\n\n\n\n<figure class=\"wp-block-image\"><img decoding=\"async\" src=\"https:\/\/sicflux.com.br\/blog\/wp-content\/uploads\/2020\/09\/Links04.jpg\" alt=\"Monitoramento da qualidade do ar\" class=\"wp-image-894\"\/><\/figure>\n\n\n\n<p>H\u00e1 tr\u00eas d\u00e9cadas, o Conselho Nacional do Meio Ambiente (CONAMA) \u2013 \u00f3rg\u00e3o consultivo e deliberativo que re\u00fane representantes de diferentes esferas do governo, sociedade civil e setor empresarial \u2013 editou uma resolu\u00e7\u00e3o que previa uma rede de monitoramento da qualidade do ar no Brasil. Esta rede, contudo, ainda n\u00e3o foi implementada adequadamente.<\/p>\n\n\n\n<p>Doze dos 27 estados brasileiros realizam algum tipo de monitoramento da qualidade do ar, embora nenhum deles esteja localizado na regi\u00e3o amaz\u00f4nica, segundo&nbsp;informou&nbsp;o Minist\u00e9rio do Meio Ambiente \u00e0 Human Rights Watch em resposta a um pedido pela Lei de Acesso \u00e0 Informa\u00e7\u00e3o. Muitas das esta\u00e7\u00f5es de monitoramento medem apenas um pequeno n\u00famero de poluentes que s\u00e3o prejudiciais \u00e0 sa\u00fade humana, de acordo com um relat\u00f3rio de uma organiza\u00e7\u00e3o de pesquisa em sa\u00fade, com base em dados coletados em parceria com o Minist\u00e9rio P\u00fablico Federal.<\/p>\n\n\n\n<p>O cen\u00e1rio atual nos mostra cada vez mais a necessidade de tomarmos atitudes urgentes que visem melhorar a qualidade do ar. O que voc\u00ea tem feito para melhorar a&nbsp;<a href=\"https:\/\/sicflux.com.br\/blog\/importancia-da-qualidade-do-ar-em-ambientes-internos\/\">qualidade do ar no seu ambiente<\/a>?<\/p>\n\n\n\n<p>Pequenas a\u00e7\u00f5es podem contribuir para a renova\u00e7\u00e3o e&nbsp;qualidade do ar&nbsp;em ambientes internos. A Sicflux conta com uma equipe qualificada&nbsp;para entregar as melhores propostas para renovar e manter a boa&nbsp;qualidade do ar&nbsp;em ambientes internos, garantindo&nbsp;conforto t\u00e9rmico&nbsp;e sa\u00fade para todos os ocupantes.<\/p>\n\n\n\n<p><\/p>\n\n\n\n<p>Fonte: scflux.com.br<\/p>\n\n\n\n<p>Refer\u00eancias:\u00a0climainfo.org.br    www.hrw.org\/pt<\/p>\n","protected":false},"excerpt":{"rendered":"<p>N\u00e3o \u00e9 novidade pra ningu\u00e9m que o ano de&nbsp;2020&nbsp;est\u00e1 se configurando como um novo per\u00edodo destrutivo para as florestas no Brasil. As queimadas est\u00e3o afetando diretamente a produtividade das safras, gerando impactos ambientais e econ\u00f4micos. Quando desmatada, a floresta manda menos umidade para as planta\u00e7\u00f5es ocasionando menos chuvas e mais calor, o que acaba impactado tamb\u00e9m na qualidade do ar. [&hellip;]<\/p>\n","protected":false},"author":1,"featured_media":7665,"comment_status":"closed","ping_status":"","sticky":false,"template":"","format":"standard","meta":{"footnotes":""},"categories":[3],"tags":[],"class_list":["post-7664","post","type-post","status-publish","format-standard","has-post-thumbnail","hentry","category-noticias"],"_links":{"self":[{"href":"https:\/\/portalpraties.com.br\/site\/wp-json\/wp\/v2\/posts\/7664","targetHints":{"allow":["GET"]}}],"collection":[{"href":"https:\/\/portalpraties.com.br\/site\/wp-json\/wp\/v2\/posts"}],"about":[{"href":"https:\/\/portalpraties.com.br\/site\/wp-json\/wp\/v2\/types\/post"}],"author":[{"embeddable":true,"href":"https:\/\/portalpraties.com.br\/site\/wp-json\/wp\/v2\/users\/1"}],"replies":[{"embeddable":true,"href":"https:\/\/portalpraties.com.br\/site\/wp-json\/wp\/v2\/comments?post=7664"}],"version-history":[{"count":1,"href":"https:\/\/portalpraties.com.br\/site\/wp-json\/wp\/v2\/posts\/7664\/revisions"}],"predecessor-version":[{"id":7666,"href":"https:\/\/portalpraties.com.br\/site\/wp-json\/wp\/v2\/posts\/7664\/revisions\/7666"}],"wp:featuredmedia":[{"embeddable":true,"href":"https:\/\/portalpraties.com.br\/site\/wp-json\/wp\/v2\/media\/7665"}],"wp:attachment":[{"href":"https:\/\/portalpraties.com.br\/site\/wp-json\/wp\/v2\/media?parent=7664"}],"wp:term":[{"taxonomy":"category","embeddable":true,"href":"https:\/\/portalpraties.com.br\/site\/wp-json\/wp\/v2\/categories?post=7664"},{"taxonomy":"post_tag","embeddable":true,"href":"https:\/\/portalpraties.com.br\/site\/wp-json\/wp\/v2\/tags?post=7664"}],"curies":[{"name":"wp","href":"https:\/\/api.w.org\/{rel}","templated":true}]}}