{"id":7680,"date":"2022-03-29T13:25:46","date_gmt":"2022-03-29T13:25:46","guid":{"rendered":"http:\/\/portalpraties.com.br\/site\/?p=7680"},"modified":"2022-03-29T13:25:46","modified_gmt":"2022-03-29T13:25:46","slug":"aos-monitores-da-rede-municipal-de-educacao-infantil-foi-proporcionado-uma-formacao-com-as-assistentes-sociais-e-psicologos-que-compoem-a-mesma-rede","status":"publish","type":"post","link":"https:\/\/portalpraties.com.br\/site\/2022\/03\/29\/aos-monitores-da-rede-municipal-de-educacao-infantil-foi-proporcionado-uma-formacao-com-as-assistentes-sociais-e-psicologos-que-compoem-a-mesma-rede\/","title":{"rendered":"Aos monitores da Rede Municipal de Educa\u00e7\u00e3o Infantil foi proporcionado uma forma\u00e7\u00e3o com as Assistentes Sociais e Psic\u00f3logos que comp\u00f5em a mesma rede"},"content":{"rendered":"\n<p>\u00a0A noite de ontem foi de partilhas, trocas, aprendizado e fortalecimento.<\/p>\n\n\n\n<p>Aos monitores da Rede Municipal de Educa\u00e7\u00e3o Infantil foi proporcionado uma forma\u00e7\u00e3o com as Assistentes Sociais e Psic\u00f3logos que comp\u00f5em a mesma rede, sendo pensado em conjunto com a Supervis\u00e3o Pedag\u00f3gica.<\/p>\n\n\n\n<p>Dentre o acolhimento que possibilita a troca de viv\u00eancias e desafios no cotidiano de trabalho, foi apresentado os comportamentos apresentados no desenvolvimento infantil (de acordo com os marcos do desenvolvimento) o que \u00e9 esperado para cada faixa et\u00e1ria e que pode servir como sinal de alerta, bem como algumas informa\u00e7\u00f5es que ajudam a identificar viol\u00eancias em suas m\u00faltiplas formas.<\/p>\n\n\n\n<p> Foram elencados alguns artigos do Estatuto da Crian\u00e7a e Adolescente, abrangendo o princ\u00edpio da Prote\u00e7\u00e3o Integral e nossa responsabilidade da garantia de direitos frente \u00e0s realidades impostas,\u00a0 enquanto representantes do Estado, por ocuparmos cargos em uma institui\u00e7\u00e3o p\u00fablica de ensino.<\/p>\n\n\n\n<p>Entendemos que as ferramentas disponibilizadas, refletir\u00e3o positivamente na pr\u00e1tica dos profissionais envolvidos.<\/p>\n\n\n\n<p>Uma noite enriquecedora!<\/p>\n\n\n\n<p>S\u00e3o Domingos do Prata\u00a0De bra\u00e7os abertos para voc\u00ea!<\/p>\n","protected":false},"excerpt":{"rendered":"<p>\u00a0A noite de ontem foi de partilhas, trocas, aprendizado e fortalecimento. Aos monitores da Rede Municipal de Educa\u00e7\u00e3o Infantil foi proporcionado uma forma\u00e7\u00e3o com as Assistentes Sociais e Psic\u00f3logos que comp\u00f5em a mesma rede, sendo pensado em conjunto com a Supervis\u00e3o Pedag\u00f3gica. Dentre o acolhimento que possibilita a troca de viv\u00eancias e desafios no cotidiano de trabalho, foi apresentado os [&hellip;]<\/p>\n","protected":false},"author":1,"featured_media":7681,"comment_status":"closed","ping_status":"","sticky":false,"template":"","format":"standard","meta":{"footnotes":""},"categories":[3],"tags":[],"class_list":["post-7680","post","type-post","status-publish","format-standard","has-post-thumbnail","hentry","category-noticias"],"_links":{"self":[{"href":"https:\/\/portalpraties.com.br\/site\/wp-json\/wp\/v2\/posts\/7680","targetHints":{"allow":["GET"]}}],"collection":[{"href":"https:\/\/portalpraties.com.br\/site\/wp-json\/wp\/v2\/posts"}],"about":[{"href":"https:\/\/portalpraties.com.br\/site\/wp-json\/wp\/v2\/types\/post"}],"author":[{"embeddable":true,"href":"https:\/\/portalpraties.com.br\/site\/wp-json\/wp\/v2\/users\/1"}],"replies":[{"embeddable":true,"href":"https:\/\/portalpraties.com.br\/site\/wp-json\/wp\/v2\/comments?post=7680"}],"version-history":[{"count":1,"href":"https:\/\/portalpraties.com.br\/site\/wp-json\/wp\/v2\/posts\/7680\/revisions"}],"predecessor-version":[{"id":7682,"href":"https:\/\/portalpraties.com.br\/site\/wp-json\/wp\/v2\/posts\/7680\/revisions\/7682"}],"wp:featuredmedia":[{"embeddable":true,"href":"https:\/\/portalpraties.com.br\/site\/wp-json\/wp\/v2\/media\/7681"}],"wp:attachment":[{"href":"https:\/\/portalpraties.com.br\/site\/wp-json\/wp\/v2\/media?parent=7680"}],"wp:term":[{"taxonomy":"category","embeddable":true,"href":"https:\/\/portalpraties.com.br\/site\/wp-json\/wp\/v2\/categories?post=7680"},{"taxonomy":"post_tag","embeddable":true,"href":"https:\/\/portalpraties.com.br\/site\/wp-json\/wp\/v2\/tags?post=7680"}],"curies":[{"name":"wp","href":"https:\/\/api.w.org\/{rel}","templated":true}]}}