{"id":7774,"date":"2022-04-02T19:05:24","date_gmt":"2022-04-02T19:05:24","guid":{"rendered":"http:\/\/portalpraties.com.br\/site\/?p=7774"},"modified":"2022-04-02T19:05:24","modified_gmt":"2022-04-02T19:05:24","slug":"dia-mundial-de-conscientizacao-do-autismo","status":"publish","type":"post","link":"https:\/\/portalpraties.com.br\/site\/2022\/04\/02\/dia-mundial-de-conscientizacao-do-autismo\/","title":{"rendered":"Dia Mundial de Conscientiza\u00e7\u00e3o do Autismo"},"content":{"rendered":"\n<p>RESPEITO \u00e9 a palavra chave<br>AUTISMO N\u00c3O \u00c9 DOEN\u00c7A<br>TODOS TEM DIREITOS DE IGUALDADE, CONSIDERA\u00c7\u00c3O<br>O Dia Mundial de Conscientiza\u00e7\u00e3o do Autismo \u00e9 comemorado em 2 de abril e \u00e9 uma excelente oportunidade para se conhecer mais a respeito do Transtorno do Espectro Autista (TEA) ou autismo, como \u00e9 conhecido popularmente.<\/p>\n\n\n\n<p> O TEA \u00e9 bastante complexo e os indiv\u00edduos n\u00e3o apresentam um quadro-padr\u00e3o de desenvolvimento, sendo poss\u00edvel observar diferentes manifesta\u00e7\u00f5es.<br>De maneira geral, as pessoas com TEA apresentam dificuldade de intera\u00e7\u00e3o social e interesses restritos ou repetitivos. Vale salientar que algumas pessoas podem ter o TEA e desenvolver-se de maneira totalmente independente; outras, no entanto, podem necessitar de aten\u00e7\u00e3o para a realiza\u00e7\u00e3o de atividades por toda a sua vida. <\/p>\n\n\n\n<p>Apesar de n\u00e3o haver cura, terapias s\u00e3o fundamentais para o desenvolvimento do indiv\u00edduo e sua maior independ\u00eancia.<\/p>\n","protected":false},"excerpt":{"rendered":"<p>RESPEITO \u00e9 a palavra chaveAUTISMO N\u00c3O \u00c9 DOEN\u00c7ATODOS TEM DIREITOS DE IGUALDADE, CONSIDERA\u00c7\u00c3OO Dia Mundial de Conscientiza\u00e7\u00e3o do Autismo \u00e9 comemorado em 2 de abril e \u00e9 uma excelente oportunidade para se conhecer mais a respeito do Transtorno do Espectro Autista (TEA) ou autismo, como \u00e9 conhecido popularmente. O TEA \u00e9 bastante complexo e os indiv\u00edduos n\u00e3o apresentam um quadro-padr\u00e3o [&hellip;]<\/p>\n","protected":false},"author":1,"featured_media":7775,"comment_status":"closed","ping_status":"","sticky":false,"template":"","format":"standard","meta":{"footnotes":""},"categories":[3],"tags":[],"class_list":["post-7774","post","type-post","status-publish","format-standard","has-post-thumbnail","hentry","category-noticias"],"_links":{"self":[{"href":"https:\/\/portalpraties.com.br\/site\/wp-json\/wp\/v2\/posts\/7774","targetHints":{"allow":["GET"]}}],"collection":[{"href":"https:\/\/portalpraties.com.br\/site\/wp-json\/wp\/v2\/posts"}],"about":[{"href":"https:\/\/portalpraties.com.br\/site\/wp-json\/wp\/v2\/types\/post"}],"author":[{"embeddable":true,"href":"https:\/\/portalpraties.com.br\/site\/wp-json\/wp\/v2\/users\/1"}],"replies":[{"embeddable":true,"href":"https:\/\/portalpraties.com.br\/site\/wp-json\/wp\/v2\/comments?post=7774"}],"version-history":[{"count":1,"href":"https:\/\/portalpraties.com.br\/site\/wp-json\/wp\/v2\/posts\/7774\/revisions"}],"predecessor-version":[{"id":7776,"href":"https:\/\/portalpraties.com.br\/site\/wp-json\/wp\/v2\/posts\/7774\/revisions\/7776"}],"wp:featuredmedia":[{"embeddable":true,"href":"https:\/\/portalpraties.com.br\/site\/wp-json\/wp\/v2\/media\/7775"}],"wp:attachment":[{"href":"https:\/\/portalpraties.com.br\/site\/wp-json\/wp\/v2\/media?parent=7774"}],"wp:term":[{"taxonomy":"category","embeddable":true,"href":"https:\/\/portalpraties.com.br\/site\/wp-json\/wp\/v2\/categories?post=7774"},{"taxonomy":"post_tag","embeddable":true,"href":"https:\/\/portalpraties.com.br\/site\/wp-json\/wp\/v2\/tags?post=7774"}],"curies":[{"name":"wp","href":"https:\/\/api.w.org\/{rel}","templated":true}]}}