{"id":7929,"date":"2022-04-14T13:37:30","date_gmt":"2022-04-14T13:37:30","guid":{"rendered":"https:\/\/portalpraties.com.br\/site\/?p=7929"},"modified":"2022-04-14T13:37:30","modified_gmt":"2022-04-14T13:37:30","slug":"professores-da-rede-publica-de-mg-anunciaram-fim-da-greve","status":"publish","type":"post","link":"https:\/\/portalpraties.com.br\/site\/2022\/04\/14\/professores-da-rede-publica-de-mg-anunciaram-fim-da-greve\/","title":{"rendered":"Professores da rede p\u00fablica de MG anunciaram fim da greve"},"content":{"rendered":"\n<p>Os servidores da Rede de Educa\u00e7\u00e3o Estadual de Minas Gerais anunciaram, nesta ter\u00e7a-feira (12), que a greve da categoria ser\u00e1 suspensa na pr\u00f3xima segunda-feira (18).<\/p>\n\n\n\n<p>A decis\u00e3o foi tomada ap\u00f3s os\u00a0<strong>deputados da ALMG (Assembleia Legislativa de Minas Gerais) derrubarem o veto do governador Romeu Zema<\/strong>\u00a0(Novo) ao reajuste extra para os funcion\u00e1rios.<\/p>\n\n\n\n<p>Os profissionais est\u00e3o de bra\u00e7os cruzados desde o dia 9 de mar\u00e7o e cobram o pagamento do piso salarial nacional.<\/p>\n\n\n\n<p>Mesmo com o an\u00fancio do fim da paralisa\u00e7\u00e3o, a categoria permanece em estado de greve, ou seja,&nbsp;pode retomar o movimento a qualquer momento. &#8220;Nesse per\u00edodo agora n\u00f3s vamos dar uma oportunidade ao Governo de Minas de compreender a legisla\u00e7\u00e3o do estado e cumprir o que foi aprovado aqui na Assembleia Legislativa&#8221;, afirmou a&nbsp;coordenadora-geral do Sind-UTE\/MG (Sindicato \u00danico dos Trabalhadores em Educa\u00e7\u00e3o de Minas Gerais), Denise Romano.<\/p>\n\n\n\n<p>Agora, o sindicato dos trabalhadores vai encaminhar um documento ao governo do estado. &#8220;Caso o governador, no prazo de 48 horas, n\u00e3o fa\u00e7a a homologa\u00e7\u00e3o, n\u00f3s temos o compromisso da Assembleia Legislativa de que far\u00e1 a homologa\u00e7\u00e3o. A partir da homologa\u00e7\u00e3o, a legisla\u00e7\u00e3o estar\u00e1 em vigor e ter\u00e1 que ser cumprida pelo estado&#8221;, explica Denise Romano.<\/p>\n\n\n\n<p>O projeto aprovado pela ALMG traz o aumento proposto pelo governo de 10,06% para todos os funcion\u00e1rios p\u00fablicos, mas prev\u00ea ainda percentuais adicionais a servidores das \u00e1reas de Seguran\u00e7a P\u00fablica (14%), Educa\u00e7\u00e3o (33,24%) e Sa\u00fade (14%), bem como aux\u00edlio social concedido \u00e0s for\u00e7as de seguran\u00e7a. Essas emendas foram vetadas por Zema no \u00faltimo dia 4, com a justificativa de que o estado n\u00e3o teria recursos para pag\u00e1-los.<\/p>\n\n\n\n<p>Fonte: noticias.r7.com<\/p>\n","protected":false},"excerpt":{"rendered":"<p>Os servidores da Rede de Educa\u00e7\u00e3o Estadual de Minas Gerais anunciaram, nesta ter\u00e7a-feira (12), que a greve da categoria ser\u00e1 suspensa na pr\u00f3xima segunda-feira (18). A decis\u00e3o foi tomada ap\u00f3s os\u00a0deputados da ALMG (Assembleia Legislativa de Minas Gerais) derrubarem o veto do governador Romeu Zema\u00a0(Novo) ao reajuste extra para os funcion\u00e1rios. Os profissionais est\u00e3o de bra\u00e7os cruzados desde o dia [&hellip;]<\/p>\n","protected":false},"author":1,"featured_media":7930,"comment_status":"closed","ping_status":"","sticky":false,"template":"","format":"standard","meta":{"footnotes":""},"categories":[3],"tags":[],"class_list":["post-7929","post","type-post","status-publish","format-standard","has-post-thumbnail","hentry","category-noticias"],"_links":{"self":[{"href":"https:\/\/portalpraties.com.br\/site\/wp-json\/wp\/v2\/posts\/7929","targetHints":{"allow":["GET"]}}],"collection":[{"href":"https:\/\/portalpraties.com.br\/site\/wp-json\/wp\/v2\/posts"}],"about":[{"href":"https:\/\/portalpraties.com.br\/site\/wp-json\/wp\/v2\/types\/post"}],"author":[{"embeddable":true,"href":"https:\/\/portalpraties.com.br\/site\/wp-json\/wp\/v2\/users\/1"}],"replies":[{"embeddable":true,"href":"https:\/\/portalpraties.com.br\/site\/wp-json\/wp\/v2\/comments?post=7929"}],"version-history":[{"count":1,"href":"https:\/\/portalpraties.com.br\/site\/wp-json\/wp\/v2\/posts\/7929\/revisions"}],"predecessor-version":[{"id":7931,"href":"https:\/\/portalpraties.com.br\/site\/wp-json\/wp\/v2\/posts\/7929\/revisions\/7931"}],"wp:featuredmedia":[{"embeddable":true,"href":"https:\/\/portalpraties.com.br\/site\/wp-json\/wp\/v2\/media\/7930"}],"wp:attachment":[{"href":"https:\/\/portalpraties.com.br\/site\/wp-json\/wp\/v2\/media?parent=7929"}],"wp:term":[{"taxonomy":"category","embeddable":true,"href":"https:\/\/portalpraties.com.br\/site\/wp-json\/wp\/v2\/categories?post=7929"},{"taxonomy":"post_tag","embeddable":true,"href":"https:\/\/portalpraties.com.br\/site\/wp-json\/wp\/v2\/tags?post=7929"}],"curies":[{"name":"wp","href":"https:\/\/api.w.org\/{rel}","templated":true}]}}