{"id":8892,"date":"2022-05-09T01:28:08","date_gmt":"2022-05-09T01:28:08","guid":{"rendered":"https:\/\/portalpraties.com.br\/site\/?p=8892"},"modified":"2022-05-09T01:28:08","modified_gmt":"2022-05-09T01:28:08","slug":"acidente-entre-onibus-e-carro-deixa-cinco-mortos-e-mais-de-10-feridos-no-es","status":"publish","type":"post","link":"https:\/\/portalpraties.com.br\/site\/2022\/05\/09\/acidente-entre-onibus-e-carro-deixa-cinco-mortos-e-mais-de-10-feridos-no-es\/","title":{"rendered":"Acidente entre \u00f4nibus e carro deixa cinco mortos e mais de 10 feridos no ES"},"content":{"rendered":"\n<h2 class=\"wp-block-heading\">Ve\u00edculos bateram de frente na BR-262, na altura de Ibatiba.<\/h2>\n\n\n\n<p>Um acidente entre um \u00f4nibus da via\u00e7\u00e3o Gontijo e um carro deixou\u00a0cinco pessoas mortas, na madrugada deste s\u00e1bado (7), na BR-262, em\u00a0Ibatiba, no Sul do\u00a0Esp\u00edrito Santo.<\/p>\n\n\n\n<p>Dos cinco mortos, tr\u00eas s\u00e3o pessoas que estavam no \u00f4nibus,&nbsp;incluindo o motorista, identificado como Luciano Macei\u00f3 de Almeida.<\/p>\n\n\n\n<p>Os ocupantes do carro, Roney Augusto Silva, de 45 anos, e Florisvaldo da Silva, de 32,&nbsp;morreram presos \u00e0s ferragens.<\/p>\n\n\n\n<p>Das duas pessoas mortas no coletivo al\u00e9m do motorista Luciano, uma tamb\u00e9m foi identificada. A mineira Andr\u00e9ia Cristina Ven\u00e2ncio, de 47 anos, estava a caminho de\u00a0Manhua\u00e7u, em\u00a0Minas Gerais, onde\u00a0iria participar de um ch\u00e1 de revela\u00e7\u00e3o do neto.<\/p>\n\n\n\n<p>Outras\u00a014 pessoas foram encaminhadas para hospitais. Tr\u00eas delas est\u00e3o em estado grave, em\u00a0Vit\u00f3ria, sendo uma crian\u00e7a e duas idosas.<\/p>\n\n\n\n<figure class=\"wp-block-image\"><img decoding=\"async\" src=\"https:\/\/s2.glbimg.com\/asOmQf9JP4-pDdc4I5Yng_b5MFk=\/0x103:956x754\/984x0\/smart\/filters:strip_icc()\/i.s3.glbimg.com\/v1\/AUTH_59edd422c0c84a879bd37670ae4f538a\/internal_photos\/bs\/2022\/A\/L\/x902dBTXO0SMzFutxUcw\/whatsapp-image-2022-05-07-at-09.24.52.jpeg\" alt=\"Acidente entre \u00f4nibus e carro deixa cinco mortos e mais de 10 feridos  \u2014 Foto: Walter Luiz\"\/><\/figure>\n\n\n\n<p>Acidente entre \u00f4nibus e carro deixa cinco mortos e mais de 10 feridos \u2014 Foto: Walter Luiz<\/p>\n\n\n\n<p>De acordo com funcion\u00e1rios da Gontijo o\u00a0\u00f4nibus com aproximadamente 47 passageiros\u00a0saiu de\u00a0Guarapari\u00a0\u00e0s 19h30 desta sexta-feira (6), com destino a\u00a0Belo Horizonte.<\/p>\n\n\n\n<p>O acidente aconteceu no km 170 da BR-262, quando&nbsp;o coletivo e o carro bateram de frente. Ainda segundo funcion\u00e1rios da via\u00e7\u00e3o, o motorista do carro realizou uma ultrapassagem e, quando j\u00e1 estava \u00e0 frente, rodou na pista e bateu contra o \u00f4nibus.<\/p>\n\n\n\n<p>A pista ficou totalmente interditada durante a madrugada, mas foi\u00a0liberada pela manh\u00e3.<\/p>\n\n\n\n<p><\/p>\n\n\n\n<p>Fonte: g1.globo.com<\/p>\n","protected":false},"excerpt":{"rendered":"<p>Ve\u00edculos bateram de frente na BR-262, na altura de Ibatiba. Um acidente entre um \u00f4nibus da via\u00e7\u00e3o Gontijo e um carro deixou\u00a0cinco pessoas mortas, na madrugada deste s\u00e1bado (7), na BR-262, em\u00a0Ibatiba, no Sul do\u00a0Esp\u00edrito Santo. Dos cinco mortos, tr\u00eas s\u00e3o pessoas que estavam no \u00f4nibus,&nbsp;incluindo o motorista, identificado como Luciano Macei\u00f3 de Almeida. Os ocupantes do carro, Roney Augusto [&hellip;]<\/p>\n","protected":false},"author":1,"featured_media":8893,"comment_status":"closed","ping_status":"","sticky":false,"template":"","format":"standard","meta":{"footnotes":""},"categories":[3],"tags":[],"class_list":["post-8892","post","type-post","status-publish","format-standard","has-post-thumbnail","hentry","category-noticias"],"_links":{"self":[{"href":"https:\/\/portalpraties.com.br\/site\/wp-json\/wp\/v2\/posts\/8892","targetHints":{"allow":["GET"]}}],"collection":[{"href":"https:\/\/portalpraties.com.br\/site\/wp-json\/wp\/v2\/posts"}],"about":[{"href":"https:\/\/portalpraties.com.br\/site\/wp-json\/wp\/v2\/types\/post"}],"author":[{"embeddable":true,"href":"https:\/\/portalpraties.com.br\/site\/wp-json\/wp\/v2\/users\/1"}],"replies":[{"embeddable":true,"href":"https:\/\/portalpraties.com.br\/site\/wp-json\/wp\/v2\/comments?post=8892"}],"version-history":[{"count":1,"href":"https:\/\/portalpraties.com.br\/site\/wp-json\/wp\/v2\/posts\/8892\/revisions"}],"predecessor-version":[{"id":8894,"href":"https:\/\/portalpraties.com.br\/site\/wp-json\/wp\/v2\/posts\/8892\/revisions\/8894"}],"wp:featuredmedia":[{"embeddable":true,"href":"https:\/\/portalpraties.com.br\/site\/wp-json\/wp\/v2\/media\/8893"}],"wp:attachment":[{"href":"https:\/\/portalpraties.com.br\/site\/wp-json\/wp\/v2\/media?parent=8892"}],"wp:term":[{"taxonomy":"category","embeddable":true,"href":"https:\/\/portalpraties.com.br\/site\/wp-json\/wp\/v2\/categories?post=8892"},{"taxonomy":"post_tag","embeddable":true,"href":"https:\/\/portalpraties.com.br\/site\/wp-json\/wp\/v2\/tags?post=8892"}],"curies":[{"name":"wp","href":"https:\/\/api.w.org\/{rel}","templated":true}]}}